{"id":741872,"date":"2024-08-03T11:18:29","date_gmt":"2024-08-03T07:18:29","guid":{"rendered":"https:\/\/arantv.az\/?p=741872"},"modified":"2024-08-03T11:18:29","modified_gmt":"2024-08-03T07:18:29","slug":"cibimizd%c9%99n-cixan-ozumuz%c9%99-qayidir-%c9%99dv-nin-faizi-azaldilsa-qiym%c9%99tl%c9%99r-en%c9%99r-amma","status":"publish","type":"post","link":"https:\/\/arantv.az\/?p=741872","title":{"rendered":"Cibimizd\u0259n \u00e7\u0131xan \u00f6z\u00fcm\u00fcz\u0259 qay\u0131d\u0131r? &#8211; \u018fDV-nin faizi azald\u0131lsa, Q\u0130YM\u018fTL\u018fR EN\u018fR, amma&#8230;"},"content":{"rendered":"<p>VI \u00e7a\u011f\u0131r\u0131\u015f m\u00fcdd\u0259tind\u0259 m\u00fc\u0259yy\u0259n d\u00f6n\u0259ml\u0259rd\u0259 b\u0259zi deputatlar bu fikirl\u0259 \u00e7\u0131x\u0131\u015f etdil\u0259r ki, \u0259lav\u0259 d\u0259y\u0259r vergisinin (\u018fDV) faizi azald\u0131lsa, qiym\u0259tl\u0259r d\u0259 paralel olaraq d\u00fc\u015f\u0259 bil\u0259r. Bu m\u00f6vzu zaman-zaman aktualla\u015fd\u0131, amma perspektivi d\u0259y\u0259rl\u0259ndirilm\u0259di.<\/p>\n<p>B\u0259s reall\u0131q n\u0259 yerd\u0259dir? \u018fDV-nin l\u0259\u011fvi v\u0259 ya faizinin a\u015fa\u011f\u0131 sal\u0131nmas\u0131 qiym\u0259t art\u0131m\u0131n\u0131 \u00f6nl\u0259y\u0259 bil\u0259rmi?<\/p>\n<p><strong>Oxu.Az<\/strong>-\u0131n \u0259m\u0259kda\u015f\u0131 m\u00f6vzu il\u0259 ba\u011fl\u0131 ekspertl\u0259rin fikirl\u0259rini \u00f6yr\u0259nib.<\/p>\n<p>\u0130qtisad\u00e7\u0131-ekspert\u00a0<strong>Eld\u0259niz \u018fmirov<\/strong>\u00a0bildirib ki, m\u0259hsulun son sat\u0131\u015f qiym\u0259tinin formala\u015fmas\u0131nda bir \u00e7ox faktorlar\u0131n rolu var:<\/p>\n<p><img loading=\"lazy\" class=\"inner-photo\" src=\"https:\/\/images.oxu.az\/2024\/08\/02\/qFWfzDwZ0xu10BsXcy1l9ld55bd8zhICKRs06vW7:640.jpg\" alt=\"\" width=\"640\" height=\"428\" \/><\/p>\n<p>&#8220;Bunlardan da biri m\u0259hz \u0259lav\u0259 d\u0259y\u0259r vergisidir. Bu bax\u0131mdan, m\u00fc\u0259yy\u0259n m\u0259hsullar \u00fcz\u0259rind\u0259ki \u0259lav\u0259 d\u0259y\u0259r vergisinin azald\u0131lmas\u0131 v\u0259 yaxud da l\u0259\u011fvi sat\u0131\u015f qiym\u0259tin\u0259 t\u0259sir g\u00f6st\u0259rir. N\u0259z\u0259r\u0259 alaq ki, Az\u0259rbaycanda al\u0131c\u0131l\u0131q qabiliyy\u0259tinin y\u00fcks\u0259ldilm\u0259si \u00fc\u00e7\u00fcn \u0259rzaq m\u0259hsullar\u0131na, o c\u00fcml\u0259d\u0259n d\u0259rman vasit\u0259l\u0259rin\u0259 t\u0259tbiq edil\u0259n \u018fDV-nin azald\u0131lmas\u0131na m\u00fc\u0259yy\u0259n q\u0259d\u0259r ehtiyac var&#8221;.<\/p>\n<p>Ekspertin fikrinc\u0259, \u0259lav\u0259 d\u0259y\u0259r vergisinin n\u0259inki azald\u0131lmas\u0131, h\u0259tta tamamil\u0259 l\u0259\u011fvi bir ne\u00e7\u0259 il sonra qiym\u0259tl\u0259rin yenid\u0259n \u018fDV-li s\u0259viyy\u0259sin\u0259 \u00e7atmaq ehtimal\u0131n\u0131 art\u0131r\u0131r:<\/p>\n<p>&#8220;\u018flav\u0259 d\u0259y\u0259r vergisi, ad\u0131ndan da g\u00f6r\u00fcnd\u00fcy\u00fc kimi, vergi y\u0131\u011f\u0131mlar\u0131n\u0131n art\u0131r\u0131lmas\u0131na t\u00f6hf\u0259 verir. Vergi y\u0131\u011f\u0131mlar\u0131 is\u0259 b\u00fcdc\u0259nin formala\u015fmas\u0131na xidm\u0259t edir. B\u00fcdc\u0259 is\u0259 sonda m\u0259hz insanlar\u0131n, \u0259l\u0259lx\u00fcsus da b\u00fcdc\u0259d\u0259n maliyy\u0259l\u0259\u015f\u0259n t\u0259\u015fkilatlarda \u0259m\u0259khaqq\u0131n\u0131n formala\u015fmas\u0131na, sosial t\u0259minatlar\u0131n icras\u0131na d\u0259st\u0259k olur. Y\u0259ni \u0259lav\u0259 d\u0259y\u0259r vergisinin azald\u0131lmas\u0131, bir t\u0259r\u0259fd\u0259n, qiym\u0259tl\u0259rin endirilm\u0259sin\u0259 xidm\u0259t ets\u0259 d\u0259, dig\u0259r t\u0259r\u0259fd\u0259n, b\u00fcdc\u0259 daxilolmalar\u0131n\u0131n azalmas\u0131na g\u0259tirib \u00e7\u0131xaracaq. Buna g\u00f6r\u0259 d\u0259 \u018fDV-nin azald\u0131lmamas\u0131n\u0131n v\u0259 yaxud da m\u00fc\u0259yy\u0259n m\u0259hsullar \u00fczr\u0259 tamamil\u0259 l\u0259\u011fv edilm\u0259m\u0259sinin t\u0259r\u0259fdar\u0131 olan subyektl\u0259r bu faktoru \u0259sas g\u00f6t\u00fcr\u00fcrl\u0259r&#8221;.<\/p>\n<p>\u0130qtisad\u00e7\u0131-ekspert\u00a0<strong>\u018fkr\u0259m H\u0259s\u0259nov<\/strong>\u00a0is\u0259 vur\u011fulay\u0131b ki, \u018fDV-nin azald\u0131lmas\u0131, ya da l\u0259\u011fv olunmas\u0131 qiym\u0259tl\u0259ri endir\u0259 bil\u0259r:<\/p>\n<p><img loading=\"lazy\" class=\"inner-photo\" src=\"https:\/\/images.oxu.az\/2024\/08\/02\/aBtJEBoqZtamRHyMoAxhVy7L9F7SyS9ECA6jRXvZ:640.webp\" alt=\"\" width=\"640\" height=\"428\" \/><\/p>\n<p>&#8220;\u00c7\u00fcnki \u018fDV qiym\u0259tin t\u0259rkib hiss\u0259sidir. \u018fDV son istehlak\u00e7\u0131dan tutulur. G\u0259lird\u0259n, \u0259mlakdan v\u0259 x\u0259rcd\u0259n tutulan vergil\u0259r m\u00f6vcuddur. \u018fDV is\u0259 x\u0259rcd\u0259n tutulur. \u018fDV olmasa, x\u0259rcimizi azaldacaq. Vergi M\u0259c\u0259ll\u0259sind\u0259 \u018fDV-d\u0259n azad olunan mallar\u0131n siyah\u0131s\u0131 var. M\u0259s\u0259l\u0259n, kitablar \u0259lav\u0259 d\u0259y\u0259r vergisind\u0259n azadd\u0131r.<\/p>\n<p>Ancaq bunu unutmayaq ki, \u018fDV d\u00f6vl\u0259t b\u00fcdc\u0259sinin vergid\u0259n formala\u015fan hiss\u0259sind\u0259 \u0259n \u00e7ox y\u0131\u011f\u0131lan vergidir. \u018fDV-ni toplamaq d\u00f6vl\u0259t \u00fc\u00e7\u00fcn rahatd\u0131r. Bu verginin faizi a\u015fa\u011f\u0131 sal\u0131nsa, toplanan verginin d\u0259 h\u0259cmi azalacaq. Vergi orqan\u0131 da bu m\u0259s\u0259l\u0259d\u0259 maraql\u0131 deyil&#8221;.<\/p>\n","protected":false},"excerpt":{"rendered":"<p>VI \u00e7a\u011f\u0131r\u0131\u015f m\u00fcdd\u0259tind\u0259 m\u00fc\u0259yy\u0259n d\u00f6n\u0259ml\u0259rd\u0259 b\u0259zi deputatlar bu fikirl\u0259 \u00e7\u0131x\u0131\u015f etdil\u0259r ki, \u0259lav\u0259 d\u0259y\u0259r vergisinin (\u018fDV) faizi azald\u0131lsa, qiym\u0259tl\u0259r d\u0259 paralel olaraq d\u00fc\u015f\u0259 bil\u0259r. Bu m\u00f6vzu zaman-zaman aktualla\u015fd\u0131, amma perspektivi d\u0259y\u0259rl\u0259ndirilm\u0259di. B\u0259s reall\u0131q n\u0259 yerd\u0259dir? \u018fDV-nin l\u0259\u011fvi v\u0259 ya faizinin a\u015fa\u011f\u0131 sal\u0131nmas\u0131 qiym\u0259t art\u0131m\u0131n\u0131 \u00f6nl\u0259y\u0259 bil\u0259rmi? Oxu.Az-\u0131n \u0259m\u0259kda\u015f\u0131 m\u00f6vzu il\u0259 ba\u011fl\u0131 ekspertl\u0259rin fikirl\u0259rini \u00f6yr\u0259nib. \u0130qtisad\u00e7\u0131-ekspert\u00a0Eld\u0259niz \u018fmirov\u00a0bildirib ki, m\u0259hsulun son sat\u0131\u015f qiym\u0259tinin formala\u015fmas\u0131nda bir \u00e7ox faktorlar\u0131n rolu var: &#8220;Bunlardan da biri m\u0259hz \u0259lav\u0259 d\u0259y\u0259r vergisidir. Bu bax\u0131mdan, m\u00fc\u0259yy\u0259n m\u0259hsullar \u00fcz\u0259rind\u0259ki \u0259lav\u0259 d\u0259y\u0259r vergisinin azald\u0131lmas\u0131 v\u0259 yaxud da l\u0259\u011fvi sat\u0131\u015f qiym\u0259tin\u0259 t\u0259sir&hellip;<\/p>\n","protected":false},"author":2,"featured_media":741873,"comment_status":"closed","ping_status":"closed","sticky":false,"template":"","format":"standard","meta":{"om_disable_all_campaigns":false,"_monsterinsights_skip_tracking":false,"_monsterinsights_sitenote_active":false,"_monsterinsights_sitenote_note":"","_monsterinsights_sitenote_category":0},"categories":[1],"tags":[],"aioseo_notices":[],"gutentor_comment":0,"rttpg_featured_image_url":{"full":["https:\/\/arantv.az\/wp-content\/uploads\/2024\/08\/edv.jpg",720,410,false],"landscape":["https:\/\/arantv.az\/wp-content\/uploads\/2024\/08\/edv.jpg",720,410,false],"portraits":["https:\/\/arantv.az\/wp-content\/uploads\/2024\/08\/edv.jpg",720,410,false],"thumbnail":["https:\/\/arantv.az\/wp-content\/uploads\/2024\/08\/edv-500x280.jpg",500,280,true],"medium":["https:\/\/arantv.az\/wp-content\/uploads\/2024\/08\/edv-641x365.jpg",641,365,true],"large":["https:\/\/arantv.az\/wp-content\/uploads\/2024\/08\/edv.jpg",640,364,false],"1536x1536":["https:\/\/arantv.az\/wp-content\/uploads\/2024\/08\/edv.jpg",720,410,false],"2048x2048":["https:\/\/arantv.az\/wp-content\/uploads\/2024\/08\/edv.jpg",720,410,false],"post-thumbnail":["https:\/\/arantv.az\/wp-content\/uploads\/2024\/08\/edv-240x172.jpg",240,172,true],"advps-thumb-one":["https:\/\/arantv.az\/wp-content\/uploads\/2024\/08\/edv.jpg",720,410,false]},"rttpg_author":{"display_name":"V\u00fcsal Rafiqo\u011flu","author_link":"https:\/\/arantv.az\/?author=2"},"rttpg_comment":0,"rttpg_category":"<a href=\"https:\/\/arantv.az\/?cat=1\" rel=\"category\">C\u0259miyy\u0259t<\/a>","rttpg_excerpt":"VI \u00e7a\u011f\u0131r\u0131\u015f m\u00fcdd\u0259tind\u0259 m\u00fc\u0259yy\u0259n d\u00f6n\u0259ml\u0259rd\u0259 b\u0259zi deputatlar bu fikirl\u0259 \u00e7\u0131x\u0131\u015f etdil\u0259r ki, \u0259lav\u0259 d\u0259y\u0259r vergisinin (\u018fDV) faizi azald\u0131lsa, qiym\u0259tl\u0259r d\u0259 paralel olaraq d\u00fc\u015f\u0259 bil\u0259r. Bu m\u00f6vzu zaman-zaman aktualla\u015fd\u0131, amma perspektivi d\u0259y\u0259rl\u0259ndirilm\u0259di. B\u0259s reall\u0131q n\u0259 yerd\u0259dir? \u018fDV-nin l\u0259\u011fvi v\u0259 ya faizinin a\u015fa\u011f\u0131 sal\u0131nmas\u0131 qiym\u0259t art\u0131m\u0131n\u0131 \u00f6nl\u0259y\u0259 bil\u0259rmi? Oxu.Az-\u0131n \u0259m\u0259kda\u015f\u0131 m\u00f6vzu il\u0259 ba\u011fl\u0131 ekspertl\u0259rin fikirl\u0259rini \u00f6yr\u0259nib. \u0130qtisad\u00e7\u0131-ekspert\u00a0Eld\u0259niz&hellip;","_links":{"self":[{"href":"https:\/\/arantv.az\/index.php?rest_route=\/wp\/v2\/posts\/741872"}],"collection":[{"href":"https:\/\/arantv.az\/index.php?rest_route=\/wp\/v2\/posts"}],"about":[{"href":"https:\/\/arantv.az\/index.php?rest_route=\/wp\/v2\/types\/post"}],"author":[{"embeddable":true,"href":"https:\/\/arantv.az\/index.php?rest_route=\/wp\/v2\/users\/2"}],"replies":[{"embeddable":true,"href":"https:\/\/arantv.az\/index.php?rest_route=%2Fwp%2Fv2%2Fcomments&post=741872"}],"version-history":[{"count":1,"href":"https:\/\/arantv.az\/index.php?rest_route=\/wp\/v2\/posts\/741872\/revisions"}],"predecessor-version":[{"id":741874,"href":"https:\/\/arantv.az\/index.php?rest_route=\/wp\/v2\/posts\/741872\/revisions\/741874"}],"wp:featuredmedia":[{"embeddable":true,"href":"https:\/\/arantv.az\/index.php?rest_route=\/wp\/v2\/media\/741873"}],"wp:attachment":[{"href":"https:\/\/arantv.az\/index.php?rest_route=%2Fwp%2Fv2%2Fmedia&parent=741872"}],"wp:term":[{"taxonomy":"category","embeddable":true,"href":"https:\/\/arantv.az\/index.php?rest_route=%2Fwp%2Fv2%2Fcategories&post=741872"},{"taxonomy":"post_tag","embeddable":true,"href":"https:\/\/arantv.az\/index.php?rest_route=%2Fwp%2Fv2%2Ftags&post=741872"}],"curies":[{"name":"wp","href":"https:\/\/api.w.org\/{rel}","templated":true}]}}