{"id":741960,"date":"2024-08-03T16:59:55","date_gmt":"2024-08-03T12:59:55","guid":{"rendered":"https:\/\/arantv.az\/?p=741960"},"modified":"2024-08-03T16:59:55","modified_gmt":"2024-08-03T12:59:55","slug":"ruslar-niy%c9%99-zvartnosdan-cixdilar","status":"publish","type":"post","link":"https:\/\/arantv.az\/?p=741960","title":{"rendered":"Ruslar niy\u0259 \u201cZvartnos\u201ddan \u00e7\u0131xd\u0131lar?.."},"content":{"rendered":"<p>B\u0259lk\u0259 d\u0259 bu sual\u0131n \u0259n d\u00fcr\u00fcst v\u0259 lakonik cavab\u0131 budur ki, m\u0259s\u0259l\u0259 h\u0259l\u0259 \u00f6t\u0259n il raz\u0131la\u015fd\u0131r\u0131lm\u0131\u015fd\u0131, ruslar h\u0259l\u0259 onda s\u00f6z vermi\u015fdil\u0259r ki, bu ilin avqust ay\u0131nda \u201cZvartnos\u201ddak\u0131 missiyalar\u0131n\u0131 Erm\u0259nistana t\u0259hvil ver\u0259c\u0259kl\u0259r. Amma burada daha bir sual yaran\u0131r: b\u0259s n\u0259 yax\u015f\u0131 ruslar bel\u0259 asanl\u0131qla Erm\u0259nistandak\u0131 m\u00f6vcud m\u00f6vqel\u0259rind\u0259n imtina edirl\u0259r?<\/p>\n<p>B\u0259zi m\u0259nb\u0259l\u0259r\u0259 inansaq, onlar Erm\u0259nistan\u0131n s\u0259rh\u0259dl\u0259rini d\u0259 yerli hakimiyy\u0259tin n\u0259zar\u0259tin\u0259 verirl\u0259r! H\u0259r\u00e7\u0259nd, dig\u0259r m\u0259nb\u0259l\u0259rin iddias\u0131na g\u00f6r\u0259, aeroportdak\u0131 rus s\u0259rh\u0259d\u00e7il\u0259r d\u0259 Erm\u0259nistandan \u00e7\u0131xmay\u0131blar, onlar indi \u0130ran v\u0259 T\u00fcrkiy\u0259 il\u0259 s\u0259rh\u0259d\u0259 g\u00f6nd\u0259rilibl\u0259r.<\/p>\n<p>\u00dcst\u0259lik, m\u0259s\u0259l var, bel\u0259 deyirl\u0259r ki, i\u015ftah yem\u0259k vaxt\u0131 g\u0259lir. Bu bax\u0131mdan, Pa\u015finyan hakimiyy\u0259td\u0259 qala bils\u0259, dig\u0259r rus s\u0259rh\u0259d\u00e7il\u0259rinin d\u0259 m\u0259s\u0259l\u0259si g\u00fcnd\u0259m\u0259 g\u0259l\u0259c\u0259k. Bax, el\u0259 bu s\u0259b\u0259bd\u0259n yuxar\u0131dak\u0131 sual h\u0259qiq\u0259t\u0259n d\u0259 \u00e7ox d\u00fc\u015f\u00fcnd\u00fcr\u00fcc\u00fcd\u00fcr. Burada bir ne\u00e7\u0259 m\u0259qam ola bil\u0259r.<\/p>\n<p>Birincisi, Rusiya art\u0131q \u00fc\u00e7\u00fcnc\u00fc ildir ki, Ukrayna il\u0259 arams\u0131z m\u00fcharib\u0259 apar\u0131r. \u018fslind\u0259 is\u0259 bu m\u00fcharib\u0259 daha \u0259vv\u0259l, 2014-c\u00fc ild\u0259 Donetskid\u0259n v\u0259 Luqanskdan ba\u015flam\u0131\u015fd\u0131.<\/p>\n<p>Haz\u0131rda ruslar\u0131n h\u0259r g\u00fcn orta hesabla bir ne\u00e7\u0259 y\u00fcz n\u0259f\u0259r canl\u0131 q\u00fcvv\u0259 itirdiyi deyilir. B\u0259li, Moskva ciddi demoqrafik problem ya\u015fay\u0131r. Onlar h\u0259rbi \u00e7a\u011fr\u0131\u015fla ba\u011fl\u0131 qanunvericiliyi s\u0259rtl\u0259\u015fdirm\u0259kd\u0259 davam edirl\u0259r, h\u0259tta h\u0259rbi qeydiyyatda olmayan adamlar\u0131 v\u0259t\u0259nda\u015fl\u0131qdan m\u0259hrum ed\u0259c\u0259kl\u0259rini d\u0259 bildirirl\u0259r. Odur ki, Kreml\u0259 canl\u0131 q\u00fcvv\u0259 su v\u0259 hava kimi laz\u0131md\u0131r.<\/p>\n<p>Onlar h\u0259m d\u0259 bel\u0259 hesab edirl\u0259r ki, s\u0131rf h\u0259rbi i\u015ftiraka g\u0259ldikd\u0259, Erm\u0259nistanda h\u0259rbi bazalar\u0131 var, ona g\u00f6r\u0259 d\u0259 s\u0259rh\u0259dl\u0259r\u0259 v\u0259 yerli aeroporta n\u0259zar\u0259ti yerli Erm\u0259nistan hakimiyy\u0259tin\u0259 ver\u0259 bil\u0259rl\u0259r. \u0130kincisi, Erm\u0259nistan\u0131n s\u0259rh\u0259dl\u0259rin\u0259 n\u0259 Az\u0259rbaycan, n\u0259 d\u0259 T\u00fcrkiy\u0259 t\u0259r\u0259find\u0259n h\u0259r hans\u0131 t\u0259hdid yoxdur. Ankaran\u0131n v\u0259 \u0130r\u0259van\u0131n t\u0259msil\u00e7il\u0259ri el\u0259 bu g\u00fcnl\u0259rd\u0259 bir araya g\u0259lmi\u015fdil\u0259r ki, normalla\u015fma prosesinin b\u0259zi aspektl\u0259rini m\u00fczakir\u0259 etsinl\u0259r. \u00dc\u00e7\u00fcnc\u00fcs\u00fc, \u015f\u0259xs\u0259n biz\u0259 el\u0259 g\u0259lir ki, \u0130r\u0259van\u0131n uzaqla\u015fmas\u0131, h\u0259tta KTMT-d\u0259n \u00e7\u0131xmas\u0131 Moskva \u00fc\u00e7\u00fcn \u00e7ox da b\u00f6y\u00fck faci\u0259 deyil. Biz d\u0259f\u0259l\u0259rl\u0259 b\u0259zi M\u0259rk\u0259zi Asiya \u00f6lk\u0259l\u0259rinin t\u0259cr\u00fcb\u0259sini misal g\u0259tirmi\u015fik: onlar\u0131n b\u0259zisi KTMT-ni t\u0259rk edib v\u0259 yenid\u0259n geri qay\u0131d\u0131blar. Ox\u015far ssenaril\u0259r NATO-nun da tarixind\u0259 olubdur. Bir vaxt Yunan\u0131stan v\u0259 Fransa NATO-nun h\u0259rbi t\u0259\u015fkilat\u0131n\u0131 t\u0259rk etmi\u015fdil\u0259r, amma sonradan \u0259vv\u0259lki statuslar\u0131n\u0131 b\u0259rpa etdil\u0259r. \u00dcst\u0259g\u0259l, erm\u0259nil\u0259rin yiy\u0259l\u0259ri h\u0259mi\u015f\u0259 \u00e7ox olubdur. Sovetl\u0259rin vaxt\u0131nda bel\u0259 onlar\u0131n bizd\u0259n f\u0259rqli olaraq xaricl\u0259 ciddi \u0259laq\u0259l\u0259ri olubdur. Bu m\u0259nada onlar, ola bilsin, m\u00fc\u0259yy\u0259n q\u0259d\u0259r Baltik respublikalar\u0131ndan geri qal\u0131blar. Onlar\u0131n AB\u015e-da v\u0259 Fransada \u00e7ox b\u00f6y\u00fck diasporalar\u0131 var v\u0259 bu, ham\u0131ya b\u0259llidir. Ona g\u00f6r\u0259 d\u0259 haylar Rusiyan\u0131n t\u0259zyiql\u0259ri qar\u0131s\u0131nda tam arxas\u0131z v\u0259 yiy\u0259siz d\u0259 deyill\u0259r. Amma Erm\u0259nistan\u0131n Rusiya il\u0259 \u00e7ox b\u00f6y\u00fck iqtisadi, energetik v\u0259 kommunikasion ba\u011fl\u0131l\u0131\u011f\u0131 var ki, AB\u015e v\u0259 Q\u0259rb bundan m\u0259hrumdur.<\/p>\n<p>Odur, Kremld\u0259 d\u00fc\u015f\u00fcn\u00fcrl\u0259r ki, AB\u015e v\u0259 Q\u0259rb h\u0259tta ist\u0259s\u0259l\u0259r bel\u0259 Erm\u0259nistan\u0131n b\u00fct\u00fcn y\u00fck\u00fcn\u00fc tam \u015f\u0259kild\u0259 \u00e7iyinl\u0259rin\u0259 g\u00f6t\u00fcr\u0259 bilm\u0259zl\u0259r.<\/p>\n<p>\u00dcst\u0259g\u0259l, bir ne\u00e7\u0259 d\u0259f\u0259 qeyd etmi\u015fik ki, Moskva Erm\u0259nistandak\u0131 son Q\u0259rb siyasi k\u00fcl\u0259kl\u0259rini daha \u00e7ox ba\u015f nazir Nikol Pa\u015finyan\u0131n \u201cxidm\u0259ti\u201d hesab edir v\u0259 d\u00fc\u015f\u00fcn\u00fcrl\u0259r ki, Pa\u015finyan\u0131n hakimiyy\u0259td\u0259n getm\u0259sil\u0259 bu proses d\u0259 bit\u0259c\u0259k, h\u0259tta bu tarix\u0259 \u00e7ox qalmay\u0131bd\u0131 \u2013 2026-c\u0131 ild\u0259 h\u0259r \u015fey h\u0259llini tapacaq.<\/p>\n<p>\u00c7ox t\u0259\u0259ss\u00fcf ki, onlar\u0131n bu x\u00fcsusdak\u0131 g\u00f6zl\u0259ntil\u0259ri tamamil\u0259 \u0259sass\u0131z da deyil. Bu yax\u0131nlarda amerikal\u0131lar\u0131n ke\u00e7irdiyi sor\u011fularda Nikol Pa\u015finyan\u0131n partiyas\u0131 liderliyini saxlasa da iyirmi faizd\u0259n d\u0259 az d\u0259st\u0259k alm\u0131\u015fd\u0131. Amma el\u0259 h\u0259min sor\u011fularda c\u0259mi 17 faiz \u00f6lk\u0259l\u0259rinin KTMT-d\u0259 qalmas\u0131n\u0131 ist\u0259mi\u015fdi&#8230;<\/p>\n<p>Odur ki, v\u0259ziyy\u0259t \u00e7ox m\u00fcr\u0259kk\u0259bdir. D\u00fczd\u00fcr, Q\u0259rb t\u0259dric\u0259n Erm\u0259nistandak\u0131 dayaqlar\u0131n\u0131 art\u0131r\u0131r. AB\u015e burada yeni AES tikm\u0259k ist\u0259yir ki, bu da \u0130r\u0259van\u0131n Moskvadan energetik as\u0131l\u0131l\u0131\u011f\u0131n\u0131 azalda bil\u0259r.<\/p>\n<p>Va\u015finqton bu \u00f6lk\u0259d\u0259 birg\u0259 h\u0259rbi t\u0259liml\u0259r ke\u00e7ir v\u0259 \u00f6z adam\u0131n\u0131 m\u00fcdafi\u0259 nazirliyind\u0259 \u0259yl\u0259\u015fdirir.<\/p>\n<p>Amma b\u00fct\u00fcn bunlar, h\u0259tta Avropa \u0130ttifaq\u0131\u0131n\u0131 erm\u0259ni ordusuna ay\u0131rd\u0131\u011f\u0131 10 milyon dollar da h\u0259l\u0259 ki\u00e7ik add\u0131mlard\u0131r. H\u0259m d\u0259 Moskvan\u0131n proses\u0259 nisbi s\u0259brl\u0259 yana\u015fmas\u0131n\u0131n \u0259sl s\u0259b\u0259bi d\u0259 budur ki, \u0130r\u0259van\u0131n h\u0259mi\u015f\u0259 \u201ciki adaxl\u0131s\u0131\u201d olub v\u0259 h\u0259tta Kreml d\u0259 buna al\u0131\u015f\u0131bd\u0131r&#8230;<\/p>\n<div class=\"news-author text-left\"><a href=\"https:\/\/musavat.com\/author\/huseynbala-selimov_97\"><img class=\"img-responsive img-author\" src=\"https:\/\/cdn.musavat.com\/authors\/thumbnails\/b4bb674934bb00d4ad8d2de3acc869ad.jpg\" \/>H\u00fcseynbala S\u0259limov<\/a><\/div>\n","protected":false},"excerpt":{"rendered":"<p>B\u0259lk\u0259 d\u0259 bu sual\u0131n \u0259n d\u00fcr\u00fcst v\u0259 lakonik cavab\u0131 budur ki, m\u0259s\u0259l\u0259 h\u0259l\u0259 \u00f6t\u0259n il raz\u0131la\u015fd\u0131r\u0131lm\u0131\u015fd\u0131, ruslar h\u0259l\u0259 onda s\u00f6z vermi\u015fdil\u0259r ki, bu ilin avqust ay\u0131nda \u201cZvartnos\u201ddak\u0131 missiyalar\u0131n\u0131 Erm\u0259nistana t\u0259hvil ver\u0259c\u0259kl\u0259r. Amma burada daha bir sual yaran\u0131r: b\u0259s n\u0259 yax\u015f\u0131 ruslar bel\u0259 asanl\u0131qla Erm\u0259nistandak\u0131 m\u00f6vcud m\u00f6vqel\u0259rind\u0259n imtina edirl\u0259r? B\u0259zi m\u0259nb\u0259l\u0259r\u0259 inansaq, onlar Erm\u0259nistan\u0131n s\u0259rh\u0259dl\u0259rini d\u0259 yerli hakimiyy\u0259tin n\u0259zar\u0259tin\u0259 verirl\u0259r! H\u0259r\u00e7\u0259nd, dig\u0259r m\u0259nb\u0259l\u0259rin iddias\u0131na g\u00f6r\u0259, aeroportdak\u0131 rus s\u0259rh\u0259d\u00e7il\u0259r d\u0259 Erm\u0259nistandan \u00e7\u0131xmay\u0131blar, onlar indi \u0130ran v\u0259 T\u00fcrkiy\u0259 il\u0259 s\u0259rh\u0259d\u0259 g\u00f6nd\u0259rilibl\u0259r. \u00dcst\u0259lik, m\u0259s\u0259l var, bel\u0259 deyirl\u0259r ki, i\u015ftah yem\u0259k vaxt\u0131 g\u0259lir. Bu bax\u0131mdan,&hellip;<\/p>\n","protected":false},"author":2,"featured_media":741961,"comment_status":"closed","ping_status":"closed","sticky":false,"template":"","format":"standard","meta":{"om_disable_all_campaigns":false,"_monsterinsights_skip_tracking":false,"_monsterinsights_sitenote_active":false,"_monsterinsights_sitenote_note":"","_monsterinsights_sitenote_category":0},"categories":[1],"tags":[],"aioseo_notices":[],"gutentor_comment":0,"rttpg_featured_image_url":{"full":["https:\/\/arantv.az\/wp-content\/uploads\/2024\/08\/0d8a7f744030abe26208a80b638a89f6.jpg",850,500,false],"landscape":["https:\/\/arantv.az\/wp-content\/uploads\/2024\/08\/0d8a7f744030abe26208a80b638a89f6.jpg",850,500,false],"portraits":["https:\/\/arantv.az\/wp-content\/uploads\/2024\/08\/0d8a7f744030abe26208a80b638a89f6.jpg",850,500,false],"thumbnail":["https:\/\/arantv.az\/wp-content\/uploads\/2024\/08\/0d8a7f744030abe26208a80b638a89f6-500x280.jpg",500,280,true],"medium":["https:\/\/arantv.az\/wp-content\/uploads\/2024\/08\/0d8a7f744030abe26208a80b638a89f6-621x365.jpg",621,365,true],"large":["https:\/\/arantv.az\/wp-content\/uploads\/2024\/08\/0d8a7f744030abe26208a80b638a89f6-840x494.jpg",640,376,true],"1536x1536":["https:\/\/arantv.az\/wp-content\/uploads\/2024\/08\/0d8a7f744030abe26208a80b638a89f6.jpg",850,500,false],"2048x2048":["https:\/\/arantv.az\/wp-content\/uploads\/2024\/08\/0d8a7f744030abe26208a80b638a89f6.jpg",850,500,false],"post-thumbnail":["https:\/\/arantv.az\/wp-content\/uploads\/2024\/08\/0d8a7f744030abe26208a80b638a89f6-240x172.jpg",240,172,true],"advps-thumb-one":["https:\/\/arantv.az\/wp-content\/uploads\/2024\/08\/0d8a7f744030abe26208a80b638a89f6.jpg",850,500,false]},"rttpg_author":{"display_name":"V\u00fcsal Rafiqo\u011flu","author_link":"https:\/\/arantv.az\/?author=2"},"rttpg_comment":0,"rttpg_category":"<a href=\"https:\/\/arantv.az\/?cat=1\" rel=\"category\">C\u0259miyy\u0259t<\/a>","rttpg_excerpt":"B\u0259lk\u0259 d\u0259 bu sual\u0131n \u0259n d\u00fcr\u00fcst v\u0259 lakonik cavab\u0131 budur ki, m\u0259s\u0259l\u0259 h\u0259l\u0259 \u00f6t\u0259n il raz\u0131la\u015fd\u0131r\u0131lm\u0131\u015fd\u0131, ruslar h\u0259l\u0259 onda s\u00f6z vermi\u015fdil\u0259r ki, bu ilin avqust ay\u0131nda \u201cZvartnos\u201ddak\u0131 missiyalar\u0131n\u0131 Erm\u0259nistana t\u0259hvil ver\u0259c\u0259kl\u0259r. Amma burada daha bir sual yaran\u0131r: b\u0259s n\u0259 yax\u015f\u0131 ruslar bel\u0259 asanl\u0131qla Erm\u0259nistandak\u0131 m\u00f6vcud m\u00f6vqel\u0259rind\u0259n imtina edirl\u0259r? B\u0259zi m\u0259nb\u0259l\u0259r\u0259 inansaq, onlar Erm\u0259nistan\u0131n s\u0259rh\u0259dl\u0259rini d\u0259&hellip;","_links":{"self":[{"href":"https:\/\/arantv.az\/index.php?rest_route=\/wp\/v2\/posts\/741960"}],"collection":[{"href":"https:\/\/arantv.az\/index.php?rest_route=\/wp\/v2\/posts"}],"about":[{"href":"https:\/\/arantv.az\/index.php?rest_route=\/wp\/v2\/types\/post"}],"author":[{"embeddable":true,"href":"https:\/\/arantv.az\/index.php?rest_route=\/wp\/v2\/users\/2"}],"replies":[{"embeddable":true,"href":"https:\/\/arantv.az\/index.php?rest_route=%2Fwp%2Fv2%2Fcomments&post=741960"}],"version-history":[{"count":2,"href":"https:\/\/arantv.az\/index.php?rest_route=\/wp\/v2\/posts\/741960\/revisions"}],"predecessor-version":[{"id":741963,"href":"https:\/\/arantv.az\/index.php?rest_route=\/wp\/v2\/posts\/741960\/revisions\/741963"}],"wp:featuredmedia":[{"embeddable":true,"href":"https:\/\/arantv.az\/index.php?rest_route=\/wp\/v2\/media\/741961"}],"wp:attachment":[{"href":"https:\/\/arantv.az\/index.php?rest_route=%2Fwp%2Fv2%2Fmedia&parent=741960"}],"wp:term":[{"taxonomy":"category","embeddable":true,"href":"https:\/\/arantv.az\/index.php?rest_route=%2Fwp%2Fv2%2Fcategories&post=741960"},{"taxonomy":"post_tag","embeddable":true,"href":"https:\/\/arantv.az\/index.php?rest_route=%2Fwp%2Fv2%2Ftags&post=741960"}],"curies":[{"name":"wp","href":"https:\/\/api.w.org\/{rel}","templated":true}]}}