{"id":741971,"date":"2024-08-03T17:05:53","date_gmt":"2024-08-03T13:05:53","guid":{"rendered":"https:\/\/arantv.az\/?p=741971"},"modified":"2024-08-03T17:05:53","modified_gmt":"2024-08-03T13:05:53","slug":"lacinda-mina-partladi-coban-yaralandi","status":"publish","type":"post","link":"https:\/\/arantv.az\/?p=741971","title":{"rendered":"La\u00e7\u0131nda mina partlad\u0131, \u00e7oban yaraland\u0131"},"content":{"rendered":"<p>La\u00e7\u0131n rayonunda mina hadis\u0259si ba\u015f verib.<\/p>\n<p>Az\u0259rbaycan Respublikas\u0131 Daxili \u0130\u015fl\u0259r Nazirliyi, Ba\u015f Prokurorlu\u011fu v\u0259 Minat\u0259mizl\u0259m\u0259 Agentliyinin (ANAMA) M\u0259tbuat Xidm\u0259tl\u0259rind\u0259n Oxu.Az-a veril\u0259n m\u0259lumata g\u00f6r\u0259, i\u015f\u011faldan azad edilmi\u015f La\u00e7\u0131n rayonunun Kalafal\u0131q k\u0259ndi \u0259razisind\u0259 2024-c\u00fc il 3 avqust tarixind\u0259 mina hadis\u0259si ba\u015f verib:<\/p>\n<p>&#8220;La\u00e7\u0131n rayonunun Va\u011fazin k\u0259nd sakini, 1960-c\u0131 il t\u0259v\u0259ll\u00fcdl\u00fc \u018fli Zeynalabdin o\u011flu S\u00fcleymanov h\u0259min rayonun Kalafal\u0131q k\u0259ndi \u0259razisind\u0259, Sar\u0131baba adl\u0131 y\u00fcks\u0259kliyin otlaq sah\u0259sind\u0259 heyvan otarark\u0259n minalardan t\u0259mizl\u0259nm\u0259mi\u015f \u0259razid\u0259 piyada \u0259leyhin\u0259 minaya d\u00fc\u015f\u00fcb. Hadis\u0259 n\u0259tic\u0259sind\u0259 \u018fli S\u00fcleymanov sol aya\u011f\u0131ndan x\u0259sar\u0259t al\u0131b. Faktla ba\u011fl\u0131 La\u00e7\u0131n Rayon Prokurorlu\u011funda ara\u015fd\u0131rma apar\u0131l\u0131r&#8221;.<\/p>\n<p>&#8220;ANAMA, D\u0130N v\u0259 Ba\u015f Prokurorluq bir daha v\u0259t\u0259nda\u015flar\u0131 t\u0259hl\u00fck\u0259sizlik qaydalar\u0131na riay\u0259t etm\u0259y\u0259, mina t\u0259hl\u00fck\u0259si i\u015far\u0259l\u0259rinin g\u00f6st\u0259ricil\u0259rin\u0259 diqq\u0259tl\u0259 yana\u015fma\u011fa v\u0259 b\u0259l\u0259d olmad\u0131qlar\u0131 \u0259razil\u0259r\u0259 daxil olmama\u011fa \u00e7a\u011f\u0131r\u0131r!&#8221; &#8211; dey\u0259 m\u0259lumatda qeyd edilib.<\/p>\n","protected":false},"excerpt":{"rendered":"<p>La\u00e7\u0131n rayonunda mina hadis\u0259si ba\u015f verib. Az\u0259rbaycan Respublikas\u0131 Daxili \u0130\u015fl\u0259r Nazirliyi, Ba\u015f Prokurorlu\u011fu v\u0259 Minat\u0259mizl\u0259m\u0259 Agentliyinin (ANAMA) M\u0259tbuat Xidm\u0259tl\u0259rind\u0259n Oxu.Az-a veril\u0259n m\u0259lumata g\u00f6r\u0259, i\u015f\u011faldan azad edilmi\u015f La\u00e7\u0131n rayonunun Kalafal\u0131q k\u0259ndi \u0259razisind\u0259 2024-c\u00fc il 3 avqust tarixind\u0259 mina hadis\u0259si ba\u015f verib: &#8220;La\u00e7\u0131n rayonunun Va\u011fazin k\u0259nd sakini, 1960-c\u0131 il t\u0259v\u0259ll\u00fcdl\u00fc \u018fli Zeynalabdin o\u011flu S\u00fcleymanov h\u0259min rayonun Kalafal\u0131q k\u0259ndi \u0259razisind\u0259, Sar\u0131baba adl\u0131 y\u00fcks\u0259kliyin otlaq sah\u0259sind\u0259 heyvan otarark\u0259n minalardan t\u0259mizl\u0259nm\u0259mi\u015f \u0259razid\u0259 piyada \u0259leyhin\u0259 minaya d\u00fc\u015f\u00fcb. Hadis\u0259 n\u0259tic\u0259sind\u0259 \u018fli S\u00fcleymanov sol aya\u011f\u0131ndan x\u0259sar\u0259t al\u0131b. Faktla ba\u011fl\u0131 La\u00e7\u0131n Rayon Prokurorlu\u011funda ara\u015fd\u0131rma apar\u0131l\u0131r&#8221;. &#8220;ANAMA, D\u0130N v\u0259 Ba\u015f&hellip;<\/p>\n","protected":false},"author":2,"featured_media":741972,"comment_status":"closed","ping_status":"closed","sticky":false,"template":"","format":"standard","meta":{"om_disable_all_campaigns":false,"_monsterinsights_skip_tracking":false,"_monsterinsights_sitenote_active":false,"_monsterinsights_sitenote_note":"","_monsterinsights_sitenote_category":0},"categories":[1],"tags":[],"aioseo_notices":[],"gutentor_comment":0,"rttpg_featured_image_url":{"full":["https:\/\/arantv.az\/wp-content\/uploads\/2024\/08\/66ae289283b4966ae289283b4b172268968266ae.jpg",650,433,false],"landscape":["https:\/\/arantv.az\/wp-content\/uploads\/2024\/08\/66ae289283b4966ae289283b4b172268968266ae.jpg",650,433,false],"portraits":["https:\/\/arantv.az\/wp-content\/uploads\/2024\/08\/66ae289283b4966ae289283b4b172268968266ae.jpg",650,433,false],"thumbnail":["https:\/\/arantv.az\/wp-content\/uploads\/2024\/08\/66ae289283b4966ae289283b4b172268968266ae-500x280.jpg",500,280,true],"medium":["https:\/\/arantv.az\/wp-content\/uploads\/2024\/08\/66ae289283b4966ae289283b4b172268968266ae-548x365.jpg",548,365,true],"large":["https:\/\/arantv.az\/wp-content\/uploads\/2024\/08\/66ae289283b4966ae289283b4b172268968266ae.jpg",640,426,false],"1536x1536":["https:\/\/arantv.az\/wp-content\/uploads\/2024\/08\/66ae289283b4966ae289283b4b172268968266ae.jpg",650,433,false],"2048x2048":["https:\/\/arantv.az\/wp-content\/uploads\/2024\/08\/66ae289283b4966ae289283b4b172268968266ae.jpg",650,433,false],"post-thumbnail":["https:\/\/arantv.az\/wp-content\/uploads\/2024\/08\/66ae289283b4966ae289283b4b172268968266ae-240x172.jpg",240,172,true],"advps-thumb-one":["https:\/\/arantv.az\/wp-content\/uploads\/2024\/08\/66ae289283b4966ae289283b4b172268968266ae.jpg",650,433,false]},"rttpg_author":{"display_name":"V\u00fcsal Rafiqo\u011flu","author_link":"https:\/\/arantv.az\/?author=2"},"rttpg_comment":0,"rttpg_category":"<a href=\"https:\/\/arantv.az\/?cat=1\" rel=\"category\">C\u0259miyy\u0259t<\/a>","rttpg_excerpt":"La\u00e7\u0131n rayonunda mina hadis\u0259si ba\u015f verib. Az\u0259rbaycan Respublikas\u0131 Daxili \u0130\u015fl\u0259r Nazirliyi, Ba\u015f Prokurorlu\u011fu v\u0259 Minat\u0259mizl\u0259m\u0259 Agentliyinin (ANAMA) M\u0259tbuat Xidm\u0259tl\u0259rind\u0259n Oxu.Az-a veril\u0259n m\u0259lumata g\u00f6r\u0259, i\u015f\u011faldan azad edilmi\u015f La\u00e7\u0131n rayonunun Kalafal\u0131q k\u0259ndi \u0259razisind\u0259 2024-c\u00fc il 3 avqust tarixind\u0259 mina hadis\u0259si ba\u015f verib: &#8220;La\u00e7\u0131n rayonunun Va\u011fazin k\u0259nd sakini, 1960-c\u0131 il t\u0259v\u0259ll\u00fcdl\u00fc \u018fli Zeynalabdin o\u011flu S\u00fcleymanov h\u0259min rayonun Kalafal\u0131q&hellip;","_links":{"self":[{"href":"https:\/\/arantv.az\/index.php?rest_route=\/wp\/v2\/posts\/741971"}],"collection":[{"href":"https:\/\/arantv.az\/index.php?rest_route=\/wp\/v2\/posts"}],"about":[{"href":"https:\/\/arantv.az\/index.php?rest_route=\/wp\/v2\/types\/post"}],"author":[{"embeddable":true,"href":"https:\/\/arantv.az\/index.php?rest_route=\/wp\/v2\/users\/2"}],"replies":[{"embeddable":true,"href":"https:\/\/arantv.az\/index.php?rest_route=%2Fwp%2Fv2%2Fcomments&post=741971"}],"version-history":[{"count":1,"href":"https:\/\/arantv.az\/index.php?rest_route=\/wp\/v2\/posts\/741971\/revisions"}],"predecessor-version":[{"id":741973,"href":"https:\/\/arantv.az\/index.php?rest_route=\/wp\/v2\/posts\/741971\/revisions\/741973"}],"wp:featuredmedia":[{"embeddable":true,"href":"https:\/\/arantv.az\/index.php?rest_route=\/wp\/v2\/media\/741972"}],"wp:attachment":[{"href":"https:\/\/arantv.az\/index.php?rest_route=%2Fwp%2Fv2%2Fmedia&parent=741971"}],"wp:term":[{"taxonomy":"category","embeddable":true,"href":"https:\/\/arantv.az\/index.php?rest_route=%2Fwp%2Fv2%2Fcategories&post=741971"},{"taxonomy":"post_tag","embeddable":true,"href":"https:\/\/arantv.az\/index.php?rest_route=%2Fwp%2Fv2%2Ftags&post=741971"}],"curies":[{"name":"wp","href":"https:\/\/api.w.org\/{rel}","templated":true}]}}