{"id":741979,"date":"2024-08-03T18:26:49","date_gmt":"2024-08-03T14:26:49","guid":{"rendered":"https:\/\/arantv.az\/?p=741979"},"modified":"2024-08-03T18:26:49","modified_gmt":"2024-08-03T14:26:49","slug":"s%c9%99hid-anasi-v%c9%99fat-etdi-foto-3","status":"publish","type":"post","link":"https:\/\/arantv.az\/?p=741979","title":{"rendered":"\u015e\u0259hid anas\u0131 v\u0259fat etdi &#8211; FOTO"},"content":{"rendered":"<div class=\"text-content\" data-id=\"\" data-url=\"\">\n<p><strong>V\u0259t\u0259n m\u00fcharib\u0259si \u015f\u0259hidi Kamal Babayevin anas\u0131 v\u0259fat edib.<\/strong><\/p>\n<p>\u015e\u0259hidin anas\u0131 Lal\u0259 Babayeva \u0130smay\u0131ll\u0131 rayonunun Xanagah k\u0259ndind\u0259 uzuns\u00fcr\u0259n x\u0259st\u0259lik s\u0259b\u0259bind\u0259n \u00f6l\u00fcb.<\/p>\n<p>Qeyd ed\u0259k ki, 1991-ci il t\u0259v\u0259ll\u00fcdl\u00fc Kamal Babayev 2020-ci il noyabr\u0131n 5-d\u0259 \u015eu\u015fan\u0131n Da\u015falt\u0131 k\u0259ndi yax\u0131nl\u0131\u011f\u0131nda \u015f\u0259hid olub. \u00d6l\u00fcm\u00fcnd\u0259n sonra &#8220;V\u0259t\u0259n u\u011frunda&#8221; v\u0259 &#8220;\u015eu\u015fan\u0131n azad olunmas\u0131na g\u00f6r\u0259&#8221; medallar\u0131 il\u0259 t\u0259ltif olunub.\/qafqazinfo<\/p>\n<\/div>\n<div>\n<div class=\"form-group\"><img class=\"img-responsive\" src=\"https:\/\/cdn.musavat.com\/news\/images\/Gugu\/gg\/1222925_2.jpg\" \/><\/div>\n<\/div>\n","protected":false},"excerpt":{"rendered":"<p>V\u0259t\u0259n m\u00fcharib\u0259si \u015f\u0259hidi Kamal Babayevin anas\u0131 v\u0259fat edib. \u015e\u0259hidin anas\u0131 Lal\u0259 Babayeva \u0130smay\u0131ll\u0131 rayonunun Xanagah k\u0259ndind\u0259 uzuns\u00fcr\u0259n x\u0259st\u0259lik s\u0259b\u0259bind\u0259n \u00f6l\u00fcb. Qeyd ed\u0259k ki, 1991-ci il t\u0259v\u0259ll\u00fcdl\u00fc Kamal Babayev 2020-ci il noyabr\u0131n 5-d\u0259 \u015eu\u015fan\u0131n Da\u015falt\u0131 k\u0259ndi yax\u0131nl\u0131\u011f\u0131nda \u015f\u0259hid olub. \u00d6l\u00fcm\u00fcnd\u0259n sonra &#8220;V\u0259t\u0259n u\u011frunda&#8221; v\u0259 &#8220;\u015eu\u015fan\u0131n azad olunmas\u0131na g\u00f6r\u0259&#8221; medallar\u0131 il\u0259 t\u0259ltif olunub.\/qafqazinfo<\/p>\n","protected":false},"author":2,"featured_media":741980,"comment_status":"closed","ping_status":"closed","sticky":false,"template":"","format":"standard","meta":{"om_disable_all_campaigns":false,"_monsterinsights_skip_tracking":false,"_monsterinsights_sitenote_active":false,"_monsterinsights_sitenote_note":"","_monsterinsights_sitenote_category":0},"categories":[5],"tags":[],"aioseo_notices":[],"gutentor_comment":0,"rttpg_featured_image_url":{"full":["https:\/\/arantv.az\/wp-content\/uploads\/2024\/08\/e42a8022f9b082bdbc8e0762c282b5ef.jpg",637,400,false],"landscape":["https:\/\/arantv.az\/wp-content\/uploads\/2024\/08\/e42a8022f9b082bdbc8e0762c282b5ef.jpg",637,400,false],"portraits":["https:\/\/arantv.az\/wp-content\/uploads\/2024\/08\/e42a8022f9b082bdbc8e0762c282b5ef.jpg",637,400,false],"thumbnail":["https:\/\/arantv.az\/wp-content\/uploads\/2024\/08\/e42a8022f9b082bdbc8e0762c282b5ef-500x280.jpg",500,280,true],"medium":["https:\/\/arantv.az\/wp-content\/uploads\/2024\/08\/e42a8022f9b082bdbc8e0762c282b5ef-581x365.jpg",581,365,true],"large":["https:\/\/arantv.az\/wp-content\/uploads\/2024\/08\/e42a8022f9b082bdbc8e0762c282b5ef.jpg",637,400,false],"1536x1536":["https:\/\/arantv.az\/wp-content\/uploads\/2024\/08\/e42a8022f9b082bdbc8e0762c282b5ef.jpg",637,400,false],"2048x2048":["https:\/\/arantv.az\/wp-content\/uploads\/2024\/08\/e42a8022f9b082bdbc8e0762c282b5ef.jpg",637,400,false],"post-thumbnail":["https:\/\/arantv.az\/wp-content\/uploads\/2024\/08\/e42a8022f9b082bdbc8e0762c282b5ef-240x172.jpg",240,172,true],"advps-thumb-one":["https:\/\/arantv.az\/wp-content\/uploads\/2024\/08\/e42a8022f9b082bdbc8e0762c282b5ef.jpg",637,400,false]},"rttpg_author":{"display_name":"V\u00fcsal Rafiqo\u011flu","author_link":"https:\/\/arantv.az\/?author=2"},"rttpg_comment":0,"rttpg_category":"<a href=\"https:\/\/arantv.az\/?cat=5\" rel=\"category\">Hadis\u0259<\/a>","rttpg_excerpt":"V\u0259t\u0259n m\u00fcharib\u0259si \u015f\u0259hidi Kamal Babayevin anas\u0131 v\u0259fat edib. \u015e\u0259hidin anas\u0131 Lal\u0259 Babayeva \u0130smay\u0131ll\u0131 rayonunun Xanagah k\u0259ndind\u0259 uzuns\u00fcr\u0259n x\u0259st\u0259lik s\u0259b\u0259bind\u0259n \u00f6l\u00fcb. Qeyd ed\u0259k ki, 1991-ci il t\u0259v\u0259ll\u00fcdl\u00fc Kamal Babayev 2020-ci il noyabr\u0131n 5-d\u0259 \u015eu\u015fan\u0131n Da\u015falt\u0131 k\u0259ndi yax\u0131nl\u0131\u011f\u0131nda \u015f\u0259hid olub. \u00d6l\u00fcm\u00fcnd\u0259n sonra &#8220;V\u0259t\u0259n u\u011frunda&#8221; v\u0259 &#8220;\u015eu\u015fan\u0131n azad olunmas\u0131na g\u00f6r\u0259&#8221; medallar\u0131 il\u0259 t\u0259ltif olunub.\/qafqazinfo","_links":{"self":[{"href":"https:\/\/arantv.az\/index.php?rest_route=\/wp\/v2\/posts\/741979"}],"collection":[{"href":"https:\/\/arantv.az\/index.php?rest_route=\/wp\/v2\/posts"}],"about":[{"href":"https:\/\/arantv.az\/index.php?rest_route=\/wp\/v2\/types\/post"}],"author":[{"embeddable":true,"href":"https:\/\/arantv.az\/index.php?rest_route=\/wp\/v2\/users\/2"}],"replies":[{"embeddable":true,"href":"https:\/\/arantv.az\/index.php?rest_route=%2Fwp%2Fv2%2Fcomments&post=741979"}],"version-history":[{"count":1,"href":"https:\/\/arantv.az\/index.php?rest_route=\/wp\/v2\/posts\/741979\/revisions"}],"predecessor-version":[{"id":741981,"href":"https:\/\/arantv.az\/index.php?rest_route=\/wp\/v2\/posts\/741979\/revisions\/741981"}],"wp:featuredmedia":[{"embeddable":true,"href":"https:\/\/arantv.az\/index.php?rest_route=\/wp\/v2\/media\/741980"}],"wp:attachment":[{"href":"https:\/\/arantv.az\/index.php?rest_route=%2Fwp%2Fv2%2Fmedia&parent=741979"}],"wp:term":[{"taxonomy":"category","embeddable":true,"href":"https:\/\/arantv.az\/index.php?rest_route=%2Fwp%2Fv2%2Fcategories&post=741979"},{"taxonomy":"post_tag","embeddable":true,"href":"https:\/\/arantv.az\/index.php?rest_route=%2Fwp%2Fv2%2Ftags&post=741979"}],"curies":[{"name":"wp","href":"https:\/\/api.w.org\/{rel}","templated":true}]}}