{"id":742168,"date":"2024-08-05T10:40:20","date_gmt":"2024-08-05T06:40:20","guid":{"rendered":"https:\/\/arantv.az\/?p=742168"},"modified":"2024-08-05T10:40:20","modified_gmt":"2024-08-05T06:40:20","slug":"prezident-cavansir-korpusunun-yerind%c9%99-insa-olunmus-yeni-avtomobil-yolunun-acilisinda-istirak-edib","status":"publish","type":"post","link":"https:\/\/arantv.az\/?p=742168","title":{"rendered":"Prezident &#8220;Cavan\u015fir&#8221; k\u00f6rp\u00fcs\u00fcn\u00fcn yerind\u0259 in\u015fa olunmu\u015f yeni avtomobil yolunun a\u00e7\u0131l\u0131\u015f\u0131nda i\u015ftirak edib"},"content":{"rendered":"<p>Avqustun 5-d\u0259 Az\u0259rbaycan Respublikas\u0131n\u0131n Prezidenti \u0130lham \u018fliyev paytaxt\u0131n X\u0259tai rayonu \u0259razisind\u0259 &#8220;Cavan\u015fir&#8221; k\u00f6rp\u00fcs\u00fcn\u00fcn yerind\u0259 in\u015fa olunmu\u015f \u015f\u0259h\u0259r \u0259h\u0259miyy\u0259tli yeni avtomobil yolunun a\u00e7\u0131l\u0131\u015f\u0131nda i\u015ftirak edib.<\/p>\n<p>AZ\u018fRTAC\u00a0<a title=\"xeberler son xeberler 2024\" href=\"https:\/\/big.az\/\" target=\"_blank\" rel=\"noopener\">x\u0259b\u0259r<\/a>\u00a0verir ki, Az\u0259rbaycan Avtomobil Yollar\u0131 D\u00f6vl\u0259t Agentliyinin &#8220;Az\u0259ryolelmit\u0259dqiqatlayih\u0259&#8221; \u0130nstitutunun direktoru Az\u0259r Nem\u0259tli d\u00f6vl\u0259timizin ba\u015f\u00e7\u0131s\u0131na g\u00f6r\u00fcl\u0259n i\u015fl\u0259r bar\u0259d\u0259 m\u0259lumat verib.<\/p>\n<p>Qeyd ed\u0259k ki, Prezident \u0130lham \u018fliyevin tap\u015f\u0131r\u0131\u011f\u0131na uy\u011fun olaraq, Bak\u0131 \u015f\u0259h\u0259rind\u0259 n\u0259qliyyat\u0131n h\u0259r\u0259k\u0259tinin t\u0259nziml\u0259nm\u0259si v\u0259 t\u0131xac probleminin nisb\u0259t\u0259n azald\u0131lmas\u0131 m\u0259qs\u0259dil\u0259 X\u0259tai rayonu \u0259razisind\u0259 \u00dczeyir Hac\u0131b\u0259yov k\u00fc\u00e7\u0259sind\u0259 yerl\u0259\u015f\u0259n v\u0259 uzun ill\u0259r istismar edildiyind\u0259n y\u00fckg\u00f6t\u00fcrm\u0259 qabiliyy\u0259tini itirmi\u015f, uzunlu\u011fu 202 metr, eni 17,3 metr t\u0259\u015fkil ed\u0259n 12 a\u015f\u0131r\u0131ml\u0131 &#8220;Cavan\u015fir&#8221; k\u00f6rp\u00fcs\u00fc s\u00f6k\u00fcl\u0259r\u0259k, yerind\u0259 \u015f\u0259h\u0259r \u0259h\u0259miyy\u0259tli yeni avtomobil yolunun tikintisi i\u015fl\u0259ri h\u0259yata ke\u00e7irilib. D\u00f6rd h\u0259r\u0259k\u0259t zolaql\u0131 yeni yolun uzunlu\u011fu 400 metrdir.<\/p>\n<p>M\u0259lumat verilib ki, h\u0259m n\u0259qliyyat vasit\u0259l\u0259rinin, h\u0259m d\u0259 piyadalar\u0131n \u0259razid\u0259 rahat v\u0259 t\u0259hl\u00fck\u0259siz h\u0259r\u0259k\u0259tini t\u0259min etm\u0259k \u00fc\u00e7\u00fcn yeni piyada s\u0259kil\u0259ri sal\u0131n\u0131b. Layih\u0259y\u0259 uy\u011fun olaraq, ay\u0131r\u0131c\u0131 zolaqlarda v\u0259 yol k\u0259narlar\u0131nda \u0259lav\u0259 abadl\u0131q i\u015fl\u0259ri g\u00f6r\u00fcl\u00fcb, m\u00fcnbit torpaq qat\u0131 veril\u0259r\u0259k yeni ya\u015f\u0131ll\u0131q \u0259razil\u0259r sal\u0131n\u0131b, \u0259n m\u00fcasir i\u015f\u0131qland\u0131rma sistemi yarad\u0131l\u0131b.<\/p>\n<p>Xat\u0131rladaq ki, Bak\u0131 \u015f\u0259h\u0259ri, X\u0259tai rayonu, Afiy\u0259ddin C\u0259lilov v\u0259 \u00dczeyir Hac\u0131b\u0259yli k\u00fc\u00e7\u0259l\u0259ri istiqam\u0259tind\u0259 yerl\u0259\u015f\u0259n, uzunlu\u011fu 202, eni 17,3 metr olan &#8220;Cavan\u015fir&#8221; yol\u00f6t\u00fcr\u00fcc\u00fcs\u00fc d\u0259mir yolu vasit\u0259sil\u0259 y\u00fckl\u0259rin q\u0131sa zamanda d\u0259niz liman\u0131na \u00e7atd\u0131r\u0131lmas\u0131 \u00fc\u00e7\u00fcn 1962-ci ild\u0259 istismara verilmi\u015fdi. H\u0259min \u0259razid\u0259 d\u0259mir yolu \u015f\u0259b\u0259k\u0259sinin l\u0259\u011fv edilm\u0259si il\u0259 k\u00f6rp\u00fcn\u00fcn \u0259vv\u0259lki \u0259h\u0259miyy\u0259tini itirm\u0259si, h\u0259m\u00e7inin yol\u00f6t\u00fcr\u00fcc\u00fcs\u00fcn\u00fcn y\u00fckg\u00f6t\u00fcrm\u0259 qabiliyy\u0259tinin m\u00fcasir normativ y\u00fck t\u0259sirin\u0259 cavab verm\u0259diyi n\u0259z\u0259r\u0259 al\u0131naraq t\u0259hl\u00fck\u0259sizlik bax\u0131m\u0131ndan bu qur\u011funun s\u00f6k\u00fclm\u0259si m\u0259qs\u0259d\u0259uy\u011fun hesab edilmi\u015fdi.<\/p>\n<p>09:23<\/p>\n<p>Avqustun 5-d\u0259 Az\u0259rbaycan Respublikas\u0131n\u0131n Prezidenti \u0130lham \u018fliyev paytaxt\u0131n X\u0259tai rayonu \u0259razisind\u0259 &#8220;Cavan\u015fir&#8221; k\u00f6rp\u00fcs\u00fcn\u00fcn yerind\u0259 in\u015fa olunmu\u015f \u015f\u0259h\u0259r \u0259h\u0259miyy\u0259tli yeni avtomobil yolunun a\u00e7\u0131l\u0131\u015f\u0131nda i\u015ftirak edib.<\/p>\n<p>Bu bar\u0259d\u0259 AZ\u018fRTAC m\u0259lumat yay\u0131b.<\/p>\n<p><img class=\"imgbcode\" src=\"https:\/\/upload.az\/foto\/arxiv\/p1_11722839616.png\" alt=\"Prezident &quot;Cavan\u015fir&quot; k\u00f6rp\u00fcs\u00fcn\u00fcn yerind\u0259 in\u015fa olunmu\u015f yeni avtomobil yolunun a\u00e7\u0131l\u0131\u015f\u0131nda i\u015ftirak edib\" \/><img class=\"imgbcode\" src=\"https:\/\/upload.az\/foto\/arxiv\/p2_61722839616.png\" alt=\"Prezident &quot;Cavan\u015fir&quot; k\u00f6rp\u00fcs\u00fcn\u00fcn yerind\u0259 in\u015fa olunmu\u015f yeni avtomobil yolunun a\u00e7\u0131l\u0131\u015f\u0131nda i\u015ftirak edib\" \/><\/p>\n","protected":false},"excerpt":{"rendered":"<p>Avqustun 5-d\u0259 Az\u0259rbaycan Respublikas\u0131n\u0131n Prezidenti \u0130lham \u018fliyev paytaxt\u0131n X\u0259tai rayonu \u0259razisind\u0259 &#8220;Cavan\u015fir&#8221; k\u00f6rp\u00fcs\u00fcn\u00fcn yerind\u0259 in\u015fa olunmu\u015f \u015f\u0259h\u0259r \u0259h\u0259miyy\u0259tli yeni avtomobil yolunun a\u00e7\u0131l\u0131\u015f\u0131nda i\u015ftirak edib. AZ\u018fRTAC\u00a0x\u0259b\u0259r\u00a0verir ki, Az\u0259rbaycan Avtomobil Yollar\u0131 D\u00f6vl\u0259t Agentliyinin &#8220;Az\u0259ryolelmit\u0259dqiqatlayih\u0259&#8221; \u0130nstitutunun direktoru Az\u0259r Nem\u0259tli d\u00f6vl\u0259timizin ba\u015f\u00e7\u0131s\u0131na g\u00f6r\u00fcl\u0259n i\u015fl\u0259r bar\u0259d\u0259 m\u0259lumat verib. Qeyd ed\u0259k ki, Prezident \u0130lham \u018fliyevin tap\u015f\u0131r\u0131\u011f\u0131na uy\u011fun olaraq, Bak\u0131 \u015f\u0259h\u0259rind\u0259 n\u0259qliyyat\u0131n h\u0259r\u0259k\u0259tinin t\u0259nziml\u0259nm\u0259si v\u0259 t\u0131xac probleminin nisb\u0259t\u0259n azald\u0131lmas\u0131 m\u0259qs\u0259dil\u0259 X\u0259tai rayonu \u0259razisind\u0259 \u00dczeyir Hac\u0131b\u0259yov k\u00fc\u00e7\u0259sind\u0259 yerl\u0259\u015f\u0259n v\u0259 uzun ill\u0259r istismar edildiyind\u0259n y\u00fckg\u00f6t\u00fcrm\u0259 qabiliyy\u0259tini itirmi\u015f, uzunlu\u011fu 202 metr, eni 17,3 metr t\u0259\u015fkil ed\u0259n 12 a\u015f\u0131r\u0131ml\u0131 &#8220;Cavan\u015fir&#8221; k\u00f6rp\u00fcs\u00fc&hellip;<\/p>\n","protected":false},"author":2,"featured_media":742169,"comment_status":"closed","ping_status":"closed","sticky":false,"template":"","format":"standard","meta":{"om_disable_all_campaigns":false,"_monsterinsights_skip_tracking":false,"_monsterinsights_sitenote_active":false,"_monsterinsights_sitenote_note":"","_monsterinsights_sitenote_category":0},"categories":[4],"tags":[],"aioseo_notices":[],"gutentor_comment":0,"rttpg_featured_image_url":{"full":["https:\/\/arantv.az\/wp-content\/uploads\/2024\/08\/pr_51722839518.png",649,434,false],"landscape":["https:\/\/arantv.az\/wp-content\/uploads\/2024\/08\/pr_51722839518.png",649,434,false],"portraits":["https:\/\/arantv.az\/wp-content\/uploads\/2024\/08\/pr_51722839518.png",649,434,false],"thumbnail":["https:\/\/arantv.az\/wp-content\/uploads\/2024\/08\/pr_51722839518-500x280.png",500,280,true],"medium":["https:\/\/arantv.az\/wp-content\/uploads\/2024\/08\/pr_51722839518-546x365.png",546,365,true],"large":["https:\/\/arantv.az\/wp-content\/uploads\/2024\/08\/pr_51722839518.png",640,428,false],"1536x1536":["https:\/\/arantv.az\/wp-content\/uploads\/2024\/08\/pr_51722839518.png",649,434,false],"2048x2048":["https:\/\/arantv.az\/wp-content\/uploads\/2024\/08\/pr_51722839518.png",649,434,false],"post-thumbnail":["https:\/\/arantv.az\/wp-content\/uploads\/2024\/08\/pr_51722839518-240x172.png",240,172,true],"advps-thumb-one":["https:\/\/arantv.az\/wp-content\/uploads\/2024\/08\/pr_51722839518.png",649,434,false]},"rttpg_author":{"display_name":"V\u00fcsal Rafiqo\u011flu","author_link":"https:\/\/arantv.az\/?author=2"},"rttpg_comment":0,"rttpg_category":"<a href=\"https:\/\/arantv.az\/?cat=4\" rel=\"category\">Siyas\u0259t<\/a>","rttpg_excerpt":"Avqustun 5-d\u0259 Az\u0259rbaycan Respublikas\u0131n\u0131n Prezidenti \u0130lham \u018fliyev paytaxt\u0131n X\u0259tai rayonu \u0259razisind\u0259 &#8220;Cavan\u015fir&#8221; k\u00f6rp\u00fcs\u00fcn\u00fcn yerind\u0259 in\u015fa olunmu\u015f \u015f\u0259h\u0259r \u0259h\u0259miyy\u0259tli yeni avtomobil yolunun a\u00e7\u0131l\u0131\u015f\u0131nda i\u015ftirak edib. AZ\u018fRTAC\u00a0x\u0259b\u0259r\u00a0verir ki, Az\u0259rbaycan Avtomobil Yollar\u0131 D\u00f6vl\u0259t Agentliyinin &#8220;Az\u0259ryolelmit\u0259dqiqatlayih\u0259&#8221; \u0130nstitutunun direktoru Az\u0259r Nem\u0259tli d\u00f6vl\u0259timizin ba\u015f\u00e7\u0131s\u0131na g\u00f6r\u00fcl\u0259n i\u015fl\u0259r bar\u0259d\u0259 m\u0259lumat verib. Qeyd ed\u0259k ki, Prezident \u0130lham \u018fliyevin tap\u015f\u0131r\u0131\u011f\u0131na uy\u011fun olaraq, Bak\u0131 \u015f\u0259h\u0259rind\u0259 n\u0259qliyyat\u0131n&hellip;","_links":{"self":[{"href":"https:\/\/arantv.az\/index.php?rest_route=\/wp\/v2\/posts\/742168"}],"collection":[{"href":"https:\/\/arantv.az\/index.php?rest_route=\/wp\/v2\/posts"}],"about":[{"href":"https:\/\/arantv.az\/index.php?rest_route=\/wp\/v2\/types\/post"}],"author":[{"embeddable":true,"href":"https:\/\/arantv.az\/index.php?rest_route=\/wp\/v2\/users\/2"}],"replies":[{"embeddable":true,"href":"https:\/\/arantv.az\/index.php?rest_route=%2Fwp%2Fv2%2Fcomments&post=742168"}],"version-history":[{"count":1,"href":"https:\/\/arantv.az\/index.php?rest_route=\/wp\/v2\/posts\/742168\/revisions"}],"predecessor-version":[{"id":742170,"href":"https:\/\/arantv.az\/index.php?rest_route=\/wp\/v2\/posts\/742168\/revisions\/742170"}],"wp:featuredmedia":[{"embeddable":true,"href":"https:\/\/arantv.az\/index.php?rest_route=\/wp\/v2\/media\/742169"}],"wp:attachment":[{"href":"https:\/\/arantv.az\/index.php?rest_route=%2Fwp%2Fv2%2Fmedia&parent=742168"}],"wp:term":[{"taxonomy":"category","embeddable":true,"href":"https:\/\/arantv.az\/index.php?rest_route=%2Fwp%2Fv2%2Fcategories&post=742168"},{"taxonomy":"post_tag","embeddable":true,"href":"https:\/\/arantv.az\/index.php?rest_route=%2Fwp%2Fv2%2Ftags&post=742168"}],"curies":[{"name":"wp","href":"https:\/\/api.w.org\/{rel}","templated":true}]}}