{"id":742181,"date":"2024-08-05T10:47:44","date_gmt":"2024-08-05T06:47:44","guid":{"rendered":"https:\/\/arantv.az\/?p=742181"},"modified":"2024-08-05T10:47:44","modified_gmt":"2024-08-05T06:47:44","slug":"onu-gor%c9%99nd%c9%99-%c9%99l-ayagim-%c9%99sdi","status":"publish","type":"post","link":"https:\/\/arantv.az\/?p=742181","title":{"rendered":"&#8220;Onu g\u00f6r\u0259nd\u0259 \u0259l-aya\u011f\u0131m \u0259sdi&#8221;"},"content":{"rendered":"<p><strong>&#8220;U\u015faql\u0131qdan bel\u0259y\u0259m: s\u0259n\u0259tkarlardan \u00e7\u0259kinir\u0259m. &#8220;Cavid \u00f6mr\u00fc&#8221; filmind\u0259 H\u00fcseyn Cavidin h\u0259yat yolda\u015f\u0131n\u0131 oynayacaqd\u0131m. M\u0259n\u0259 dedil\u0259r ki, H\u00fcseyn Cavidi Rasim Balayev oynayacaq. Onu he\u00e7 g\u00f6rm\u0259mi\u015fdim. Amma \u0259l-aya\u011f\u0131m \u0259sirdi ki, onunla nec\u0259 oynayaca\u011fam?&#8221;<\/strong><\/p>\n<p>Bu s\u00f6zl\u0259ri \u018fm\u0259kdar artist Dilar\u0259 \u018fliyeva verili\u015find\u0259 deyib.<\/p>\n<p>Aktrisa Xalq artisti Rasim Balayevl\u0259 qar\u015f\u0131la\u015fmas\u0131ndan dan\u0131\u015f\u0131b:<\/p>\n<p>&#8220;Adam\u0131 he\u00e7 bir d\u0259f\u0259 olsun ki, realda g\u00f6rm\u0259mi\u015fdim. Rasim m\u00fc\u0259llim g\u0259l\u0259nd\u0259 h\u0259y\u0259candan \u00fcr\u0259yim a\u011fz\u0131ma g\u0259lirdi. O da g\u00f6rd\u00fc ki, m\u0259n o m\u0259n deyil\u0259m. Ba\u015flad\u0131 suallar verib, s\u00f6hb\u0259tl\u0259r etm\u0259y\u0259. Baxd\u0131m ki, aradan ke\u00e7ilm\u0259z olan s\u0259dd\u0259 ke\u00e7di. Bir d\u0259 baxd\u0131m ki, g\u00f6z\u0259l tandemimiz yarand\u0131&#8221;. (Ax\u015fam.az)<\/p>\n","protected":false},"excerpt":{"rendered":"<p>&#8220;U\u015faql\u0131qdan bel\u0259y\u0259m: s\u0259n\u0259tkarlardan \u00e7\u0259kinir\u0259m. &#8220;Cavid \u00f6mr\u00fc&#8221; filmind\u0259 H\u00fcseyn Cavidin h\u0259yat yolda\u015f\u0131n\u0131 oynayacaqd\u0131m. M\u0259n\u0259 dedil\u0259r ki, H\u00fcseyn Cavidi Rasim Balayev oynayacaq. Onu he\u00e7 g\u00f6rm\u0259mi\u015fdim. Amma \u0259l-aya\u011f\u0131m \u0259sirdi ki, onunla nec\u0259 oynayaca\u011fam?&#8221; Bu s\u00f6zl\u0259ri \u018fm\u0259kdar artist Dilar\u0259 \u018fliyeva verili\u015find\u0259 deyib. Aktrisa Xalq artisti Rasim Balayevl\u0259 qar\u015f\u0131la\u015fmas\u0131ndan dan\u0131\u015f\u0131b: &#8220;Adam\u0131 he\u00e7 bir d\u0259f\u0259 olsun ki, realda g\u00f6rm\u0259mi\u015fdim. Rasim m\u00fc\u0259llim g\u0259l\u0259nd\u0259 h\u0259y\u0259candan \u00fcr\u0259yim a\u011fz\u0131ma g\u0259lirdi. O da g\u00f6rd\u00fc ki, m\u0259n o m\u0259n deyil\u0259m. Ba\u015flad\u0131 suallar verib, s\u00f6hb\u0259tl\u0259r etm\u0259y\u0259. Baxd\u0131m ki, aradan ke\u00e7ilm\u0259z olan s\u0259dd\u0259 ke\u00e7di. Bir d\u0259 baxd\u0131m ki, g\u00f6z\u0259l tandemimiz yarand\u0131&#8221;. (Ax\u015fam.az)<\/p>\n","protected":false},"author":2,"featured_media":742182,"comment_status":"closed","ping_status":"closed","sticky":false,"template":"","format":"standard","meta":{"om_disable_all_campaigns":false,"_monsterinsights_skip_tracking":false,"_monsterinsights_sitenote_active":false,"_monsterinsights_sitenote_note":"","_monsterinsights_sitenote_category":0},"categories":[20],"tags":[],"aioseo_notices":[],"gutentor_comment":0,"rttpg_featured_image_url":{"full":["https:\/\/arantv.az\/wp-content\/uploads\/2024\/08\/e65dcb96f534e8718837558b0bc87e36.jpg",735,462,false],"landscape":["https:\/\/arantv.az\/wp-content\/uploads\/2024\/08\/e65dcb96f534e8718837558b0bc87e36.jpg",735,462,false],"portraits":["https:\/\/arantv.az\/wp-content\/uploads\/2024\/08\/e65dcb96f534e8718837558b0bc87e36.jpg",735,462,false],"thumbnail":["https:\/\/arantv.az\/wp-content\/uploads\/2024\/08\/e65dcb96f534e8718837558b0bc87e36-500x280.jpg",500,280,true],"medium":["https:\/\/arantv.az\/wp-content\/uploads\/2024\/08\/e65dcb96f534e8718837558b0bc87e36-581x365.jpg",581,365,true],"large":["https:\/\/arantv.az\/wp-content\/uploads\/2024\/08\/e65dcb96f534e8718837558b0bc87e36.jpg",640,402,false],"1536x1536":["https:\/\/arantv.az\/wp-content\/uploads\/2024\/08\/e65dcb96f534e8718837558b0bc87e36.jpg",735,462,false],"2048x2048":["https:\/\/arantv.az\/wp-content\/uploads\/2024\/08\/e65dcb96f534e8718837558b0bc87e36.jpg",735,462,false],"post-thumbnail":["https:\/\/arantv.az\/wp-content\/uploads\/2024\/08\/e65dcb96f534e8718837558b0bc87e36-240x172.jpg",240,172,true],"advps-thumb-one":["https:\/\/arantv.az\/wp-content\/uploads\/2024\/08\/e65dcb96f534e8718837558b0bc87e36.jpg",735,462,false]},"rttpg_author":{"display_name":"V\u00fcsal Rafiqo\u011flu","author_link":"https:\/\/arantv.az\/?author=2"},"rttpg_comment":0,"rttpg_category":"<a href=\"https:\/\/arantv.az\/?cat=20\" rel=\"category\">\u015eou biznes<\/a>","rttpg_excerpt":"&#8220;U\u015faql\u0131qdan bel\u0259y\u0259m: s\u0259n\u0259tkarlardan \u00e7\u0259kinir\u0259m. &#8220;Cavid \u00f6mr\u00fc&#8221; filmind\u0259 H\u00fcseyn Cavidin h\u0259yat yolda\u015f\u0131n\u0131 oynayacaqd\u0131m. M\u0259n\u0259 dedil\u0259r ki, H\u00fcseyn Cavidi Rasim Balayev oynayacaq. Onu he\u00e7 g\u00f6rm\u0259mi\u015fdim. Amma \u0259l-aya\u011f\u0131m \u0259sirdi ki, onunla nec\u0259 oynayaca\u011fam?&#8221; Bu s\u00f6zl\u0259ri \u018fm\u0259kdar artist Dilar\u0259 \u018fliyeva verili\u015find\u0259 deyib. Aktrisa Xalq artisti Rasim Balayevl\u0259 qar\u015f\u0131la\u015fmas\u0131ndan dan\u0131\u015f\u0131b: &#8220;Adam\u0131 he\u00e7 bir d\u0259f\u0259 olsun ki, realda g\u00f6rm\u0259mi\u015fdim. Rasim m\u00fc\u0259llim&hellip;","_links":{"self":[{"href":"https:\/\/arantv.az\/index.php?rest_route=\/wp\/v2\/posts\/742181"}],"collection":[{"href":"https:\/\/arantv.az\/index.php?rest_route=\/wp\/v2\/posts"}],"about":[{"href":"https:\/\/arantv.az\/index.php?rest_route=\/wp\/v2\/types\/post"}],"author":[{"embeddable":true,"href":"https:\/\/arantv.az\/index.php?rest_route=\/wp\/v2\/users\/2"}],"replies":[{"embeddable":true,"href":"https:\/\/arantv.az\/index.php?rest_route=%2Fwp%2Fv2%2Fcomments&post=742181"}],"version-history":[{"count":2,"href":"https:\/\/arantv.az\/index.php?rest_route=\/wp\/v2\/posts\/742181\/revisions"}],"predecessor-version":[{"id":742184,"href":"https:\/\/arantv.az\/index.php?rest_route=\/wp\/v2\/posts\/742181\/revisions\/742184"}],"wp:featuredmedia":[{"embeddable":true,"href":"https:\/\/arantv.az\/index.php?rest_route=\/wp\/v2\/media\/742182"}],"wp:attachment":[{"href":"https:\/\/arantv.az\/index.php?rest_route=%2Fwp%2Fv2%2Fmedia&parent=742181"}],"wp:term":[{"taxonomy":"category","embeddable":true,"href":"https:\/\/arantv.az\/index.php?rest_route=%2Fwp%2Fv2%2Fcategories&post=742181"},{"taxonomy":"post_tag","embeddable":true,"href":"https:\/\/arantv.az\/index.php?rest_route=%2Fwp%2Fv2%2Ftags&post=742181"}],"curies":[{"name":"wp","href":"https:\/\/api.w.org\/{rel}","templated":true}]}}