{"id":742194,"date":"2024-08-05T10:52:14","date_gmt":"2024-08-05T06:52:14","guid":{"rendered":"https:\/\/arantv.az\/?p=742194"},"modified":"2024-08-05T10:52:14","modified_gmt":"2024-08-05T06:52:14","slug":"iranin-haniy%c9%99-intiqaminin-mumkun-ssenaril%c9%99ri-anlasmali-doyus-yoxsa-gerc%c9%99k-savas-t%c9%99hlil","status":"publish","type":"post","link":"https:\/\/arantv.az\/?p=742194","title":{"rendered":"\u0130ran\u0131n Haniy\u0259 intiqam\u0131n\u0131n m\u00fcmk\u00fcn SSENAR\u0130L\u018fR\u0130: anla\u015fmal\u0131 &#8220;d\u00f6y\u00fc\u015f&#8221;, yoxsa ger\u00e7\u0259k sava\u015f &#8211; T\u018fHL\u0130L"},"content":{"rendered":"<p><strong>Apreld\u0259 oldu\u011fu kimi, indi d\u0259 h\u0259r k\u0259s \u0130ran\u0131n \u0130srail\u0259 cavab z\u0259rb\u0259sinin nec\u0259 olaca\u011f\u0131n\u0131 hesablay\u0131r. Bir \u00e7oxlar\u0131 hesab edir ki, apreld\u0259 \u201cdan\u0131\u015f\u0131ql\u0131 d\u00f6y\u00fc\u015f\u201d olub, indi d\u0259 eyni ssenari t\u0259krarlanacaq. Lakin b\u0259zi m\u0259qamlar var ki, onlar bu d\u0259f\u0259 toqqu\u015fman\u0131n daha s\u0259rt olaca\u011f\u0131n\u0131 g\u00f6st\u0259rir.<\/strong><\/p>\n<p>\u0130ran\u0131n \u0130srail\u0259 cavab z\u0259rb\u0259sinin nec\u0259 olaca\u011f\u0131na t\u0259xmin etm\u0259k \u00fc\u00e7\u00fcn \u0259vv\u0259lc\u0259 haz\u0131rk\u0131 \u015f\u0259rait\u0259 n\u0259z\u0259r salmaq laz\u0131md\u0131r. M\u0259s\u0259l\u0259 ondad\u0131r ki, \u0130srail \u0130smay\u0131l Haniy\u0259ni Q\u0259t\u0259rd\u0259 Mossad agentl\u0259ri il\u0259 dan\u0131\u015f\u0131qlar zaman\u0131, Qahir\u0259, \u0130stanbulda v\u0259 regionun ba\u015fqa n\u00f6qt\u0259sind\u0259 d\u0259 \u00f6ld\u00fcr\u0259 bil\u0259rdi. Amma m\u0259kan olaraq Tehran se\u00e7ildi. Qisas m\u0259kan\u0131 olaraq Tehran\u0131n se\u00e7ilm\u0259si he\u00e7 d\u0259 yaln\u0131z \u0130rana g\u00f6zda\u011f\u0131 verm\u0259k, y\u0259ni \u201cist\u0259s\u0259k Tehranda da adam \u00f6ld\u00fcr\u0259 bil\u0259rik\u201d deyildi. Bu q\u0259sdin bir deyil, bir ne\u00e7\u0259 h\u0259d\u0259fi var idi.<\/p>\n<p><img loading=\"lazy\" src=\"https:\/\/cdn.musavat.com\/news\/thumbnails\/e96fbd58566e0346fd7d725c9a9ea3d6.jpg\" alt=\"HAN\u0130YE.jpg (205 KB)\" width=\"700\" height=\"402\" \/><\/p>\n<p>Birincisi, \u0130srail uzun m\u00fcdd\u0259tdir ki, Livana geni\u015fmiqyasl\u0131 h\u00fccuma haz\u0131rla\u015f\u0131r v\u0259 bunun \u00fc\u00e7\u00fcn T\u0259l-\u018fviv\u0259 yet\u0259rli \u201cs\u0259b\u0259b\u201d laz\u0131md\u0131r. \u00c7\u00fcnki ciddi s\u0259b\u0259b olmadan Livana quru \u0259m\u0259liyyat\u0131 ba\u015flasa, d\u00fcnyadan \u0130srail\u0259 k\u0259skin q\u0131naq v\u0259 t\u0259zyiql\u0259r olar, \u0130srail birm\u0259nal\u0131 aqressor kimi q\u0259bul edil\u0259rdi. Amma m\u0259s\u0259l\u0259n, \u0130ran v\u0259 Hizbullah \u0130srail\u0259 h\u00fccum ets\u0259 v\u0259 ya dinc insanlar\u0131 h\u0259d\u0259f\u0259 alan z\u0259rb\u0259l\u0259r endirs\u0259, \u0130srail bunu \u00f6z\u00fcn\u00fcm\u00fcdafi\u0259 h\u00fcququ \u0259sas\u0131nda Livana h\u00fccum \u00fc\u00e7\u00fcn s\u0259b\u0259b olaraq istifad\u0259 ed\u0259c\u0259k.<\/p>\n<p>Bel\u0259 olarsa, Va\u015finqton \u00fc\u00e7\u00fcn d\u0259 \u0130sraili m\u00fcdafi\u0259 etm\u0259y\u0259 ciddi \u0259sas yaranacaq. Ba\u015fqa s\u00f6zl\u0259, Haniy\u0259nin Tehranda q\u0259tli \u0130ran\u0131 m\u00fcharib\u0259y\u0259 \u00e7\u0259km\u0259k \u00fc\u00e7\u00fcn n\u00f6vb\u0259ti c\u0259hdin bir elementidir.<\/p>\n<p><strong>Tehran sui-q\u0259sdinin ikinci h\u0259d\u0259fi Q\u0259zza s\u00fclh dan\u0131\u015f\u0131qlar\u0131 idi.<\/strong>\u00a0M\u0259lum oldu\u011fu kimi, AB\u015e v\u0259 A\u0130 \u0130srail hakimiyy\u0259tin\u0259 Q\u0259zzada at\u0259\u015fk\u0259s\u0259 getm\u0259si \u00fc\u00e7\u00fcn t\u0259zyiq edir. Va\u015finqton Netanyahudan Q\u0259zzada at\u0259\u015fk\u0259s sazi\u015fini imzalama\u011f\u0131 t\u0259l\u0259b edir. Baydenin may\u0131n 31-d\u0259 t\u0259klif etdiyi 3 m\u0259rh\u0259l\u0259li s\u00fclh sazi\u015finin b\u00f6y\u00fck hiss\u0259si art\u0131q raz\u0131la\u015fd\u0131r\u0131lm\u0131\u015fd\u0131. Ancaq bu sazi\u015f \u0130srailin H\u0259mas\u0131 qar\u015f\u0131 t\u0259r\u0259f kimi q\u0259bul etm\u0259si, Q\u0259zzan\u0131n yenid\u0259n b\u0259rpas\u0131 v\u0259 in\u015fas\u0131 prosesinin H\u0259mas\u0131n n\u0259zar\u0259ti alt\u0131nda olmas\u0131n\u0131 t\u0259sdiql\u0259yir. Netanyahu v\u0259 onun radikal sa\u011f\u00e7\u0131 komandas\u0131 buna haz\u0131r deyil. \u00c7\u00fcnki bu, ilk n\u00f6vb\u0259d\u0259 m\u00fcharib\u0259 ba\u015flayanda H\u0259mas\u0131n m\u0259hv edil\u0259c\u0259yi il\u0259 ba\u011fl\u0131 v\u0259dl\u0259 ziddiyy\u0259t t\u0259\u015fkil edir. H\u0259tta ifrat sa\u011f\u00e7\u0131 maliyy\u0259 naziri Smotri\u00e7, t\u0259hl\u00fck\u0259sizlik naziri Ben Qvir a\u00e7\u0131q \u015f\u0259kild\u0259 h\u0259d\u0259l\u0259mi\u015fdi ki, bu c\u00fcr sazi\u015fi imzalasa onlar Netanyahu h\u00f6kum\u0259tind\u0259n \u00e7\u0131xacaqlar v\u0259 h\u00f6kum\u0259t da\u011f\u0131lacaq. H\u00f6kum\u0259tin da\u011f\u0131lmas\u0131 is\u0259 Netanyahunun karyeras\u0131n\u0131n sonu dem\u0259kdir.<\/p>\n<p><img loading=\"lazy\" src=\"https:\/\/cdn.musavat.com\/news\/thumbnails\/33b2ee33b571098d723a0a647957805b.jpg\" alt=\"BENYAM\u0130N.jpg (55 KB)\" width=\"700\" height=\"436\" \/><\/p>\n<p>Bu arada, Bayden hakimiyy\u0259tinin bir m\u0259qs\u0259di d\u0259 Netanyahunun h\u00f6kum\u0259td\u0259n getm\u0259si v\u0259 yeni \u0130srail h\u00f6kum\u0259ti il\u0259 Yax\u0131n \u015e\u0259rqd\u0259 yeni siyas\u0259tini dizayn etm\u0259kdir. Dan\u0131\u015f\u0131qlar prosesin\u0259 birba\u015fa r\u0259hb\u0259rlik ed\u0259n H\u0259mas siyasi b\u00fcrosu s\u0259drinin sui-q\u0259sd\u0259 qurban getm\u0259si s\u00fclh prosesini pozulmas\u0131 dem\u0259kdir. Bunu art\u0131q h\u0259r k\u0259s etiraf edir.<\/p>\n<p>\u0130ndi is\u0259 \u0130ran\u0131n cavab\u0131 m\u0259s\u0259l\u0259sin\u0259 g\u0259l\u0259k. \u0130ran\u0131n ali dini r\u0259hb\u0259rliyi a\u00e7\u0131q \u015f\u0259kild\u0259 elan edib ki, Haniy\u0259nin qisas\u0131 \u0130ran\u0131n boyundad\u0131r. \u015e\u0259rq \u0259n\u0259n\u0259si qona\u011f\u0131n qisas\u0131n\u0131 ev sahibin\u0259 vacib edir. M\u00fcq\u0259dd\u0259s kitab da g\u00f6z\u0259-g\u00f6z, di\u015f\u0259-di\u015f deyir.<\/p>\n<p><strong>Ancaq \u0130ran r\u0259hb\u0259rliyi bu qisas akt\u0131 zaman\u0131 m\u00fc\u0259yy\u0259n \u015f\u0259rtl\u0259ri n\u0259z\u0259r\u0259 alma\u011fa m\u0259hkumdur.<\/strong>\u00a0Birincisi, Tehran\u0131n \u0130srail\u0259 z\u0259rb\u0259si \u0130rana qar\u015f\u0131 ikinci \u201cK\u00f6rf\u0259z m\u00fcharib\u0259si\u201d\u00a0n\u0259 \u00e7evrilm\u0259m\u0259li, y\u0259ni AB\u015e-\u0131n \u0130rana qar\u015f\u0131 h\u0259rbi koalisiya yaratmas\u0131na s\u0259b\u0259b olmamal\u0131d\u0131r.<\/p>\n<p><img loading=\"lazy\" src=\"https:\/\/cdn.musavat.com\/news\/thumbnails\/150e834931cf156e013d0a35a75914c3.jpg\" alt=\"ZERBE YEN\u0130.jpg (34 KB)\" width=\"700\" height=\"436\" \/><\/p>\n<p>\u0130kincisi, \u0130ran\u0131n cavab\u0131 \u0130srailin Livana geni\u015fmiqyasl\u0131 quru h\u00fccumuna v\u0259 n\u0259tic\u0259d\u0259 Livanda, h\u0259m d\u0259 \u0259r\u0259b al\u0259mind\u0259 \u0130ran\u0131n v\u0259 Hizbullah\u0131n n\u00f6vb\u0259ti qanl\u0131 m\u00fcharib\u0259nin s\u0259b\u0259bkar\u0131na \u00e7evirm\u0259m\u0259lidir. \u00c7\u00fcnki onsuz da son aylarda Livanda xristian v\u0259 dig\u0259r qruplar aras\u0131nda Hizbullaha \u00f6lk\u0259ni \u0130sraill\u0259 m\u00fcharib\u0259y\u0259 \u00e7\u0259km\u0259si ittihamlar\u0131 art\u0131b.<\/p>\n<p><strong>Tehran r\u0259smil\u0259ri anlay\u0131r ki, Haniy\u0259nin \u00f6l\u00fcm\u00fc \u0130ran\u0131 m\u00fcharib\u0259y\u0259 \u00e7\u0259km\u0259k, t\u0259kl\u0259m\u0259y\u0259 hesablan\u0131b<\/strong>. Bu s\u0259b\u0259bd\u0259n d\u0259 Tehran\u0131n \u0130srail\u0259 cavab\u0131 g\u00f6zl\u0259nilm\u0259z, s\u0259rt, diqq\u0259t\u00e7\u0259k\u0259n, lakin eyni zamanda \u0130rana qar\u015f\u0131 qisas \u0259m\u0259liyyat\u0131 \u00fc\u00e7\u00fcn s\u0259b\u0259b verm\u0259y\u0259c\u0259k t\u0259rzd\u0259 olmal\u0131d\u0131r.<\/p>\n<p>Ayd\u0131n m\u0259s\u0259l\u0259dir ki, \u0130srail hakimiyy\u0259ti m\u0259qs\u0259dli olaraq Haniy\u0259nin q\u0259tlin\u0259 g\u00f6st\u0259ri\u015f verm\u0259kl\u0259 \u0130ran\u0131 fakt qar\u015f\u0131s\u0131nda qoyub. \u0130ndi nec\u0259 dey\u0259rl\u0259r top \u0130randad\u0131r. Tehran hakimiyy\u0259ti indi h\u0259m \u0130srail\u0259 tutarl\u0131 z\u0259rb\u0259 endirm\u0259kl\u0259 g\u00fcc\u00fcn\u00fc n\u00fcmayi\u015f etdirm\u0259li; ancaq eyni zamanda bu z\u0259rb\u0259l\u0259r el\u0259 olmal\u0131d\u0131r ki, \u0130rana qar\u015f\u0131 geni\u015fmiqyasl\u0131 m\u00fcharib\u0259y\u0259 \u0259sas verm\u0259sin, y\u0259ni \u0130srailin Q\u0259rb m\u00fctt\u0259fiql\u0259ri \u0130rana qar\u015f\u0131 m\u00fcharib\u0259y\u0259 qo\u015fulmas\u0131nlar. Bu is\u0259 o q\u0259d\u0259r d\u0259 sad\u0259 deyil. \u0130ran hakimiyy\u0259ti apreld\u0259 oldu\u011fu kimi, g\u00f6st\u0259ri\u015fli, amma daha az z\u0259r\u0259rli z\u0259rb\u0259l\u0259r endirs\u0259, Tehran\u0131n imici z\u0259d\u0259l\u0259n\u0259c\u0259k.<\/p>\n<p><img loading=\"lazy\" src=\"https:\/\/cdn.musavat.com\/news\/thumbnails\/8195cac8bc7eea7d36b6e874d5a47617.jpg\" alt=\"TEHRAN SON.jpg (63 KB)\" width=\"700\" height=\"436\" \/><\/p>\n<p><strong>Bu arada, K\u00fcveytd\u0259 n\u0259\u015fr olunan \u201c\u018fl-C\u0259rid\u0259\u201d q\u0259zeti Amerika n\u00fcmay\u0259nd\u0259 hey\u0259tinin \u0130rana ged\u0259r\u0259k k\u0259\u015ffiyyat v\u0259 diplomatiya t\u0259msil\u00e7il\u0259ri il\u0259 g\u00f6r\u00fc\u015f ke\u00e7irdiyini v\u0259 \u0130ran\u0131 b\u00f6y\u00fck m\u00fcharib\u0259d\u0259n \u00e7\u0259kindirm\u0259y\u0259 \u00e7al\u0131\u015fd\u0131\u011f\u0131n\u0131 yaz\u0131b.<\/strong><\/p>\n<p>Q\u0259zetin iddias\u0131na g\u00f6r\u0259, c\u00fcm\u0259 ax\u015fam\u0131 g\u00fcn\u00fc T\u00fcrkiy\u0259d\u0259n \u00e7\u0131xan t\u0259yyar\u0259d\u0259 olan Amerikan hey\u0259ti \u0130randa Sepaha m\u0259xsus h\u0259rbi aerodroma eni\u015f edib. Burada Oman\u0131n vasit\u0259\u00e7iliyi il\u0259 y\u00fcks\u0259k h\u0259rbi v\u0259 diplomatik t\u0259msil\u00e7il\u0259rl\u0259 g\u00f6r\u00fc\u015f ke\u00e7irilib. AB\u015e t\u0259msil\u00e7il\u0259ri bildirib ki, Bayden administrasiyas\u0131 \u0130ranla m\u00fcharib\u0259 ist\u0259mir. \u0130ran t\u0259msil\u00e7il\u0259rin\u0259 deyilib ki, Tehran sui-q\u0259sdini \u0130ran\u0131 b\u00f6y\u00fck m\u00fcharib\u0259y\u0259 \u00e7\u0259km\u0259k \u00fc\u00e7\u00fcn Netanyahu h\u00f6kum\u0259ti planlay\u0131b. Eyni zamanda amerikal\u0131 emissarlar Netanyahunun art\u0131q n\u0259zar\u0259td\u0259n \u00e7\u0131xd\u0131\u011f\u0131n\u0131 v\u0259 Va\u015finqtonla koordinasiyal\u0131 h\u0259r\u0259k\u0259t etm\u0259diyini, AB\u015e-\u0131n Haniy\u0259 sui-q\u0259sdind\u0259n x\u0259b\u0259rdar olmad\u0131\u011f\u0131n\u0131 bildiribl\u0259r. H\u0259tta q\u0259zetin iddias\u0131na g\u00f6r\u0259, amerikal\u0131lar iranl\u0131lara \u0130randa f\u0259aliyy\u0259t g\u00f6st\u0259r\u0259n Mossad agentl\u0259rinin siyah\u0131s\u0131n\u0131 t\u0259qdim edibl\u0259r.<\/p>\n<p>\u201c\u018fl-C\u0259rid\u0259\u201dnin (ox\u015far m\u00f6vzuda ba\u015fqa media orqanlar\u0131 da yaz\u0131b \u2013 K.R.) iddias\u0131n\u0131n n\u0259 q\u0259d\u0259r d\u0259qiq oldu\u011funu dem\u0259k \u00e7\u0259tindir. Lakin fakt budur ki, Va\u015finqton haz\u0131rda \u0130ranla b\u00f6y\u00fck m\u00fcharib\u0259y\u0259 c\u0259lb olunmaq ist\u0259mir. X\u00fcsus\u0259n d\u0259 bel\u0259 bir m\u00fcharib\u0259nin n\u0259inki s\u00fclh\u0259 xidm\u0259t etm\u0259diyi, \u0259ksin\u0259, Netanyahu hakimiyy\u0259tinin avant\u00fcras\u0131 oldu\u011fu \u00fc\u00e7\u00fcn.<\/p>\n<p><img loading=\"lazy\" src=\"https:\/\/cdn.musavat.com\/news\/thumbnails\/f6f8a91d85945f10dff4d1f62fb3f85c.jpg\" alt=\"MUHAR SON.jpg (55 KB)\" width=\"700\" height=\"436\" \/><\/p>\n<p>\u0130ran m\u0259nb\u0259l\u0259ri Tehran\u0131n Va\u015finqtonun t\u0259klifini q\u0259bul etm\u0259diyini yaz\u0131r. Lakin yuxar\u0131da da qeyd etdiyimiz kimi, \u0130srail\u0259 cavab z\u0259rb\u0259sinin regionda geni\u015f miqyasl\u0131 m\u00fcharib\u0259y\u0259 \u00e7evrilm\u0259si \u0130ran\u0131n da maraqlar\u0131na cavab vermir.<\/p>\n<p><strong>B\u00fct\u00fcn bunlara r\u0259\u011fm\u0259n, qisas art\u0131q \u0130ran\u0131n \u0259n y\u00fcks\u0259k s\u0259viyy\u0259l\u0259ri vasit\u0259si il\u0259 elan olunub.<\/strong>\u00a0Bu s\u0259b\u0259bd\u0259n d\u0259 hesab etm\u0259k olar ki, yax\u0131n vaxtlarda \u0130ran \u0130srail\u0259 z\u0259rb\u0259 endir\u0259c\u0259k, \u00f6z\u00fc d\u0259 t\u0259kc\u0259 \u0130ran \u0259razisind\u0259n deyil, regiondak\u0131 dig\u0259r t\u0259sir b\u00f6lg\u0259l\u0259rind\u0259n. \u00c7\u00fcnki bu halda z\u0259rb\u0259 daha geni\u015f miqyasl\u0131 oldu\u011fu \u00fc\u00e7\u00fcn daha \u00e7ox raket v\u0259 dronun \u0130srail v\u0259 m\u00fctt\u0259fiql\u0259rinin radar qur\u011fular\u0131ndan yay\u0131nmas\u0131 m\u00fcmk\u00fcn olacaq.<\/p>\n<p>K\u0259nan R\u00f6v\u015f\u0259no\u011flu,<br \/>\nX\u00fcsusi olaraq Musavat.com \u00fc\u00e7\u00fcn<\/p>\n<div class=\"news-author text-left\"><a href=\"https:\/\/musavat.com\/author\/kenan-rovsenoglu_40\"><img class=\"img-responsive img-author\" src=\"https:\/\/cdn.musavat.com\/authors\/thumbnails\/36c7d5a47066c9aac5e8948dfa476604.jpg\" \/>K\u0259nan R\u00d6V\u015e\u018fNO\u011eLU<\/a><\/div>\n","protected":false},"excerpt":{"rendered":"<p>Apreld\u0259 oldu\u011fu kimi, indi d\u0259 h\u0259r k\u0259s \u0130ran\u0131n \u0130srail\u0259 cavab z\u0259rb\u0259sinin nec\u0259 olaca\u011f\u0131n\u0131 hesablay\u0131r. Bir \u00e7oxlar\u0131 hesab edir ki, apreld\u0259 \u201cdan\u0131\u015f\u0131ql\u0131 d\u00f6y\u00fc\u015f\u201d olub, indi d\u0259 eyni ssenari t\u0259krarlanacaq. Lakin b\u0259zi m\u0259qamlar var ki, onlar bu d\u0259f\u0259 toqqu\u015fman\u0131n daha s\u0259rt olaca\u011f\u0131n\u0131 g\u00f6st\u0259rir. \u0130ran\u0131n \u0130srail\u0259 cavab z\u0259rb\u0259sinin nec\u0259 olaca\u011f\u0131na t\u0259xmin etm\u0259k \u00fc\u00e7\u00fcn \u0259vv\u0259lc\u0259 haz\u0131rk\u0131 \u015f\u0259rait\u0259 n\u0259z\u0259r salmaq laz\u0131md\u0131r. M\u0259s\u0259l\u0259 ondad\u0131r ki, \u0130srail \u0130smay\u0131l Haniy\u0259ni Q\u0259t\u0259rd\u0259 Mossad agentl\u0259ri il\u0259 dan\u0131\u015f\u0131qlar zaman\u0131, Qahir\u0259, \u0130stanbulda v\u0259 regionun ba\u015fqa n\u00f6qt\u0259sind\u0259 d\u0259 \u00f6ld\u00fcr\u0259 bil\u0259rdi. Amma m\u0259kan olaraq Tehran se\u00e7ildi. Qisas m\u0259kan\u0131 olaraq Tehran\u0131n se\u00e7ilm\u0259si he\u00e7 d\u0259 yaln\u0131z&hellip;<\/p>\n","protected":false},"author":2,"featured_media":742195,"comment_status":"closed","ping_status":"closed","sticky":false,"template":"","format":"standard","meta":{"om_disable_all_campaigns":false,"_monsterinsights_skip_tracking":false,"_monsterinsights_sitenote_active":false,"_monsterinsights_sitenote_note":"","_monsterinsights_sitenote_category":0},"categories":[19],"tags":[],"aioseo_notices":[],"gutentor_comment":0,"rttpg_featured_image_url":{"full":["https:\/\/arantv.az\/wp-content\/uploads\/2024\/08\/00f2bb01b0f98db74d777f6f57d7ab8b.jpg",870,500,false],"landscape":["https:\/\/arantv.az\/wp-content\/uploads\/2024\/08\/00f2bb01b0f98db74d777f6f57d7ab8b.jpg",870,500,false],"portraits":["https:\/\/arantv.az\/wp-content\/uploads\/2024\/08\/00f2bb01b0f98db74d777f6f57d7ab8b.jpg",870,500,false],"thumbnail":["https:\/\/arantv.az\/wp-content\/uploads\/2024\/08\/00f2bb01b0f98db74d777f6f57d7ab8b-500x280.jpg",500,280,true],"medium":["https:\/\/arantv.az\/wp-content\/uploads\/2024\/08\/00f2bb01b0f98db74d777f6f57d7ab8b-635x365.jpg",635,365,true],"large":["https:\/\/arantv.az\/wp-content\/uploads\/2024\/08\/00f2bb01b0f98db74d777f6f57d7ab8b-840x483.jpg",640,368,true],"1536x1536":["https:\/\/arantv.az\/wp-content\/uploads\/2024\/08\/00f2bb01b0f98db74d777f6f57d7ab8b.jpg",870,500,false],"2048x2048":["https:\/\/arantv.az\/wp-content\/uploads\/2024\/08\/00f2bb01b0f98db74d777f6f57d7ab8b.jpg",870,500,false],"post-thumbnail":["https:\/\/arantv.az\/wp-content\/uploads\/2024\/08\/00f2bb01b0f98db74d777f6f57d7ab8b-240x172.jpg",240,172,true],"advps-thumb-one":["https:\/\/arantv.az\/wp-content\/uploads\/2024\/08\/00f2bb01b0f98db74d777f6f57d7ab8b.jpg",870,500,false]},"rttpg_author":{"display_name":"V\u00fcsal Rafiqo\u011flu","author_link":"https:\/\/arantv.az\/?author=2"},"rttpg_comment":0,"rttpg_category":"<a href=\"https:\/\/arantv.az\/?cat=19\" rel=\"category\">G\u00fcnd\u0259m<\/a>","rttpg_excerpt":"Apreld\u0259 oldu\u011fu kimi, indi d\u0259 h\u0259r k\u0259s \u0130ran\u0131n \u0130srail\u0259 cavab z\u0259rb\u0259sinin nec\u0259 olaca\u011f\u0131n\u0131 hesablay\u0131r. Bir \u00e7oxlar\u0131 hesab edir ki, apreld\u0259 \u201cdan\u0131\u015f\u0131ql\u0131 d\u00f6y\u00fc\u015f\u201d olub, indi d\u0259 eyni ssenari t\u0259krarlanacaq. Lakin b\u0259zi m\u0259qamlar var ki, onlar bu d\u0259f\u0259 toqqu\u015fman\u0131n daha s\u0259rt olaca\u011f\u0131n\u0131 g\u00f6st\u0259rir. \u0130ran\u0131n \u0130srail\u0259 cavab z\u0259rb\u0259sinin nec\u0259 olaca\u011f\u0131na t\u0259xmin etm\u0259k \u00fc\u00e7\u00fcn \u0259vv\u0259lc\u0259 haz\u0131rk\u0131 \u015f\u0259rait\u0259 n\u0259z\u0259r salmaq&hellip;","_links":{"self":[{"href":"https:\/\/arantv.az\/index.php?rest_route=\/wp\/v2\/posts\/742194"}],"collection":[{"href":"https:\/\/arantv.az\/index.php?rest_route=\/wp\/v2\/posts"}],"about":[{"href":"https:\/\/arantv.az\/index.php?rest_route=\/wp\/v2\/types\/post"}],"author":[{"embeddable":true,"href":"https:\/\/arantv.az\/index.php?rest_route=\/wp\/v2\/users\/2"}],"replies":[{"embeddable":true,"href":"https:\/\/arantv.az\/index.php?rest_route=%2Fwp%2Fv2%2Fcomments&post=742194"}],"version-history":[{"count":1,"href":"https:\/\/arantv.az\/index.php?rest_route=\/wp\/v2\/posts\/742194\/revisions"}],"predecessor-version":[{"id":742196,"href":"https:\/\/arantv.az\/index.php?rest_route=\/wp\/v2\/posts\/742194\/revisions\/742196"}],"wp:featuredmedia":[{"embeddable":true,"href":"https:\/\/arantv.az\/index.php?rest_route=\/wp\/v2\/media\/742195"}],"wp:attachment":[{"href":"https:\/\/arantv.az\/index.php?rest_route=%2Fwp%2Fv2%2Fmedia&parent=742194"}],"wp:term":[{"taxonomy":"category","embeddable":true,"href":"https:\/\/arantv.az\/index.php?rest_route=%2Fwp%2Fv2%2Fcategories&post=742194"},{"taxonomy":"post_tag","embeddable":true,"href":"https:\/\/arantv.az\/index.php?rest_route=%2Fwp%2Fv2%2Ftags&post=742194"}],"curies":[{"name":"wp","href":"https:\/\/api.w.org\/{rel}","templated":true}]}}