{"id":742210,"date":"2024-08-05T11:01:39","date_gmt":"2024-08-05T07:01:39","guid":{"rendered":"https:\/\/arantv.az\/?p=742210"},"modified":"2024-08-05T11:01:39","modified_gmt":"2024-08-05T07:01:39","slug":"atamin-ruhu-qarsisinda-bir-borcumu-od%c9%99dim-polad-h%c9%99simovun-oglu","status":"publish","type":"post","link":"https:\/\/arantv.az\/?p=742210","title":{"rendered":"\u201cAtam\u0131n ruhu qar\u015f\u0131s\u0131nda bir borcumu \u00f6d\u0259dim\u201d &#8211; Polad H\u0259\u015fimovun o\u011flu"},"content":{"rendered":"<div class=\"text-content\" data-id=\"\" data-url=\"\">\n<p><strong>X\u0259b\u0259r verdiyimiz kimi, Az\u0259rbaycan\u0131n Milli Q\u0259hr\u0259man\u0131 general-mayor Polad H\u0259\u015fimovun o\u011flu Davud H\u0259\u015fimov 4 xarici \u00f6lk\u0259d\u0259 yerl\u0259\u015f\u0259n 7 universitetd\u0259n q\u0259bul al\u0131b.<\/strong><\/p>\n<p><strong>ARANTV.AZ <\/strong>\u00a0X\u0259z\u0259r TV-y\u0259 istinad\u0259n x\u0259b\u0259r verir ki, Davud H\u0259\u015fimov u\u015faql\u0131qdan komp\u00fcter sah\u0259sin\u0259 mara\u011f\u0131 oldu\u011funu bildirib.<\/p>\n<p>Onun s\u00f6zl\u0259rin\u0259 g\u00f6r\u0259, 8-9-cu sinifl\u0259rd\u0259n bu pe\u015f\u0259y\u0259 yiy\u0259l\u0259nm\u0259k \u00fc\u00e7\u00fcn \u00e7al\u0131\u015f\u0131b:<\/p>\n<p>&#8220;Art\u0131q 3 ildir ki, xarici universitetl\u0259r\u0259 haz\u0131rla\u015f\u0131rd\u0131m. Q\u0259bul x\u0259b\u0259ri alanda sevinc hissi ke\u00e7irdim. Atam\u0131n ruhu qar\u015f\u0131s\u0131nda ona bir borcumu \u00f6d\u0259mi\u015f oldum. Bu u\u011furu qazand\u0131\u011f\u0131ma g\u00f6r\u0259, \u0259n \u00e7ox anama v\u0259 atama borcluyam. Atam m\u0259n\u0259 bu yolu g\u00f6st\u0259rib. Onun ruhunun qar\u015f\u0131s\u0131nda ba\u015f \u0259yir\u0259m&#8221;.<\/p>\n<p>Qeyd ed\u0259k ki, Davudun komp\u00fcter m\u00fch\u0259ndisliyi \u00fczr\u0259 t\u0259hsil almas\u0131 general\u0131m\u0131z\u0131n arzusu olub.<\/p>\n<p><iframe src=\"https:\/\/www.youtube.com\/embed\/U1K8ohW8JOA\" allowfullscreen=\"allowfullscreen\" data-mce-fragment=\"1\"><\/iframe><\/p>\n<\/div>\n<div><\/div>\n<div><\/div>\n<div class=\"inner-social-box\">\n<div class=\"subs-in-social subs-whatsapp\"><\/div>\n<\/div>\n","protected":false},"excerpt":{"rendered":"<p>X\u0259b\u0259r verdiyimiz kimi, Az\u0259rbaycan\u0131n Milli Q\u0259hr\u0259man\u0131 general-mayor Polad H\u0259\u015fimovun o\u011flu Davud H\u0259\u015fimov 4 xarici \u00f6lk\u0259d\u0259 yerl\u0259\u015f\u0259n 7 universitetd\u0259n q\u0259bul al\u0131b. ARANTV.AZ \u00a0X\u0259z\u0259r TV-y\u0259 istinad\u0259n x\u0259b\u0259r verir ki, Davud H\u0259\u015fimov u\u015faql\u0131qdan komp\u00fcter sah\u0259sin\u0259 mara\u011f\u0131 oldu\u011funu bildirib. Onun s\u00f6zl\u0259rin\u0259 g\u00f6r\u0259, 8-9-cu sinifl\u0259rd\u0259n bu pe\u015f\u0259y\u0259 yiy\u0259l\u0259nm\u0259k \u00fc\u00e7\u00fcn \u00e7al\u0131\u015f\u0131b: &#8220;Art\u0131q 3 ildir ki, xarici universitetl\u0259r\u0259 haz\u0131rla\u015f\u0131rd\u0131m. Q\u0259bul x\u0259b\u0259ri alanda sevinc hissi ke\u00e7irdim. Atam\u0131n ruhu qar\u015f\u0131s\u0131nda ona bir borcumu \u00f6d\u0259mi\u015f oldum. Bu u\u011furu qazand\u0131\u011f\u0131ma g\u00f6r\u0259, \u0259n \u00e7ox anama v\u0259 atama borcluyam. Atam m\u0259n\u0259 bu yolu g\u00f6st\u0259rib. Onun ruhunun qar\u015f\u0131s\u0131nda ba\u015f \u0259yir\u0259m&#8221;. Qeyd ed\u0259k ki, Davudun&hellip;<\/p>\n","protected":false},"author":2,"featured_media":742211,"comment_status":"closed","ping_status":"closed","sticky":false,"template":"","format":"standard","meta":{"om_disable_all_campaigns":false,"_monsterinsights_skip_tracking":false,"_monsterinsights_sitenote_active":false,"_monsterinsights_sitenote_note":"","_monsterinsights_sitenote_category":0},"categories":[1],"tags":[],"aioseo_notices":[],"gutentor_comment":0,"rttpg_featured_image_url":{"full":["https:\/\/arantv.az\/wp-content\/uploads\/2024\/08\/f3a20e803b0e952d6ecc67b5bcce5c15.png",695,360,false],"landscape":["https:\/\/arantv.az\/wp-content\/uploads\/2024\/08\/f3a20e803b0e952d6ecc67b5bcce5c15.png",695,360,false],"portraits":["https:\/\/arantv.az\/wp-content\/uploads\/2024\/08\/f3a20e803b0e952d6ecc67b5bcce5c15.png",695,360,false],"thumbnail":["https:\/\/arantv.az\/wp-content\/uploads\/2024\/08\/f3a20e803b0e952d6ecc67b5bcce5c15-500x280.png",500,280,true],"medium":["https:\/\/arantv.az\/wp-content\/uploads\/2024\/08\/f3a20e803b0e952d6ecc67b5bcce5c15-660x342.png",660,342,true],"large":["https:\/\/arantv.az\/wp-content\/uploads\/2024\/08\/f3a20e803b0e952d6ecc67b5bcce5c15.png",640,332,false],"1536x1536":["https:\/\/arantv.az\/wp-content\/uploads\/2024\/08\/f3a20e803b0e952d6ecc67b5bcce5c15.png",695,360,false],"2048x2048":["https:\/\/arantv.az\/wp-content\/uploads\/2024\/08\/f3a20e803b0e952d6ecc67b5bcce5c15.png",695,360,false],"post-thumbnail":["https:\/\/arantv.az\/wp-content\/uploads\/2024\/08\/f3a20e803b0e952d6ecc67b5bcce5c15-240x172.png",240,172,true],"advps-thumb-one":["https:\/\/arantv.az\/wp-content\/uploads\/2024\/08\/f3a20e803b0e952d6ecc67b5bcce5c15.png",695,360,false]},"rttpg_author":{"display_name":"V\u00fcsal Rafiqo\u011flu","author_link":"https:\/\/arantv.az\/?author=2"},"rttpg_comment":0,"rttpg_category":"<a href=\"https:\/\/arantv.az\/?cat=1\" rel=\"category\">C\u0259miyy\u0259t<\/a>","rttpg_excerpt":"X\u0259b\u0259r verdiyimiz kimi, Az\u0259rbaycan\u0131n Milli Q\u0259hr\u0259man\u0131 general-mayor Polad H\u0259\u015fimovun o\u011flu Davud H\u0259\u015fimov 4 xarici \u00f6lk\u0259d\u0259 yerl\u0259\u015f\u0259n 7 universitetd\u0259n q\u0259bul al\u0131b. ARANTV.AZ \u00a0X\u0259z\u0259r TV-y\u0259 istinad\u0259n x\u0259b\u0259r verir ki, Davud H\u0259\u015fimov u\u015faql\u0131qdan komp\u00fcter sah\u0259sin\u0259 mara\u011f\u0131 oldu\u011funu bildirib. Onun s\u00f6zl\u0259rin\u0259 g\u00f6r\u0259, 8-9-cu sinifl\u0259rd\u0259n bu pe\u015f\u0259y\u0259 yiy\u0259l\u0259nm\u0259k \u00fc\u00e7\u00fcn \u00e7al\u0131\u015f\u0131b: &#8220;Art\u0131q 3 ildir ki, xarici universitetl\u0259r\u0259 haz\u0131rla\u015f\u0131rd\u0131m. Q\u0259bul x\u0259b\u0259ri alanda&hellip;","_links":{"self":[{"href":"https:\/\/arantv.az\/index.php?rest_route=\/wp\/v2\/posts\/742210"}],"collection":[{"href":"https:\/\/arantv.az\/index.php?rest_route=\/wp\/v2\/posts"}],"about":[{"href":"https:\/\/arantv.az\/index.php?rest_route=\/wp\/v2\/types\/post"}],"author":[{"embeddable":true,"href":"https:\/\/arantv.az\/index.php?rest_route=\/wp\/v2\/users\/2"}],"replies":[{"embeddable":true,"href":"https:\/\/arantv.az\/index.php?rest_route=%2Fwp%2Fv2%2Fcomments&post=742210"}],"version-history":[{"count":1,"href":"https:\/\/arantv.az\/index.php?rest_route=\/wp\/v2\/posts\/742210\/revisions"}],"predecessor-version":[{"id":742212,"href":"https:\/\/arantv.az\/index.php?rest_route=\/wp\/v2\/posts\/742210\/revisions\/742212"}],"wp:featuredmedia":[{"embeddable":true,"href":"https:\/\/arantv.az\/index.php?rest_route=\/wp\/v2\/media\/742211"}],"wp:attachment":[{"href":"https:\/\/arantv.az\/index.php?rest_route=%2Fwp%2Fv2%2Fmedia&parent=742210"}],"wp:term":[{"taxonomy":"category","embeddable":true,"href":"https:\/\/arantv.az\/index.php?rest_route=%2Fwp%2Fv2%2Fcategories&post=742210"},{"taxonomy":"post_tag","embeddable":true,"href":"https:\/\/arantv.az\/index.php?rest_route=%2Fwp%2Fv2%2Ftags&post=742210"}],"curies":[{"name":"wp","href":"https:\/\/api.w.org\/{rel}","templated":true}]}}