{"id":742860,"date":"2024-08-07T12:05:05","date_gmt":"2024-08-07T08:05:05","guid":{"rendered":"https:\/\/arantv.az\/?p=742860"},"modified":"2024-08-07T12:05:05","modified_gmt":"2024-08-07T08:05:05","slug":"son-d%c9%99qiq%c9%99-prezidentd%c9%99n-s%c9%99r%c9%99ncam-bu-icra-bascisi-isd%c9%99n-cixarildi","status":"publish","type":"post","link":"https:\/\/arantv.az\/?p=742860","title":{"rendered":"SON D\u018fQ\u0130Q\u018f! Prezidentd\u0259n S\u018fR\u018fNCAM &#8211; Bu icra ba\u015f\u00e7\u0131s\u0131 \u0130\u015eD\u018fN \u00c7IXARILDI"},"content":{"rendered":"<p>Tofiq H\u00fcseyn o\u011flu \u0130brahimov A\u011fda\u015f Rayon \u0130cra Hakimiyy\u0259tinin ba\u015f\u00e7\u0131s\u0131 v\u0259zif\u0259sind\u0259n azad edilib.<\/p>\n<p><a href=\"https:\/\/azertag.az\/xeber\/thibrahimovun_agdas_rayon_icra_hakimiyyetinin_baschisi_vezifesinden_azad_edilmesi_haqqinda_azerbaycan_respublikasi_prezidentinin_serencami-3127914\" target=\"_blank\" rel=\"nofollow noopener\">AZ\u018fRTAC<\/a>\u00a0x\u0259b\u0259r verir ki, Prezident\u00a0<strong>\u0130lham \u018fliyev<\/strong>\u00a0bununla ba\u011fl\u0131 m\u00fcvafiq S\u0259r\u0259ncam imzalay\u0131b.<\/p>\n","protected":false},"excerpt":{"rendered":"<p>Tofiq H\u00fcseyn o\u011flu \u0130brahimov A\u011fda\u015f Rayon \u0130cra Hakimiyy\u0259tinin ba\u015f\u00e7\u0131s\u0131 v\u0259zif\u0259sind\u0259n azad edilib. AZ\u018fRTAC\u00a0x\u0259b\u0259r verir ki, Prezident\u00a0\u0130lham \u018fliyev\u00a0bununla ba\u011fl\u0131 m\u00fcvafiq S\u0259r\u0259ncam imzalay\u0131b.<\/p>\n","protected":false},"author":2,"featured_media":742861,"comment_status":"closed","ping_status":"closed","sticky":false,"template":"","format":"standard","meta":{"om_disable_all_campaigns":false,"_monsterinsights_skip_tracking":false,"_monsterinsights_sitenote_active":false,"_monsterinsights_sitenote_note":"","_monsterinsights_sitenote_category":0},"categories":[4],"tags":[],"aioseo_notices":[],"gutentor_comment":0,"rttpg_featured_image_url":{"full":["https:\/\/arantv.az\/wp-content\/uploads\/2024\/08\/5f9de28957af6cc928cce2462c6f96cd.png",850,500,false],"landscape":["https:\/\/arantv.az\/wp-content\/uploads\/2024\/08\/5f9de28957af6cc928cce2462c6f96cd.png",850,500,false],"portraits":["https:\/\/arantv.az\/wp-content\/uploads\/2024\/08\/5f9de28957af6cc928cce2462c6f96cd.png",850,500,false],"thumbnail":["https:\/\/arantv.az\/wp-content\/uploads\/2024\/08\/5f9de28957af6cc928cce2462c6f96cd-500x280.png",500,280,true],"medium":["https:\/\/arantv.az\/wp-content\/uploads\/2024\/08\/5f9de28957af6cc928cce2462c6f96cd-621x365.png",621,365,true],"large":["https:\/\/arantv.az\/wp-content\/uploads\/2024\/08\/5f9de28957af6cc928cce2462c6f96cd-840x494.png",640,376,true],"1536x1536":["https:\/\/arantv.az\/wp-content\/uploads\/2024\/08\/5f9de28957af6cc928cce2462c6f96cd.png",850,500,false],"2048x2048":["https:\/\/arantv.az\/wp-content\/uploads\/2024\/08\/5f9de28957af6cc928cce2462c6f96cd.png",850,500,false],"post-thumbnail":["https:\/\/arantv.az\/wp-content\/uploads\/2024\/08\/5f9de28957af6cc928cce2462c6f96cd-240x172.png",240,172,true],"advps-thumb-one":["https:\/\/arantv.az\/wp-content\/uploads\/2024\/08\/5f9de28957af6cc928cce2462c6f96cd.png",850,500,false]},"rttpg_author":{"display_name":"V\u00fcsal Rafiqo\u011flu","author_link":"https:\/\/arantv.az\/?author=2"},"rttpg_comment":0,"rttpg_category":"<a href=\"https:\/\/arantv.az\/?cat=4\" rel=\"category\">Siyas\u0259t<\/a>","rttpg_excerpt":"Tofiq H\u00fcseyn o\u011flu \u0130brahimov A\u011fda\u015f Rayon \u0130cra Hakimiyy\u0259tinin ba\u015f\u00e7\u0131s\u0131 v\u0259zif\u0259sind\u0259n azad edilib. AZ\u018fRTAC\u00a0x\u0259b\u0259r verir ki, Prezident\u00a0\u0130lham \u018fliyev\u00a0bununla ba\u011fl\u0131 m\u00fcvafiq S\u0259r\u0259ncam imzalay\u0131b.","_links":{"self":[{"href":"https:\/\/arantv.az\/index.php?rest_route=\/wp\/v2\/posts\/742860"}],"collection":[{"href":"https:\/\/arantv.az\/index.php?rest_route=\/wp\/v2\/posts"}],"about":[{"href":"https:\/\/arantv.az\/index.php?rest_route=\/wp\/v2\/types\/post"}],"author":[{"embeddable":true,"href":"https:\/\/arantv.az\/index.php?rest_route=\/wp\/v2\/users\/2"}],"replies":[{"embeddable":true,"href":"https:\/\/arantv.az\/index.php?rest_route=%2Fwp%2Fv2%2Fcomments&post=742860"}],"version-history":[{"count":2,"href":"https:\/\/arantv.az\/index.php?rest_route=\/wp\/v2\/posts\/742860\/revisions"}],"predecessor-version":[{"id":742863,"href":"https:\/\/arantv.az\/index.php?rest_route=\/wp\/v2\/posts\/742860\/revisions\/742863"}],"wp:featuredmedia":[{"embeddable":true,"href":"https:\/\/arantv.az\/index.php?rest_route=\/wp\/v2\/media\/742861"}],"wp:attachment":[{"href":"https:\/\/arantv.az\/index.php?rest_route=%2Fwp%2Fv2%2Fmedia&parent=742860"}],"wp:term":[{"taxonomy":"category","embeddable":true,"href":"https:\/\/arantv.az\/index.php?rest_route=%2Fwp%2Fv2%2Fcategories&post=742860"},{"taxonomy":"post_tag","embeddable":true,"href":"https:\/\/arantv.az\/index.php?rest_route=%2Fwp%2Fv2%2Ftags&post=742860"}],"curies":[{"name":"wp","href":"https:\/\/api.w.org\/{rel}","templated":true}]}}