{"id":742873,"date":"2024-08-07T13:22:43","date_gmt":"2024-08-07T09:22:43","guid":{"rendered":"https:\/\/arantv.az\/?p=742873"},"modified":"2024-08-07T13:22:43","modified_gmt":"2024-08-07T09:22:43","slug":"kamran-%c9%99liyev-bu-xanimlari-yuks%c9%99k-v%c9%99zif%c9%99y%c9%99-t%c9%99yin-etdi","status":"publish","type":"post","link":"https:\/\/arantv.az\/?p=742873","title":{"rendered":"Kamran \u018fliyev bu xan\u0131mlar\u0131 Y\u00dcKS\u018fK V\u018fZ\u0130F\u018fY\u018f t\u0259yin etdi"},"content":{"rendered":"<p><strong>Ba\u015f Prokurorluqda t\u0259yinatlar olub.<\/strong><\/p>\n<p>Ba\u015f prokurorlu\u011fun m\u0259tbuat xidm\u0259tind\u0259n\u00a0<strong>Musavat.com<\/strong>-a veril\u0259n x\u0259b\u0259r\u0259 g\u00f6r\u0259, Ba\u015f prokuror Kamran \u018fliyevin m\u00fcvafiq \u0259mrl\u0259rin\u0259 \u0259sas\u0259n, \u015e\u0259lal\u0259 R\u00fcst\u0259mova v\u0259 S\u0259kin\u0259 H\u00fcseyinova-Zeynalova Ba\u015f Prokurorlu\u011fun D\u00f6vl\u0259t ittiham\u0131n\u0131n m\u00fcdafi\u0259si \u00fczr\u0259 idar\u0259sinin prokuroru v\u0259zif\u0259sin\u0259 t\u0259yin edilibl\u0259r.<\/p>\n<p>Qeyd ed\u0259k ki, onlar\u0131n h\u0259r ikisi 2021-ci ild\u0259 m\u00fcsabiq\u0259 yolu il\u0259 prokurorluq orqanlar\u0131nda qullu\u011fa q\u0259bul olunub, \u015e.R\u00fcst\u0259mova bu t\u0259yinata q\u0259d\u0259r Nizami rayon prokurorunun k\u00f6m\u0259k\u00e7isi v\u0259 b\u00f6y\u00fck k\u00f6m\u0259k\u00e7isi v\u0259zif\u0259l\u0259rind\u0259, S.H\u00fcseyinova-Zeynalova is\u0259 Siy\u0259z\u0259n rayon prokurorlu\u011funun m\u00fcst\u0259ntiqi v\u0259 h\u0259min rayon prokurorunun b\u00f6y\u00fck k\u00f6m\u0259k\u00e7isi v\u0259zif\u0259l\u0259rind\u0259 i\u015fl\u0259yib:<\/p>\n<p>&#8220;Prokurorluq orqanlar\u0131nda gender b\u0259rab\u0259rliyi n\u0259z\u0259r\u0259 al\u0131nmaqla prokurorlu\u011fun g\u0259nc, y\u00fcks\u0259k n\u0259z\u0259ri bilik v\u0259 pe\u015f\u0259 haz\u0131rl\u0131\u011f\u0131na malik kadrlarla komplektl\u0259\u015fdirilm\u0259si istiqam\u0259tind\u0259 g\u00f6r\u00fcl\u0259n t\u0259dbirl\u0259r bundan sonra da davam etdiril\u0259c\u0259k&#8221;-dey\u0259 m\u0259lumatda deyilir.<\/p>\n","protected":false},"excerpt":{"rendered":"<p>Ba\u015f Prokurorluqda t\u0259yinatlar olub. Ba\u015f prokurorlu\u011fun m\u0259tbuat xidm\u0259tind\u0259n\u00a0Musavat.com-a veril\u0259n x\u0259b\u0259r\u0259 g\u00f6r\u0259, Ba\u015f prokuror Kamran \u018fliyevin m\u00fcvafiq \u0259mrl\u0259rin\u0259 \u0259sas\u0259n, \u015e\u0259lal\u0259 R\u00fcst\u0259mova v\u0259 S\u0259kin\u0259 H\u00fcseyinova-Zeynalova Ba\u015f Prokurorlu\u011fun D\u00f6vl\u0259t ittiham\u0131n\u0131n m\u00fcdafi\u0259si \u00fczr\u0259 idar\u0259sinin prokuroru v\u0259zif\u0259sin\u0259 t\u0259yin edilibl\u0259r. Qeyd ed\u0259k ki, onlar\u0131n h\u0259r ikisi 2021-ci ild\u0259 m\u00fcsabiq\u0259 yolu il\u0259 prokurorluq orqanlar\u0131nda qullu\u011fa q\u0259bul olunub, \u015e.R\u00fcst\u0259mova bu t\u0259yinata q\u0259d\u0259r Nizami rayon prokurorunun k\u00f6m\u0259k\u00e7isi v\u0259 b\u00f6y\u00fck k\u00f6m\u0259k\u00e7isi v\u0259zif\u0259l\u0259rind\u0259, S.H\u00fcseyinova-Zeynalova is\u0259 Siy\u0259z\u0259n rayon prokurorlu\u011funun m\u00fcst\u0259ntiqi v\u0259 h\u0259min rayon prokurorunun b\u00f6y\u00fck k\u00f6m\u0259k\u00e7isi v\u0259zif\u0259l\u0259rind\u0259 i\u015fl\u0259yib: &#8220;Prokurorluq orqanlar\u0131nda gender b\u0259rab\u0259rliyi n\u0259z\u0259r\u0259 al\u0131nmaqla prokurorlu\u011fun g\u0259nc, y\u00fcks\u0259k n\u0259z\u0259ri bilik v\u0259 pe\u015f\u0259 haz\u0131rl\u0131\u011f\u0131na&hellip;<\/p>\n","protected":false},"author":2,"featured_media":742874,"comment_status":"closed","ping_status":"closed","sticky":false,"template":"","format":"standard","meta":{"om_disable_all_campaigns":false,"_monsterinsights_skip_tracking":false,"_monsterinsights_sitenote_active":false,"_monsterinsights_sitenote_note":"","_monsterinsights_sitenote_category":0},"categories":[1],"tags":[],"aioseo_notices":[],"gutentor_comment":0,"rttpg_featured_image_url":{"full":["https:\/\/arantv.az\/wp-content\/uploads\/2024\/08\/af88b5cd1659a55da1444b6b9815a883.jpg",870,500,false],"landscape":["https:\/\/arantv.az\/wp-content\/uploads\/2024\/08\/af88b5cd1659a55da1444b6b9815a883.jpg",870,500,false],"portraits":["https:\/\/arantv.az\/wp-content\/uploads\/2024\/08\/af88b5cd1659a55da1444b6b9815a883.jpg",870,500,false],"thumbnail":["https:\/\/arantv.az\/wp-content\/uploads\/2024\/08\/af88b5cd1659a55da1444b6b9815a883-500x280.jpg",500,280,true],"medium":["https:\/\/arantv.az\/wp-content\/uploads\/2024\/08\/af88b5cd1659a55da1444b6b9815a883-635x365.jpg",635,365,true],"large":["https:\/\/arantv.az\/wp-content\/uploads\/2024\/08\/af88b5cd1659a55da1444b6b9815a883-840x483.jpg",640,368,true],"1536x1536":["https:\/\/arantv.az\/wp-content\/uploads\/2024\/08\/af88b5cd1659a55da1444b6b9815a883.jpg",870,500,false],"2048x2048":["https:\/\/arantv.az\/wp-content\/uploads\/2024\/08\/af88b5cd1659a55da1444b6b9815a883.jpg",870,500,false],"post-thumbnail":["https:\/\/arantv.az\/wp-content\/uploads\/2024\/08\/af88b5cd1659a55da1444b6b9815a883-240x172.jpg",240,172,true],"advps-thumb-one":["https:\/\/arantv.az\/wp-content\/uploads\/2024\/08\/af88b5cd1659a55da1444b6b9815a883.jpg",870,500,false]},"rttpg_author":{"display_name":"V\u00fcsal Rafiqo\u011flu","author_link":"https:\/\/arantv.az\/?author=2"},"rttpg_comment":0,"rttpg_category":"<a href=\"https:\/\/arantv.az\/?cat=1\" rel=\"category\">C\u0259miyy\u0259t<\/a>","rttpg_excerpt":"Ba\u015f Prokurorluqda t\u0259yinatlar olub. Ba\u015f prokurorlu\u011fun m\u0259tbuat xidm\u0259tind\u0259n\u00a0Musavat.com-a veril\u0259n x\u0259b\u0259r\u0259 g\u00f6r\u0259, Ba\u015f prokuror Kamran \u018fliyevin m\u00fcvafiq \u0259mrl\u0259rin\u0259 \u0259sas\u0259n, \u015e\u0259lal\u0259 R\u00fcst\u0259mova v\u0259 S\u0259kin\u0259 H\u00fcseyinova-Zeynalova Ba\u015f Prokurorlu\u011fun D\u00f6vl\u0259t ittiham\u0131n\u0131n m\u00fcdafi\u0259si \u00fczr\u0259 idar\u0259sinin prokuroru v\u0259zif\u0259sin\u0259 t\u0259yin edilibl\u0259r. Qeyd ed\u0259k ki, onlar\u0131n h\u0259r ikisi 2021-ci ild\u0259 m\u00fcsabiq\u0259 yolu il\u0259 prokurorluq orqanlar\u0131nda qullu\u011fa q\u0259bul olunub, \u015e.R\u00fcst\u0259mova bu t\u0259yinata q\u0259d\u0259r Nizami&hellip;","_links":{"self":[{"href":"https:\/\/arantv.az\/index.php?rest_route=\/wp\/v2\/posts\/742873"}],"collection":[{"href":"https:\/\/arantv.az\/index.php?rest_route=\/wp\/v2\/posts"}],"about":[{"href":"https:\/\/arantv.az\/index.php?rest_route=\/wp\/v2\/types\/post"}],"author":[{"embeddable":true,"href":"https:\/\/arantv.az\/index.php?rest_route=\/wp\/v2\/users\/2"}],"replies":[{"embeddable":true,"href":"https:\/\/arantv.az\/index.php?rest_route=%2Fwp%2Fv2%2Fcomments&post=742873"}],"version-history":[{"count":1,"href":"https:\/\/arantv.az\/index.php?rest_route=\/wp\/v2\/posts\/742873\/revisions"}],"predecessor-version":[{"id":742875,"href":"https:\/\/arantv.az\/index.php?rest_route=\/wp\/v2\/posts\/742873\/revisions\/742875"}],"wp:featuredmedia":[{"embeddable":true,"href":"https:\/\/arantv.az\/index.php?rest_route=\/wp\/v2\/media\/742874"}],"wp:attachment":[{"href":"https:\/\/arantv.az\/index.php?rest_route=%2Fwp%2Fv2%2Fmedia&parent=742873"}],"wp:term":[{"taxonomy":"category","embeddable":true,"href":"https:\/\/arantv.az\/index.php?rest_route=%2Fwp%2Fv2%2Fcategories&post=742873"},{"taxonomy":"post_tag","embeddable":true,"href":"https:\/\/arantv.az\/index.php?rest_route=%2Fwp%2Fv2%2Ftags&post=742873"}],"curies":[{"name":"wp","href":"https:\/\/api.w.org\/{rel}","templated":true}]}}