{"id":742886,"date":"2024-08-07T13:27:06","date_gmt":"2024-08-07T09:27:06","guid":{"rendered":"https:\/\/arantv.az\/?p=742886"},"modified":"2024-08-07T13:27:06","modified_gmt":"2024-08-07T09:27:06","slug":"vusal-qasimli-onu-ozun%c9%99-muavin-t%c9%99yin-etdi-foto","status":"publish","type":"post","link":"https:\/\/arantv.az\/?p=742886","title":{"rendered":"V\u00fcsal Qas\u0131ml\u0131 ONU \u00f6z\u00fcn\u0259 m\u00fcavin T\u018fY\u0130N ETD\u0130 &#8211; FOTO"},"content":{"rendered":"<div class=\"text-content\" data-id=\"\" data-url=\"\">\n<p><strong>\u0130qtisadi \u0130slahatlar\u0131n T\u0259hlili v\u0259 Kommunikasiya M\u0259rk\u0259zinin (\u0130\u0130TKM) icra\u00e7\u0131 direktoru V\u00fcsal Qas\u0131ml\u0131 \u00f6z\u00fcn\u0259 yeni m\u00fcavin t\u0259yin edib.<\/strong><\/p>\n<p>Bu, indiy\u0259 q\u0259d\u0259r onun m\u00fc\u015faviri olan Ayaz M\u00fcseyibovdur.<\/p>\n<p>O, yeni v\u0259zif\u0259sind\u0259 bir q\u0259d\u0259r \u0259vv\u0259l K\u0259nd T\u0259s\u0259rr\u00fcfat\u0131 Nazirliyi yan\u0131nda Aqrar T\u0259dqiqatlar M\u0259rk\u0259zinin direktoru t\u0259yin olunmu\u015f R\u0259\u015fad H\u00fcseynovu \u0259v\u0259z edib.<\/p>\n<p>A.M\u00fcseyibov 1992-ci ild\u0259 Xa\u00e7mazda anadan olub, 2010-2014-c\u00fc ill\u0259rd\u0259 Az\u0259rbaycan D\u00f6vl\u0259t \u0130qtisad Universitetind\u0259 maliyy\u0259 ixtisas\u0131 \u00fczr\u0259 bakalavr, 2014-2017-ci ill\u0259rd\u0259 maliyy\u0259 idar\u0259etm\u0259si ixtisas\u0131 \u00fczr\u0259 magistr, 2021-ci ild\u0259 Asiya \u0130nki\u015faf Bank\u0131n\u0131n t\u0259qa\u00fcd\u00fc il\u0259 B\u00f6y\u00fck Britaniyan\u0131n Kembric Hakim Biznes M\u0259kt\u0259bind\u0259 &#8220;Finteks v\u0259 t\u0259nziml\u0259yici innovasiyalar&#8221; \u00fczr\u0259 t\u0259hsil al\u0131b, 2020-2021-ci ill\u0259rd\u0259 Beyn\u0259lxalq Valyuta Fondu \u0130nstitutunun d\u00f6vl\u0259t qulluq\u00e7ular\u0131 \u00fc\u00e7\u00fcn \u201cMaliyy\u0259 Proqramla\u015fd\u0131r\u0131lmas\u0131: Makroqitisadi T\u0259hlil\u201d istiqam\u0259ti \u00fczr\u0259 x\u00fcsusi proqram\u0131n\u0131 bitirib, 2020-ci ild\u0259n Az\u0259rbaycan D\u00f6vl\u0259t \u0130qtisad Universitetind\u0259 \u0130qtisadiyyat \u00fczr\u0259 doktorantura t\u0259hsili al\u0131r, \u201cSmart Siyas\u0259t \u2013 21-ci \u0259srin d\u00f6vl\u0259t siyas\u0259tind\u0259 data analitikas\u0131\u201d istiqam\u0259ti \u00fczr\u0259 AB\u015e D\u00f6vl\u0259t Departamentinin Beyn\u0259lxalq Liderl\u0259rin M\u00fcbadil\u0259si Proqram\u0131n\u0131n m\u0259zunudur.<\/p>\n<p>O, 2015-2016-c\u0131 ill\u0259rd\u0259 Az\u0259rbaycan M\u0259rk\u0259zi Bank\u0131n\u0131n M\u0259rk\u0259zl\u0259\u015fdirilmi\u015f Kredit Reyestri Xidm\u0259tind\u0259 ki\u00e7ik m\u00fct\u0259x\u0259ssis; 2016-2018-ci ill\u0259rd\u0259 Maliyy\u0259 Bazarlar\u0131na N\u0259zar\u0259t Palatas\u0131nda Bank n\u0259zar\u0259ti departamentinin ki\u00e7ik m\u00fct\u0259x\u0259ssisi, 2018-2019-cu ill\u0259rd\u0259 &#8220;Az\u0259rbaycan Kredit B\u00fcrosu&#8221; MMC-d\u0259 Biznesin inki\u015faf\u0131 departamentinin apar\u0131c\u0131 m\u00fct\u0259x\u0259ssisi, 2019-2020-ci ill\u0259rd\u0259 \u0130\u0130TKM-d\u0259 S\u0259m\u0259r\u0259liliyin qiym\u0259tl\u0259ndirilm\u0259si departamentinin ba\u015f analitiki, 2020-ci ild\u0259n Strateji planla\u015fd\u0131rma v\u0259 inki\u015faf departamentinin r\u0259hb\u0259ri, 2022-2023-c\u00fc ill\u0259rd\u0259 \u0130qtisadiyyat Nazirliyinin tabeliyind\u0259ki IV S\u0259naye \u0130nqilab\u0131n\u0131n T\u0259hlili v\u0259 Koordinasiya M\u0259rk\u0259zind\u0259 T\u0259hlil v\u0259 monitorinq \u015f\u00f6b\u0259sinin r\u0259isi v\u0259zif\u0259l\u0259rind\u0259 \u00e7al\u0131\u015f\u0131b, 2023-c\u00fc ilin oktyabr ay\u0131nda \u0130\u0130TKM-n\u0131n icra\u00e7\u0131 direktorunun m\u00fc\u015faviri t\u0259yin olunub. (Report)<\/p>\n<\/div>\n<div>\n<div class=\"form-group\"><img class=\"img-responsive\" src=\"https:\/\/cdn.musavat.com\/news\/images\/Ayten\/VUSAL.jpg\" \/><\/div>\n<\/div>\n<div><\/div>\n<div class=\"inner-social-box\">\n<div class=\"subs-in-social subs-whatsapp\"><\/div>\n<\/div>\n","protected":false},"excerpt":{"rendered":"<p>\u0130qtisadi \u0130slahatlar\u0131n T\u0259hlili v\u0259 Kommunikasiya M\u0259rk\u0259zinin (\u0130\u0130TKM) icra\u00e7\u0131 direktoru V\u00fcsal Qas\u0131ml\u0131 \u00f6z\u00fcn\u0259 yeni m\u00fcavin t\u0259yin edib. Bu, indiy\u0259 q\u0259d\u0259r onun m\u00fc\u015faviri olan Ayaz M\u00fcseyibovdur. O, yeni v\u0259zif\u0259sind\u0259 bir q\u0259d\u0259r \u0259vv\u0259l K\u0259nd T\u0259s\u0259rr\u00fcfat\u0131 Nazirliyi yan\u0131nda Aqrar T\u0259dqiqatlar M\u0259rk\u0259zinin direktoru t\u0259yin olunmu\u015f R\u0259\u015fad H\u00fcseynovu \u0259v\u0259z edib. A.M\u00fcseyibov 1992-ci ild\u0259 Xa\u00e7mazda anadan olub, 2010-2014-c\u00fc ill\u0259rd\u0259 Az\u0259rbaycan D\u00f6vl\u0259t \u0130qtisad Universitetind\u0259 maliyy\u0259 ixtisas\u0131 \u00fczr\u0259 bakalavr, 2014-2017-ci ill\u0259rd\u0259 maliyy\u0259 idar\u0259etm\u0259si ixtisas\u0131 \u00fczr\u0259 magistr, 2021-ci ild\u0259 Asiya \u0130nki\u015faf Bank\u0131n\u0131n t\u0259qa\u00fcd\u00fc il\u0259 B\u00f6y\u00fck Britaniyan\u0131n Kembric Hakim Biznes M\u0259kt\u0259bind\u0259 &#8220;Finteks v\u0259 t\u0259nziml\u0259yici innovasiyalar&#8221; \u00fczr\u0259 t\u0259hsil al\u0131b, 2020-2021-ci ill\u0259rd\u0259 Beyn\u0259lxalq&hellip;<\/p>\n","protected":false},"author":2,"featured_media":742887,"comment_status":"closed","ping_status":"closed","sticky":false,"template":"","format":"standard","meta":{"om_disable_all_campaigns":false,"_monsterinsights_skip_tracking":false,"_monsterinsights_sitenote_active":false,"_monsterinsights_sitenote_note":"","_monsterinsights_sitenote_category":0},"categories":[1],"tags":[],"aioseo_notices":[],"gutentor_comment":0,"rttpg_featured_image_url":{"full":["https:\/\/arantv.az\/wp-content\/uploads\/2024\/08\/30bf73a5019cac7ba68fe6ae97e96006.jpg",870,500,false],"landscape":["https:\/\/arantv.az\/wp-content\/uploads\/2024\/08\/30bf73a5019cac7ba68fe6ae97e96006.jpg",870,500,false],"portraits":["https:\/\/arantv.az\/wp-content\/uploads\/2024\/08\/30bf73a5019cac7ba68fe6ae97e96006.jpg",870,500,false],"thumbnail":["https:\/\/arantv.az\/wp-content\/uploads\/2024\/08\/30bf73a5019cac7ba68fe6ae97e96006-500x280.jpg",500,280,true],"medium":["https:\/\/arantv.az\/wp-content\/uploads\/2024\/08\/30bf73a5019cac7ba68fe6ae97e96006-635x365.jpg",635,365,true],"large":["https:\/\/arantv.az\/wp-content\/uploads\/2024\/08\/30bf73a5019cac7ba68fe6ae97e96006-840x483.jpg",640,368,true],"1536x1536":["https:\/\/arantv.az\/wp-content\/uploads\/2024\/08\/30bf73a5019cac7ba68fe6ae97e96006.jpg",870,500,false],"2048x2048":["https:\/\/arantv.az\/wp-content\/uploads\/2024\/08\/30bf73a5019cac7ba68fe6ae97e96006.jpg",870,500,false],"post-thumbnail":["https:\/\/arantv.az\/wp-content\/uploads\/2024\/08\/30bf73a5019cac7ba68fe6ae97e96006-240x172.jpg",240,172,true],"advps-thumb-one":["https:\/\/arantv.az\/wp-content\/uploads\/2024\/08\/30bf73a5019cac7ba68fe6ae97e96006.jpg",870,500,false]},"rttpg_author":{"display_name":"V\u00fcsal Rafiqo\u011flu","author_link":"https:\/\/arantv.az\/?author=2"},"rttpg_comment":0,"rttpg_category":"<a href=\"https:\/\/arantv.az\/?cat=1\" rel=\"category\">C\u0259miyy\u0259t<\/a>","rttpg_excerpt":"\u0130qtisadi \u0130slahatlar\u0131n T\u0259hlili v\u0259 Kommunikasiya M\u0259rk\u0259zinin (\u0130\u0130TKM) icra\u00e7\u0131 direktoru V\u00fcsal Qas\u0131ml\u0131 \u00f6z\u00fcn\u0259 yeni m\u00fcavin t\u0259yin edib. Bu, indiy\u0259 q\u0259d\u0259r onun m\u00fc\u015faviri olan Ayaz M\u00fcseyibovdur. O, yeni v\u0259zif\u0259sind\u0259 bir q\u0259d\u0259r \u0259vv\u0259l K\u0259nd T\u0259s\u0259rr\u00fcfat\u0131 Nazirliyi yan\u0131nda Aqrar T\u0259dqiqatlar M\u0259rk\u0259zinin direktoru t\u0259yin olunmu\u015f R\u0259\u015fad H\u00fcseynovu \u0259v\u0259z edib. A.M\u00fcseyibov 1992-ci ild\u0259 Xa\u00e7mazda anadan olub, 2010-2014-c\u00fc ill\u0259rd\u0259 Az\u0259rbaycan D\u00f6vl\u0259t \u0130qtisad&hellip;","_links":{"self":[{"href":"https:\/\/arantv.az\/index.php?rest_route=\/wp\/v2\/posts\/742886"}],"collection":[{"href":"https:\/\/arantv.az\/index.php?rest_route=\/wp\/v2\/posts"}],"about":[{"href":"https:\/\/arantv.az\/index.php?rest_route=\/wp\/v2\/types\/post"}],"author":[{"embeddable":true,"href":"https:\/\/arantv.az\/index.php?rest_route=\/wp\/v2\/users\/2"}],"replies":[{"embeddable":true,"href":"https:\/\/arantv.az\/index.php?rest_route=%2Fwp%2Fv2%2Fcomments&post=742886"}],"version-history":[{"count":1,"href":"https:\/\/arantv.az\/index.php?rest_route=\/wp\/v2\/posts\/742886\/revisions"}],"predecessor-version":[{"id":742888,"href":"https:\/\/arantv.az\/index.php?rest_route=\/wp\/v2\/posts\/742886\/revisions\/742888"}],"wp:featuredmedia":[{"embeddable":true,"href":"https:\/\/arantv.az\/index.php?rest_route=\/wp\/v2\/media\/742887"}],"wp:attachment":[{"href":"https:\/\/arantv.az\/index.php?rest_route=%2Fwp%2Fv2%2Fmedia&parent=742886"}],"wp:term":[{"taxonomy":"category","embeddable":true,"href":"https:\/\/arantv.az\/index.php?rest_route=%2Fwp%2Fv2%2Fcategories&post=742886"},{"taxonomy":"post_tag","embeddable":true,"href":"https:\/\/arantv.az\/index.php?rest_route=%2Fwp%2Fv2%2Ftags&post=742886"}],"curies":[{"name":"wp","href":"https:\/\/api.w.org\/{rel}","templated":true}]}}