{"id":742897,"date":"2024-08-07T14:05:26","date_gmt":"2024-08-07T10:05:26","guid":{"rendered":"https:\/\/arantv.az\/?p=742897"},"modified":"2024-08-07T14:05:26","modified_gmt":"2024-08-07T10:05:26","slug":"az%c9%99rbaycanda-m%c9%99hk%c9%99m%c9%99-ekspertizasi-surasi-yaradildi","status":"publish","type":"post","link":"https:\/\/arantv.az\/?p=742897","title":{"rendered":"Az\u0259rbaycanda M\u0259hk\u0259m\u0259 Ekspertizas\u0131 \u015euras\u0131 YARADILDI"},"content":{"rendered":"<p><strong>Prezident \u0130lham \u018fliyev M\u0259hk\u0259m\u0259 Ekspertizas\u0131 \u015euras\u0131n\u0131n yarad\u0131lmas\u0131 haqq\u0131nda S\u0259r\u0259ncam imzalay\u0131b.<\/strong><\/p>\n<p><strong>ARANTV.AZ<\/strong>\u00a0x\u0259b\u0259r verir ki, S\u0259r\u0259ncamla m\u0259hk\u0259m\u0259 ekspertizas\u0131 sah\u0259sind\u0259 (bundan sonra \u2013 m\u00fcvafiq sah\u0259) d\u00f6vl\u0259t idar\u0259etm\u0259sinin v\u0259 t\u0259nziml\u0259m\u0259sinin t\u0259kmill\u0259\u015fdirilm\u0259si, m\u0259hk\u0259m\u0259 ekspertizas\u0131 f\u0259aliyy\u0259tinin beyn\u0259lxalq standartlara uy\u011funlu\u011funun t\u0259min edilm\u0259si, habel\u0259 m\u00fcvafiq sah\u0259d\u0259 vahid standartlar\u0131n haz\u0131rlanmas\u0131 v\u0259 onlar\u0131n t\u0259tbiqinin t\u0259\u015fviqi, kadr potensial\u0131n\u0131n g\u00fccl\u0259ndirilm\u0259si m\u0259qs\u0259dil\u0259 a\u015fa\u011f\u0131dak\u0131 t\u0259rkibd\u0259 m\u0259\u015fv\u0259r\u0259t\u00e7i \u0259saslarla f\u0259aliyy\u0259t g\u00f6st\u0259r\u0259n M\u0259hk\u0259m\u0259 Ekspertizas\u0131 \u015euras\u0131 (bundan sonra \u2013 \u015eura) yarad\u0131l\u0131r:<\/p>\n<p><strong>\u015euran\u0131n s\u0259dri<\/strong><\/p>\n<p>Az\u0259rbaycan Respublikas\u0131n\u0131n \u0259dliyy\u0259 naziri<\/p>\n<p><strong>\u015euran\u0131n \u00fczvl\u0259ri:<\/strong><\/p>\n<p>Az\u0259rbaycan Respublikas\u0131 daxili i\u015fl\u0259r nazirinin m\u00fcavini<\/p>\n<p>Az\u0259rbaycan Respublikas\u0131 m\u00fcdafi\u0259 nazirinin m\u00fcavini<\/p>\n<p>Az\u0259rbaycan Respublikas\u0131 s\u0259hiyy\u0259 nazirinin m\u00fcavini<\/p>\n<p>Az\u0259rbaycan Respublikas\u0131 D\u00f6vl\u0259t T\u0259hl\u00fck\u0259sizliyi Xidm\u0259ti r\u0259isinin m\u00fcavini<\/p>\n<p>Az\u0259rbaycan Respublikas\u0131 Ali M\u0259hk\u0259m\u0259si s\u0259drinin m\u00fcavini<\/p>\n<p>Az\u0259rbaycan Respublikas\u0131 Ba\u015f prokurorunun m\u00fcavini<\/p>\n<p>Az\u0259rbaycan Respublikas\u0131 V\u0259kill\u0259r Kollegiyas\u0131 R\u0259yas\u0259t Hey\u0259ti s\u0259drinin m\u00fcavini.<\/p>\n<p>\u015eura a\u015fa\u011f\u0131dak\u0131 m\u0259s\u0259l\u0259l\u0259rl\u0259 ba\u011fl\u0131 t\u0259klifl\u0259rini haz\u0131rlay\u0131b alt\u0131 ay m\u00fcdd\u0259tind\u0259 Az\u0259rbaycan Respublikas\u0131n\u0131n Prezidentin\u0259 t\u0259qdim etm\u0259lidir:<\/p>\n<p>&#8211; m\u00fcvafiq sah\u0259nin inki\u015faf konsepsiyas\u0131n\u0131n layih\u0259sin\u0259 dair t\u0259klifl\u0259rini;<\/p>\n<p>&#8211; m\u00fcvafiq sah\u0259d\u0259 d\u00f6vl\u0259t orqanlar\u0131n\u0131n (qurumlar\u0131n\u0131n) f\u0259aliyy\u0259tinin elektronla\u015fd\u0131r\u0131lmas\u0131n\u0131n, \u00fcmumi m\u0259lumat v\u0259 bilik bazas\u0131n\u0131n formala\u015fd\u0131r\u0131lmas\u0131 v\u0259 h\u0259min bazadan istifad\u0259nin \u0259l\u00e7atanl\u0131\u011f\u0131n\u0131n t\u0259min edilm\u0259si v\u0259 bu kimi dig\u0259r m\u0259qs\u0259dl\u0259r\u0259 nail olunmas\u0131 \u00fc\u00e7\u00fcn vahid informasiya sisteminin yarad\u0131lmas\u0131na dair t\u0259klifl\u0259rini;<\/p>\n<p>&#8211; m\u00fcvafiq sah\u0259d\u0259 d\u00f6vl\u0259t orqanlar\u0131n\u0131n (qurumlar\u0131n\u0131n) f\u0259aliyy\u0259t dair\u0259sinin geni\u015fl\u0259ndirilm\u0259si imkanlar\u0131n\u0131n t\u0259hlili \u0259sas\u0131nda t\u0259klifl\u0259rini;<\/p>\n<p>&#8211; ayr\u0131-ayr\u0131 ekspertiza n\u00f6vl\u0259ri \u00fczr\u0259 vahid standartlar\u0131n m\u00fc\u0259yy\u0259n olunmas\u0131na dair t\u0259klifl\u0259rini;<\/p>\n<p>&#8211; m\u00fcvafiq sah\u0259d\u0259 x\u00fcsusi t\u0259hsil proqramlar\u0131n\u0131n (ixtisaslar\u0131n) a\u00e7\u0131lmas\u0131, habel\u0259 ali t\u0259hsil m\u00fc\u0259ssis\u0259l\u0259rinin f\u0259aliyy\u0259tinin m\u0259hk\u0259m\u0259 ekspertizas\u0131 f\u0259aliyy\u0259ti il\u0259 \u0259laq\u0259l\u0259ndirilm\u0259si imkanlar\u0131n\u0131n t\u0259hlili \u0259sas\u0131nda t\u0259klifl\u0259rini;<\/p>\n<p>&#8211; \u00f6z\u0259l ekspertiza f\u0259aliyy\u0259tinin t\u0259\u015fviqi istiqam\u0259tind\u0259 t\u0259klifl\u0259rini;<\/p>\n<p>&#8211; normativ h\u00fcquqi bazan\u0131n t\u0259kmill\u0259\u015fdirilm\u0259sin\u0259 dair t\u0259klifl\u0259rini;<\/p>\n<p>\u015eura f\u0259aliyy\u0259tin\u0259 dair i\u015f qaydas\u0131n\u0131 bir ay m\u00fcdd\u0259tind\u0259 t\u0259sdiq etm\u0259li, m\u00fcst\u0259qil ekspertl\u0259ri v\u0259 m\u00fct\u0259x\u0259ssisl\u0259ri, habel\u0259 elmi m\u00fc\u0259ssis\u0259l\u0259ri (t\u0259\u015fkilatlar\u0131) \u00f6z f\u0259aliyy\u0259tin\u0259 c\u0259lb etm\u0259lidir.<\/p>\n<p>Az\u0259rbaycan Respublikas\u0131n\u0131n Nazirl\u0259r Kabineti \u015euran\u0131n t\u0259klifl\u0259ri \u0259sas\u0131nda m\u00fcvafiq sah\u0259nin inki\u015faf\u0131 v\u0259 m\u00fcvafiq sah\u0259d\u0259 f\u0259aliyy\u0259t g\u00f6st\u0259r\u0259n d\u00f6vl\u0259t orqanlar\u0131n\u0131n (qurumlar\u0131n\u0131n) f\u0259aliyy\u0259tinin m\u00fcasir standartlara uy\u011fun h\u0259yata ke\u00e7irilm\u0259sinin t\u0259mini \u00fc\u00e7\u00fcn z\u0259ruri maliyy\u0259 v\u0259saitinin m\u00fcvafiq ill\u0259rin d\u00f6vl\u0259t b\u00fcdc\u0259si layih\u0259l\u0259rind\u0259 n\u0259z\u0259rd\u0259 tutulmas\u0131 \u00fc\u00e7\u00fcn t\u0259dbirl\u0259r g\u00f6r\u0259c\u0259k v\u0259 bu S\u0259r\u0259ncamdan ir\u0259li g\u0259l\u0259n dig\u0259r m\u0259s\u0259l\u0259l\u0259ri h\u0259ll ed\u0259c\u0259k.<\/p>\n","protected":false},"excerpt":{"rendered":"<p>Prezident \u0130lham \u018fliyev M\u0259hk\u0259m\u0259 Ekspertizas\u0131 \u015euras\u0131n\u0131n yarad\u0131lmas\u0131 haqq\u0131nda S\u0259r\u0259ncam imzalay\u0131b. ARANTV.AZ\u00a0x\u0259b\u0259r verir ki, S\u0259r\u0259ncamla m\u0259hk\u0259m\u0259 ekspertizas\u0131 sah\u0259sind\u0259 (bundan sonra \u2013 m\u00fcvafiq sah\u0259) d\u00f6vl\u0259t idar\u0259etm\u0259sinin v\u0259 t\u0259nziml\u0259m\u0259sinin t\u0259kmill\u0259\u015fdirilm\u0259si, m\u0259hk\u0259m\u0259 ekspertizas\u0131 f\u0259aliyy\u0259tinin beyn\u0259lxalq standartlara uy\u011funlu\u011funun t\u0259min edilm\u0259si, habel\u0259 m\u00fcvafiq sah\u0259d\u0259 vahid standartlar\u0131n haz\u0131rlanmas\u0131 v\u0259 onlar\u0131n t\u0259tbiqinin t\u0259\u015fviqi, kadr potensial\u0131n\u0131n g\u00fccl\u0259ndirilm\u0259si m\u0259qs\u0259dil\u0259 a\u015fa\u011f\u0131dak\u0131 t\u0259rkibd\u0259 m\u0259\u015fv\u0259r\u0259t\u00e7i \u0259saslarla f\u0259aliyy\u0259t g\u00f6st\u0259r\u0259n M\u0259hk\u0259m\u0259 Ekspertizas\u0131 \u015euras\u0131 (bundan sonra \u2013 \u015eura) yarad\u0131l\u0131r: \u015euran\u0131n s\u0259dri Az\u0259rbaycan Respublikas\u0131n\u0131n \u0259dliyy\u0259 naziri \u015euran\u0131n \u00fczvl\u0259ri: Az\u0259rbaycan Respublikas\u0131 daxili i\u015fl\u0259r nazirinin m\u00fcavini Az\u0259rbaycan Respublikas\u0131 m\u00fcdafi\u0259 nazirinin m\u00fcavini Az\u0259rbaycan Respublikas\u0131 s\u0259hiyy\u0259 nazirinin m\u00fcavini Az\u0259rbaycan Respublikas\u0131 D\u00f6vl\u0259t&hellip;<\/p>\n","protected":false},"author":2,"featured_media":742898,"comment_status":"closed","ping_status":"closed","sticky":false,"template":"","format":"standard","meta":{"om_disable_all_campaigns":false,"_monsterinsights_skip_tracking":false,"_monsterinsights_sitenote_active":false,"_monsterinsights_sitenote_note":"","_monsterinsights_sitenote_category":0},"categories":[4],"tags":[],"aioseo_notices":[],"gutentor_comment":0,"rttpg_featured_image_url":{"full":["https:\/\/arantv.az\/wp-content\/uploads\/2024\/08\/7a44da4fa5c7a0c6db14c032e88e361f.jpg",870,500,false],"landscape":["https:\/\/arantv.az\/wp-content\/uploads\/2024\/08\/7a44da4fa5c7a0c6db14c032e88e361f.jpg",870,500,false],"portraits":["https:\/\/arantv.az\/wp-content\/uploads\/2024\/08\/7a44da4fa5c7a0c6db14c032e88e361f.jpg",870,500,false],"thumbnail":["https:\/\/arantv.az\/wp-content\/uploads\/2024\/08\/7a44da4fa5c7a0c6db14c032e88e361f-500x280.jpg",500,280,true],"medium":["https:\/\/arantv.az\/wp-content\/uploads\/2024\/08\/7a44da4fa5c7a0c6db14c032e88e361f-635x365.jpg",635,365,true],"large":["https:\/\/arantv.az\/wp-content\/uploads\/2024\/08\/7a44da4fa5c7a0c6db14c032e88e361f-840x483.jpg",640,368,true],"1536x1536":["https:\/\/arantv.az\/wp-content\/uploads\/2024\/08\/7a44da4fa5c7a0c6db14c032e88e361f.jpg",870,500,false],"2048x2048":["https:\/\/arantv.az\/wp-content\/uploads\/2024\/08\/7a44da4fa5c7a0c6db14c032e88e361f.jpg",870,500,false],"post-thumbnail":["https:\/\/arantv.az\/wp-content\/uploads\/2024\/08\/7a44da4fa5c7a0c6db14c032e88e361f-240x172.jpg",240,172,true],"advps-thumb-one":["https:\/\/arantv.az\/wp-content\/uploads\/2024\/08\/7a44da4fa5c7a0c6db14c032e88e361f.jpg",870,500,false]},"rttpg_author":{"display_name":"V\u00fcsal Rafiqo\u011flu","author_link":"https:\/\/arantv.az\/?author=2"},"rttpg_comment":0,"rttpg_category":"<a href=\"https:\/\/arantv.az\/?cat=4\" rel=\"category\">Siyas\u0259t<\/a>","rttpg_excerpt":"Prezident \u0130lham \u018fliyev M\u0259hk\u0259m\u0259 Ekspertizas\u0131 \u015euras\u0131n\u0131n yarad\u0131lmas\u0131 haqq\u0131nda S\u0259r\u0259ncam imzalay\u0131b. ARANTV.AZ\u00a0x\u0259b\u0259r verir ki, S\u0259r\u0259ncamla m\u0259hk\u0259m\u0259 ekspertizas\u0131 sah\u0259sind\u0259 (bundan sonra \u2013 m\u00fcvafiq sah\u0259) d\u00f6vl\u0259t idar\u0259etm\u0259sinin v\u0259 t\u0259nziml\u0259m\u0259sinin t\u0259kmill\u0259\u015fdirilm\u0259si, m\u0259hk\u0259m\u0259 ekspertizas\u0131 f\u0259aliyy\u0259tinin beyn\u0259lxalq standartlara uy\u011funlu\u011funun t\u0259min edilm\u0259si, habel\u0259 m\u00fcvafiq sah\u0259d\u0259 vahid standartlar\u0131n haz\u0131rlanmas\u0131 v\u0259 onlar\u0131n t\u0259tbiqinin t\u0259\u015fviqi, kadr potensial\u0131n\u0131n g\u00fccl\u0259ndirilm\u0259si m\u0259qs\u0259dil\u0259 a\u015fa\u011f\u0131dak\u0131 t\u0259rkibd\u0259 m\u0259\u015fv\u0259r\u0259t\u00e7i \u0259saslarla f\u0259aliyy\u0259t g\u00f6st\u0259r\u0259n&hellip;","_links":{"self":[{"href":"https:\/\/arantv.az\/index.php?rest_route=\/wp\/v2\/posts\/742897"}],"collection":[{"href":"https:\/\/arantv.az\/index.php?rest_route=\/wp\/v2\/posts"}],"about":[{"href":"https:\/\/arantv.az\/index.php?rest_route=\/wp\/v2\/types\/post"}],"author":[{"embeddable":true,"href":"https:\/\/arantv.az\/index.php?rest_route=\/wp\/v2\/users\/2"}],"replies":[{"embeddable":true,"href":"https:\/\/arantv.az\/index.php?rest_route=%2Fwp%2Fv2%2Fcomments&post=742897"}],"version-history":[{"count":1,"href":"https:\/\/arantv.az\/index.php?rest_route=\/wp\/v2\/posts\/742897\/revisions"}],"predecessor-version":[{"id":742899,"href":"https:\/\/arantv.az\/index.php?rest_route=\/wp\/v2\/posts\/742897\/revisions\/742899"}],"wp:featuredmedia":[{"embeddable":true,"href":"https:\/\/arantv.az\/index.php?rest_route=\/wp\/v2\/media\/742898"}],"wp:attachment":[{"href":"https:\/\/arantv.az\/index.php?rest_route=%2Fwp%2Fv2%2Fmedia&parent=742897"}],"wp:term":[{"taxonomy":"category","embeddable":true,"href":"https:\/\/arantv.az\/index.php?rest_route=%2Fwp%2Fv2%2Fcategories&post=742897"},{"taxonomy":"post_tag","embeddable":true,"href":"https:\/\/arantv.az\/index.php?rest_route=%2Fwp%2Fv2%2Ftags&post=742897"}],"curies":[{"name":"wp","href":"https:\/\/api.w.org\/{rel}","templated":true}]}}