{"id":742958,"date":"2024-08-07T16:44:27","date_gmt":"2024-08-07T12:44:27","guid":{"rendered":"https:\/\/arantv.az\/?p=742958"},"modified":"2024-08-07T16:44:27","modified_gmt":"2024-08-07T12:44:27","slug":"gurcustan-r%c9%99sad-%c9%99mirovu-az%c9%99rbaycana-t%c9%99hvil-verdi","status":"publish","type":"post","link":"https:\/\/arantv.az\/?p=742958","title":{"rendered":"G\u00fcrc\u00fcstan R\u0259\u015fad \u018fmirovu Az\u0259rbaycana t\u0259hvil verdi"},"content":{"rendered":"<p>Ba\u015f prokurorlu\u011fun v\u0259sat\u0259ti \u0259sas\u0131nda G\u00fcrc\u00fcstan\u0131n Ba\u015f Prokurorlu\u011fu t\u0259r\u0259find\u0259n \u00abM\u00fclki, ail\u0259 v\u0259 cinay\u0259t i\u015fl\u0259ri \u00fczr\u0259 h\u00fcquqi yard\u0131m v\u0259 h\u00fcquqi m\u00fcnasib\u0259tl\u0259r haqq\u0131nda\u00bb 22.01.1993-c\u00fc il tarixli Konvensiyan\u0131n t\u0259l\u0259bl\u0259rin\u0259 uy\u011fun olaraq Az\u0259rbaycan Respublikas\u0131n\u0131n v\u0259t\u0259nda\u015f\u0131 \u018fmirov R\u0259\u015fad \u018fr\u015fad o\u011flunun ekstradisiyas\u0131 haqq\u0131nda q\u0259rar q\u0259bul olunub.<\/p>\n<p>Ba\u015f Prokurorluqdan veril\u0259n x\u0259b\u0259r\u0259 g\u00f6r\u0259, Bak\u0131 \u015f\u0259h\u0259ri, Bin\u0259q\u0259di rayon Polis \u0130dar\u0259sinin \u0130stintaq \u015f\u00f6b\u0259sind\u0259 ibtidai istintaq\u0131 apar\u0131lan cinay\u0259t i\u015fi \u00fczr\u0259 R\u0259\u015fad \u018fmirovun xeyli miqdarda ziyan vurmaqla d\u0259l\u0259duzluq cinay\u0259t \u0259m\u0259lini t\u00f6r\u0259tm\u0259sin\u0259 \u0259sasl\u0131 \u015f\u00fcbh\u0259l\u0259r m\u00fc\u0259yy\u0259n edildiyind\u0259n, t\u0259qsirl\u0259ndiril\u0259n \u015f\u0259xs qismind\u0259 c\u0259lb etm\u0259 haqq\u0131nda q\u0259rar q\u0259bul edilm\u0259kl\u0259 bar\u0259sind\u0259 beyn\u0259lxalq axtar\u0131\u015f elan edilib.<\/p>\n<p>R\u0259\u015fad \u018fmirov G\u00fcrc\u00fcstan\u0131n \u0259razisind\u0259 saxlan\u0131laraq avqustun 6-da \u018fdliyy\u0259 Nazirliyi Penitensiar Xidm\u0259tin x\u00fcsusi konvoyunun m\u00fc\u015fayi\u0259ti il\u0259 Az\u0259rbaycana g\u0259tirilib.<\/p>\n","protected":false},"excerpt":{"rendered":"<p>Ba\u015f prokurorlu\u011fun v\u0259sat\u0259ti \u0259sas\u0131nda G\u00fcrc\u00fcstan\u0131n Ba\u015f Prokurorlu\u011fu t\u0259r\u0259find\u0259n \u00abM\u00fclki, ail\u0259 v\u0259 cinay\u0259t i\u015fl\u0259ri \u00fczr\u0259 h\u00fcquqi yard\u0131m v\u0259 h\u00fcquqi m\u00fcnasib\u0259tl\u0259r haqq\u0131nda\u00bb 22.01.1993-c\u00fc il tarixli Konvensiyan\u0131n t\u0259l\u0259bl\u0259rin\u0259 uy\u011fun olaraq Az\u0259rbaycan Respublikas\u0131n\u0131n v\u0259t\u0259nda\u015f\u0131 \u018fmirov R\u0259\u015fad \u018fr\u015fad o\u011flunun ekstradisiyas\u0131 haqq\u0131nda q\u0259rar q\u0259bul olunub. Ba\u015f Prokurorluqdan veril\u0259n x\u0259b\u0259r\u0259 g\u00f6r\u0259, Bak\u0131 \u015f\u0259h\u0259ri, Bin\u0259q\u0259di rayon Polis \u0130dar\u0259sinin \u0130stintaq \u015f\u00f6b\u0259sind\u0259 ibtidai istintaq\u0131 apar\u0131lan cinay\u0259t i\u015fi \u00fczr\u0259 R\u0259\u015fad \u018fmirovun xeyli miqdarda ziyan vurmaqla d\u0259l\u0259duzluq cinay\u0259t \u0259m\u0259lini t\u00f6r\u0259tm\u0259sin\u0259 \u0259sasl\u0131 \u015f\u00fcbh\u0259l\u0259r m\u00fc\u0259yy\u0259n edildiyind\u0259n, t\u0259qsirl\u0259ndiril\u0259n \u015f\u0259xs qismind\u0259 c\u0259lb etm\u0259 haqq\u0131nda q\u0259rar q\u0259bul edilm\u0259kl\u0259 bar\u0259sind\u0259 beyn\u0259lxalq axtar\u0131\u015f elan edilib. R\u0259\u015fad \u018fmirov G\u00fcrc\u00fcstan\u0131n \u0259razisind\u0259&hellip;<\/p>\n","protected":false},"author":2,"featured_media":742959,"comment_status":"closed","ping_status":"closed","sticky":false,"template":"","format":"standard","meta":{"om_disable_all_campaigns":false,"_monsterinsights_skip_tracking":false,"_monsterinsights_sitenote_active":false,"_monsterinsights_sitenote_note":"","_monsterinsights_sitenote_category":0},"categories":[1],"tags":[],"aioseo_notices":[],"gutentor_comment":0,"rttpg_featured_image_url":{"full":["https:\/\/arantv.az\/wp-content\/uploads\/2024\/08\/ef98674b0a4bb0076d9909f364053396.jpg",740,493,false],"landscape":["https:\/\/arantv.az\/wp-content\/uploads\/2024\/08\/ef98674b0a4bb0076d9909f364053396.jpg",740,493,false],"portraits":["https:\/\/arantv.az\/wp-content\/uploads\/2024\/08\/ef98674b0a4bb0076d9909f364053396.jpg",740,493,false],"thumbnail":["https:\/\/arantv.az\/wp-content\/uploads\/2024\/08\/ef98674b0a4bb0076d9909f364053396-500x280.jpg",500,280,true],"medium":["https:\/\/arantv.az\/wp-content\/uploads\/2024\/08\/ef98674b0a4bb0076d9909f364053396-548x365.jpg",548,365,true],"large":["https:\/\/arantv.az\/wp-content\/uploads\/2024\/08\/ef98674b0a4bb0076d9909f364053396.jpg",640,426,false],"1536x1536":["https:\/\/arantv.az\/wp-content\/uploads\/2024\/08\/ef98674b0a4bb0076d9909f364053396.jpg",740,493,false],"2048x2048":["https:\/\/arantv.az\/wp-content\/uploads\/2024\/08\/ef98674b0a4bb0076d9909f364053396.jpg",740,493,false],"post-thumbnail":["https:\/\/arantv.az\/wp-content\/uploads\/2024\/08\/ef98674b0a4bb0076d9909f364053396-240x172.jpg",240,172,true],"advps-thumb-one":["https:\/\/arantv.az\/wp-content\/uploads\/2024\/08\/ef98674b0a4bb0076d9909f364053396.jpg",740,493,false]},"rttpg_author":{"display_name":"V\u00fcsal Rafiqo\u011flu","author_link":"https:\/\/arantv.az\/?author=2"},"rttpg_comment":0,"rttpg_category":"<a href=\"https:\/\/arantv.az\/?cat=1\" rel=\"category\">C\u0259miyy\u0259t<\/a>","rttpg_excerpt":"Ba\u015f prokurorlu\u011fun v\u0259sat\u0259ti \u0259sas\u0131nda G\u00fcrc\u00fcstan\u0131n Ba\u015f Prokurorlu\u011fu t\u0259r\u0259find\u0259n \u00abM\u00fclki, ail\u0259 v\u0259 cinay\u0259t i\u015fl\u0259ri \u00fczr\u0259 h\u00fcquqi yard\u0131m v\u0259 h\u00fcquqi m\u00fcnasib\u0259tl\u0259r haqq\u0131nda\u00bb 22.01.1993-c\u00fc il tarixli Konvensiyan\u0131n t\u0259l\u0259bl\u0259rin\u0259 uy\u011fun olaraq Az\u0259rbaycan Respublikas\u0131n\u0131n v\u0259t\u0259nda\u015f\u0131 \u018fmirov R\u0259\u015fad \u018fr\u015fad o\u011flunun ekstradisiyas\u0131 haqq\u0131nda q\u0259rar q\u0259bul olunub. Ba\u015f Prokurorluqdan veril\u0259n x\u0259b\u0259r\u0259 g\u00f6r\u0259, Bak\u0131 \u015f\u0259h\u0259ri, Bin\u0259q\u0259di rayon Polis \u0130dar\u0259sinin \u0130stintaq \u015f\u00f6b\u0259sind\u0259 ibtidai istintaq\u0131 apar\u0131lan&hellip;","_links":{"self":[{"href":"https:\/\/arantv.az\/index.php?rest_route=\/wp\/v2\/posts\/742958"}],"collection":[{"href":"https:\/\/arantv.az\/index.php?rest_route=\/wp\/v2\/posts"}],"about":[{"href":"https:\/\/arantv.az\/index.php?rest_route=\/wp\/v2\/types\/post"}],"author":[{"embeddable":true,"href":"https:\/\/arantv.az\/index.php?rest_route=\/wp\/v2\/users\/2"}],"replies":[{"embeddable":true,"href":"https:\/\/arantv.az\/index.php?rest_route=%2Fwp%2Fv2%2Fcomments&post=742958"}],"version-history":[{"count":1,"href":"https:\/\/arantv.az\/index.php?rest_route=\/wp\/v2\/posts\/742958\/revisions"}],"predecessor-version":[{"id":742960,"href":"https:\/\/arantv.az\/index.php?rest_route=\/wp\/v2\/posts\/742958\/revisions\/742960"}],"wp:featuredmedia":[{"embeddable":true,"href":"https:\/\/arantv.az\/index.php?rest_route=\/wp\/v2\/media\/742959"}],"wp:attachment":[{"href":"https:\/\/arantv.az\/index.php?rest_route=%2Fwp%2Fv2%2Fmedia&parent=742958"}],"wp:term":[{"taxonomy":"category","embeddable":true,"href":"https:\/\/arantv.az\/index.php?rest_route=%2Fwp%2Fv2%2Fcategories&post=742958"},{"taxonomy":"post_tag","embeddable":true,"href":"https:\/\/arantv.az\/index.php?rest_route=%2Fwp%2Fv2%2Ftags&post=742958"}],"curies":[{"name":"wp","href":"https:\/\/api.w.org\/{rel}","templated":true}]}}