{"id":742962,"date":"2024-08-07T21:45:28","date_gmt":"2024-08-07T17:45:28","guid":{"rendered":"https:\/\/arantv.az\/?p=742962"},"modified":"2024-08-07T21:45:28","modified_gmt":"2024-08-07T17:45:28","slug":"fazil-qasimovla-bagli-yeni-x%c9%99b%c9%99r","status":"publish","type":"post","link":"https:\/\/arantv.az\/?p=742962","title":{"rendered":"Fazil Qas\u0131movla ba\u011fl\u0131 YEN\u0130 X\u018fB\u018fR"},"content":{"rendered":"<p><strong>\u00d6t\u0259n il iqtisad\u00e7\u0131 Qubad \u0130bado\u011flunun i\u015fi il\u0259 ba\u011fl\u0131 T\u00fcrkiy\u0259d\u0259 tutularaq \u00f6lk\u0259y\u0259 g\u0259tiril\u0259n az\u0259rbaycanl\u0131 alim Fazil Qas\u0131movun m\u0259hk\u0259m\u0259sinin vaxt\u0131 m\u0259lum olub.<\/strong><\/p>\n<p>Bak\u0131 A\u011f\u0131r Cinay\u0259tl\u0259r M\u0259hk\u0259m\u0259sind\u0259 ke\u00e7iril\u0259c\u0259k haz\u0131rl\u0131q iclas\u0131 avqustun 15-n\u0259 t\u0259yin olunub.<\/p>\n<p>Cinay\u0259t i\u015fin\u0259 hakim Mahir\u0259 K\u0259rimovan\u0131n icraat\u0131nda bax\u0131lacaq.<\/p>\n<p>Qeyd ed\u0259k ki, F.Qas\u0131mov \u00f6t\u0259n ilin avqust ay\u0131nda T\u00fcrkiy\u0259d\u0259 saxlan\u0131laraq Az\u0259rbaycana g\u0259tirilib.<\/p>\n<p>Ona qar\u015f\u0131 Cinay\u0259t M\u0259c\u0259ll\u0259sinin 204.3.1 (saxta pul v\u0259 ya qiym\u0259tli ka\u011f\u0131zlar haz\u0131rlama, \u0259ld\u0259 etm\u0259 v\u0259 ya satma m\u00fct\u0259\u015f\u0259kkil d\u0259st\u0259 t\u0259r\u0259find\u0259n t\u00f6r\u0259dildikd\u0259) madd\u0259si il\u0259 ittiham ir\u0259li s\u00fcr\u00fcl\u00fcb.<\/p>\n<p>\u0130stintaq\u0131n sonunda Fazil Qas\u0131movun i\u015fi Qubad \u0130bado\u011flunun i\u015find\u0259n ayr\u0131l\u0131b. Q.\u0130bado\u011flunun i\u015fi ayr\u0131ca icraata g\u00f6t\u00fcr\u00fcl\u00fcb.<\/p>\n<p>Bir s\u0131ra K\u0130V-d\u0259 yay\u0131lan m\u0259lumatlara g\u00f6r\u0259, o, FET\u00d6 terror t\u0259\u015fkilat\u0131na i\u015fl\u0259m\u0259kd\u0259 t\u0259qsirl\u0259ndirilir. (Report)<\/p>\n","protected":false},"excerpt":{"rendered":"<p>\u00d6t\u0259n il iqtisad\u00e7\u0131 Qubad \u0130bado\u011flunun i\u015fi il\u0259 ba\u011fl\u0131 T\u00fcrkiy\u0259d\u0259 tutularaq \u00f6lk\u0259y\u0259 g\u0259tiril\u0259n az\u0259rbaycanl\u0131 alim Fazil Qas\u0131movun m\u0259hk\u0259m\u0259sinin vaxt\u0131 m\u0259lum olub. Bak\u0131 A\u011f\u0131r Cinay\u0259tl\u0259r M\u0259hk\u0259m\u0259sind\u0259 ke\u00e7iril\u0259c\u0259k haz\u0131rl\u0131q iclas\u0131 avqustun 15-n\u0259 t\u0259yin olunub. Cinay\u0259t i\u015fin\u0259 hakim Mahir\u0259 K\u0259rimovan\u0131n icraat\u0131nda bax\u0131lacaq. Qeyd ed\u0259k ki, F.Qas\u0131mov \u00f6t\u0259n ilin avqust ay\u0131nda T\u00fcrkiy\u0259d\u0259 saxlan\u0131laraq Az\u0259rbaycana g\u0259tirilib. Ona qar\u015f\u0131 Cinay\u0259t M\u0259c\u0259ll\u0259sinin 204.3.1 (saxta pul v\u0259 ya qiym\u0259tli ka\u011f\u0131zlar haz\u0131rlama, \u0259ld\u0259 etm\u0259 v\u0259 ya satma m\u00fct\u0259\u015f\u0259kkil d\u0259st\u0259 t\u0259r\u0259find\u0259n t\u00f6r\u0259dildikd\u0259) madd\u0259si il\u0259 ittiham ir\u0259li s\u00fcr\u00fcl\u00fcb. \u0130stintaq\u0131n sonunda Fazil Qas\u0131movun i\u015fi Qubad \u0130bado\u011flunun i\u015find\u0259n ayr\u0131l\u0131b. Q.\u0130bado\u011flunun i\u015fi ayr\u0131ca icraata g\u00f6t\u00fcr\u00fcl\u00fcb.&hellip;<\/p>\n","protected":false},"author":2,"featured_media":742963,"comment_status":"closed","ping_status":"closed","sticky":false,"template":"","format":"standard","meta":{"om_disable_all_campaigns":false,"_monsterinsights_skip_tracking":false,"_monsterinsights_sitenote_active":false,"_monsterinsights_sitenote_note":"","_monsterinsights_sitenote_category":0},"categories":[1],"tags":[],"aioseo_notices":[],"gutentor_comment":0,"rttpg_featured_image_url":{"full":["https:\/\/arantv.az\/wp-content\/uploads\/2024\/08\/8dfc48ec82cdb0d8a81dfdf58189b356.jpg",850,500,false],"landscape":["https:\/\/arantv.az\/wp-content\/uploads\/2024\/08\/8dfc48ec82cdb0d8a81dfdf58189b356.jpg",850,500,false],"portraits":["https:\/\/arantv.az\/wp-content\/uploads\/2024\/08\/8dfc48ec82cdb0d8a81dfdf58189b356.jpg",850,500,false],"thumbnail":["https:\/\/arantv.az\/wp-content\/uploads\/2024\/08\/8dfc48ec82cdb0d8a81dfdf58189b356-500x280.jpg",500,280,true],"medium":["https:\/\/arantv.az\/wp-content\/uploads\/2024\/08\/8dfc48ec82cdb0d8a81dfdf58189b356-621x365.jpg",621,365,true],"large":["https:\/\/arantv.az\/wp-content\/uploads\/2024\/08\/8dfc48ec82cdb0d8a81dfdf58189b356-840x494.jpg",640,376,true],"1536x1536":["https:\/\/arantv.az\/wp-content\/uploads\/2024\/08\/8dfc48ec82cdb0d8a81dfdf58189b356.jpg",850,500,false],"2048x2048":["https:\/\/arantv.az\/wp-content\/uploads\/2024\/08\/8dfc48ec82cdb0d8a81dfdf58189b356.jpg",850,500,false],"post-thumbnail":["https:\/\/arantv.az\/wp-content\/uploads\/2024\/08\/8dfc48ec82cdb0d8a81dfdf58189b356-240x172.jpg",240,172,true],"advps-thumb-one":["https:\/\/arantv.az\/wp-content\/uploads\/2024\/08\/8dfc48ec82cdb0d8a81dfdf58189b356.jpg",850,500,false]},"rttpg_author":{"display_name":"V\u00fcsal Rafiqo\u011flu","author_link":"https:\/\/arantv.az\/?author=2"},"rttpg_comment":0,"rttpg_category":"<a href=\"https:\/\/arantv.az\/?cat=1\" rel=\"category\">C\u0259miyy\u0259t<\/a>","rttpg_excerpt":"\u00d6t\u0259n il iqtisad\u00e7\u0131 Qubad \u0130bado\u011flunun i\u015fi il\u0259 ba\u011fl\u0131 T\u00fcrkiy\u0259d\u0259 tutularaq \u00f6lk\u0259y\u0259 g\u0259tiril\u0259n az\u0259rbaycanl\u0131 alim Fazil Qas\u0131movun m\u0259hk\u0259m\u0259sinin vaxt\u0131 m\u0259lum olub. Bak\u0131 A\u011f\u0131r Cinay\u0259tl\u0259r M\u0259hk\u0259m\u0259sind\u0259 ke\u00e7iril\u0259c\u0259k haz\u0131rl\u0131q iclas\u0131 avqustun 15-n\u0259 t\u0259yin olunub. Cinay\u0259t i\u015fin\u0259 hakim Mahir\u0259 K\u0259rimovan\u0131n icraat\u0131nda bax\u0131lacaq. Qeyd ed\u0259k ki, F.Qas\u0131mov \u00f6t\u0259n ilin avqust ay\u0131nda T\u00fcrkiy\u0259d\u0259 saxlan\u0131laraq Az\u0259rbaycana g\u0259tirilib. Ona qar\u015f\u0131 Cinay\u0259t M\u0259c\u0259ll\u0259sinin 204.3.1&hellip;","_links":{"self":[{"href":"https:\/\/arantv.az\/index.php?rest_route=\/wp\/v2\/posts\/742962"}],"collection":[{"href":"https:\/\/arantv.az\/index.php?rest_route=\/wp\/v2\/posts"}],"about":[{"href":"https:\/\/arantv.az\/index.php?rest_route=\/wp\/v2\/types\/post"}],"author":[{"embeddable":true,"href":"https:\/\/arantv.az\/index.php?rest_route=\/wp\/v2\/users\/2"}],"replies":[{"embeddable":true,"href":"https:\/\/arantv.az\/index.php?rest_route=%2Fwp%2Fv2%2Fcomments&post=742962"}],"version-history":[{"count":1,"href":"https:\/\/arantv.az\/index.php?rest_route=\/wp\/v2\/posts\/742962\/revisions"}],"predecessor-version":[{"id":742964,"href":"https:\/\/arantv.az\/index.php?rest_route=\/wp\/v2\/posts\/742962\/revisions\/742964"}],"wp:featuredmedia":[{"embeddable":true,"href":"https:\/\/arantv.az\/index.php?rest_route=\/wp\/v2\/media\/742963"}],"wp:attachment":[{"href":"https:\/\/arantv.az\/index.php?rest_route=%2Fwp%2Fv2%2Fmedia&parent=742962"}],"wp:term":[{"taxonomy":"category","embeddable":true,"href":"https:\/\/arantv.az\/index.php?rest_route=%2Fwp%2Fv2%2Fcategories&post=742962"},{"taxonomy":"post_tag","embeddable":true,"href":"https:\/\/arantv.az\/index.php?rest_route=%2Fwp%2Fv2%2Ftags&post=742962"}],"curies":[{"name":"wp","href":"https:\/\/api.w.org\/{rel}","templated":true}]}}