{"id":742981,"date":"2024-08-07T21:52:59","date_gmt":"2024-08-07T17:52:59","guid":{"rendered":"https:\/\/arantv.az\/?p=742981"},"modified":"2024-08-07T21:52:59","modified_gmt":"2024-08-07T17:52:59","slug":"az%c9%99rbaycanda-2-h%c9%99rbci-h%c9%99bs-edildi-sokfoto","status":"publish","type":"post","link":"https:\/\/arantv.az\/?p=742981","title":{"rendered":"Az\u0259rbaycanda 2 h\u0259rb\u00e7i H\u018fBS ED\u0130LD\u0130 &#8211; \u015eOKFOTO"},"content":{"rendered":"<p><strong>La\u00e7\u0131nda itkin d\u00fc\u015f\u0259n h\u0259rb\u00e7il\u0259r\u0259 g\u00f6r\u0259 iki n\u0259f\u0259r h\u0259bs edilib.<\/strong><\/p>\n<p>Bu bar\u0259d\u0259\u00a0<strong>Musavat.com<\/strong>-a H\u0259rbi prokurorun b\u00f6y\u00fck k\u00f6m\u0259k\u00e7isi \u2013 H\u0259rbi Prokurorlu\u011fun m\u0259tbuat xidm\u0259tinin r\u0259hb\u0259ri, ba\u015f \u0259dliyy\u0259 m\u00fc\u015faviri Firad \u018fliyev m\u0259lumat verib.<\/p>\n<p><img loading=\"lazy\" src=\"https:\/\/cdn.musavat.com\/news\/images\/Ayten\/F%C4%B0RAD.jpg\" alt=\"F\u0130RAD.jpg (42 KB)\" width=\"660\" height=\"440\" \/><\/p>\n<p>O bildirib ki, Az\u0259rbaycan ordusunun h\u0259rbi qulluq\u00e7ular\u0131, \u0259sg\u0259rl\u0259r M\u0259mm\u0259dov F\u0259rid \u018fjd\u0259r o\u011flu v\u0259 Abdullayev Firdovsi Mais o\u011flunun 3 mart 2022-ci il tarixd\u0259 La\u00e7\u0131n rayonu \u0259razisind\u0259 itkin d\u00fc\u015fm\u0259l\u0259ri il\u0259 \u0259laq\u0259dar Az\u0259rbaycan Respublikas\u0131 H\u0259rbi Prokurorlu\u011funun \u0130stintaq \u0130dar\u0259sind\u0259 istintaq\u0131 apar\u0131lm\u0131\u015f cinay\u0259t i\u015fi \u00fczr\u0259 Babayev T\u0259briz Rasim o\u011fluna Az\u0259rbaycan Respublikas\u0131 Cinay\u0259t M\u0259c\u0259ll\u0259sinin 329.2.1-ci, 329.2.2-ci, 329.2.6-c\u0131 v\u0259 341.3-c\u00fc madd\u0259l\u0259ri il\u0259, H\u0259m\u0259\u015f\u0259yev Taleh M\u00f6h\u00fcbb\u0259t o\u011fluna is\u0259 Az\u0259rbaycan Respublikas\u0131 Cinay\u0259t M\u0259c\u0259ll\u0259sinin 341.3-c\u00fc madd\u0259si il\u0259 ittiham elan edilmi\u015f v\u0259 i\u015f bax\u0131lmas\u0131 \u00fc\u00e7\u00fcn F\u00fczuli h\u0259rbi m\u0259hk\u0259m\u0259sin\u0259 g\u00f6nd\u0259rilib.<\/p>\n<p>&#8220;F\u00fczuli h\u0259rbi m\u0259hk\u0259m\u0259sinin 22.09.2023-c\u00fc il tarixli h\u00f6km\u00fc il\u0259 Babayev T\u0259briz Rasim o\u011flu v\u0259 H\u0259m\u0259\u015f\u0259yev Taleh M\u00f6h\u00fcbb\u0259t o\u011flu onlara elan olunmu\u015f yuxar\u0131da qeyd edil\u0259n madd\u0259l\u0259rd\u0259 n\u0259z\u0259rd\u0259 tutulmu\u015f cinay\u0259t \u0259m\u0259ll\u0259rini t\u00f6r\u0259tm\u0259kd\u0259 t\u0259qsirli bilin\u0259r\u0259k m\u00fcxt\u0259lif m\u00fcdd\u0259tl\u0259rd\u0259 azadl\u0131qdan m\u0259hrumetm\u0259 c\u0259zas\u0131na m\u0259hkum edilibl\u0259r&#8221; &#8211; dey\u0259 m\u0259lumatda qeyd edilib.<\/p>\n","protected":false},"excerpt":{"rendered":"<p>La\u00e7\u0131nda itkin d\u00fc\u015f\u0259n h\u0259rb\u00e7il\u0259r\u0259 g\u00f6r\u0259 iki n\u0259f\u0259r h\u0259bs edilib. Bu bar\u0259d\u0259\u00a0Musavat.com-a H\u0259rbi prokurorun b\u00f6y\u00fck k\u00f6m\u0259k\u00e7isi \u2013 H\u0259rbi Prokurorlu\u011fun m\u0259tbuat xidm\u0259tinin r\u0259hb\u0259ri, ba\u015f \u0259dliyy\u0259 m\u00fc\u015faviri Firad \u018fliyev m\u0259lumat verib. O bildirib ki, Az\u0259rbaycan ordusunun h\u0259rbi qulluq\u00e7ular\u0131, \u0259sg\u0259rl\u0259r M\u0259mm\u0259dov F\u0259rid \u018fjd\u0259r o\u011flu v\u0259 Abdullayev Firdovsi Mais o\u011flunun 3 mart 2022-ci il tarixd\u0259 La\u00e7\u0131n rayonu \u0259razisind\u0259 itkin d\u00fc\u015fm\u0259l\u0259ri il\u0259 \u0259laq\u0259dar Az\u0259rbaycan Respublikas\u0131 H\u0259rbi Prokurorlu\u011funun \u0130stintaq \u0130dar\u0259sind\u0259 istintaq\u0131 apar\u0131lm\u0131\u015f cinay\u0259t i\u015fi \u00fczr\u0259 Babayev T\u0259briz Rasim o\u011fluna Az\u0259rbaycan Respublikas\u0131 Cinay\u0259t M\u0259c\u0259ll\u0259sinin 329.2.1-ci, 329.2.2-ci, 329.2.6-c\u0131 v\u0259 341.3-c\u00fc madd\u0259l\u0259ri il\u0259, H\u0259m\u0259\u015f\u0259yev Taleh M\u00f6h\u00fcbb\u0259t o\u011fluna is\u0259 Az\u0259rbaycan Respublikas\u0131&hellip;<\/p>\n","protected":false},"author":2,"featured_media":742982,"comment_status":"closed","ping_status":"closed","sticky":false,"template":"","format":"standard","meta":{"om_disable_all_campaigns":false,"_monsterinsights_skip_tracking":false,"_monsterinsights_sitenote_active":false,"_monsterinsights_sitenote_note":"","_monsterinsights_sitenote_category":0},"categories":[5],"tags":[],"aioseo_notices":[],"gutentor_comment":0,"rttpg_featured_image_url":{"full":["https:\/\/arantv.az\/wp-content\/uploads\/2024\/08\/aa1623dab83b4f4bbf101271911c18d9.jpg",750,422,false],"landscape":["https:\/\/arantv.az\/wp-content\/uploads\/2024\/08\/aa1623dab83b4f4bbf101271911c18d9.jpg",750,422,false],"portraits":["https:\/\/arantv.az\/wp-content\/uploads\/2024\/08\/aa1623dab83b4f4bbf101271911c18d9.jpg",750,422,false],"thumbnail":["https:\/\/arantv.az\/wp-content\/uploads\/2024\/08\/aa1623dab83b4f4bbf101271911c18d9-500x280.jpg",500,280,true],"medium":["https:\/\/arantv.az\/wp-content\/uploads\/2024\/08\/aa1623dab83b4f4bbf101271911c18d9-649x365.jpg",649,365,true],"large":["https:\/\/arantv.az\/wp-content\/uploads\/2024\/08\/aa1623dab83b4f4bbf101271911c18d9.jpg",640,360,false],"1536x1536":["https:\/\/arantv.az\/wp-content\/uploads\/2024\/08\/aa1623dab83b4f4bbf101271911c18d9.jpg",750,422,false],"2048x2048":["https:\/\/arantv.az\/wp-content\/uploads\/2024\/08\/aa1623dab83b4f4bbf101271911c18d9.jpg",750,422,false],"post-thumbnail":["https:\/\/arantv.az\/wp-content\/uploads\/2024\/08\/aa1623dab83b4f4bbf101271911c18d9-240x172.jpg",240,172,true],"advps-thumb-one":["https:\/\/arantv.az\/wp-content\/uploads\/2024\/08\/aa1623dab83b4f4bbf101271911c18d9.jpg",750,422,false]},"rttpg_author":{"display_name":"V\u00fcsal Rafiqo\u011flu","author_link":"https:\/\/arantv.az\/?author=2"},"rttpg_comment":0,"rttpg_category":"<a href=\"https:\/\/arantv.az\/?cat=5\" rel=\"category\">Hadis\u0259<\/a>","rttpg_excerpt":"La\u00e7\u0131nda itkin d\u00fc\u015f\u0259n h\u0259rb\u00e7il\u0259r\u0259 g\u00f6r\u0259 iki n\u0259f\u0259r h\u0259bs edilib. Bu bar\u0259d\u0259\u00a0Musavat.com-a H\u0259rbi prokurorun b\u00f6y\u00fck k\u00f6m\u0259k\u00e7isi \u2013 H\u0259rbi Prokurorlu\u011fun m\u0259tbuat xidm\u0259tinin r\u0259hb\u0259ri, ba\u015f \u0259dliyy\u0259 m\u00fc\u015faviri Firad \u018fliyev m\u0259lumat verib. O bildirib ki, Az\u0259rbaycan ordusunun h\u0259rbi qulluq\u00e7ular\u0131, \u0259sg\u0259rl\u0259r M\u0259mm\u0259dov F\u0259rid \u018fjd\u0259r o\u011flu v\u0259 Abdullayev Firdovsi Mais o\u011flunun 3 mart 2022-ci il tarixd\u0259 La\u00e7\u0131n rayonu \u0259razisind\u0259 itkin d\u00fc\u015fm\u0259l\u0259ri&hellip;","_links":{"self":[{"href":"https:\/\/arantv.az\/index.php?rest_route=\/wp\/v2\/posts\/742981"}],"collection":[{"href":"https:\/\/arantv.az\/index.php?rest_route=\/wp\/v2\/posts"}],"about":[{"href":"https:\/\/arantv.az\/index.php?rest_route=\/wp\/v2\/types\/post"}],"author":[{"embeddable":true,"href":"https:\/\/arantv.az\/index.php?rest_route=\/wp\/v2\/users\/2"}],"replies":[{"embeddable":true,"href":"https:\/\/arantv.az\/index.php?rest_route=%2Fwp%2Fv2%2Fcomments&post=742981"}],"version-history":[{"count":2,"href":"https:\/\/arantv.az\/index.php?rest_route=\/wp\/v2\/posts\/742981\/revisions"}],"predecessor-version":[{"id":742984,"href":"https:\/\/arantv.az\/index.php?rest_route=\/wp\/v2\/posts\/742981\/revisions\/742984"}],"wp:featuredmedia":[{"embeddable":true,"href":"https:\/\/arantv.az\/index.php?rest_route=\/wp\/v2\/media\/742982"}],"wp:attachment":[{"href":"https:\/\/arantv.az\/index.php?rest_route=%2Fwp%2Fv2%2Fmedia&parent=742981"}],"wp:term":[{"taxonomy":"category","embeddable":true,"href":"https:\/\/arantv.az\/index.php?rest_route=%2Fwp%2Fv2%2Fcategories&post=742981"},{"taxonomy":"post_tag","embeddable":true,"href":"https:\/\/arantv.az\/index.php?rest_route=%2Fwp%2Fv2%2Ftags&post=742981"}],"curies":[{"name":"wp","href":"https:\/\/api.w.org\/{rel}","templated":true}]}}