{"id":742985,"date":"2024-08-07T21:54:10","date_gmt":"2024-08-07T17:54:10","guid":{"rendered":"https:\/\/arantv.az\/?p=742985"},"modified":"2024-08-07T21:54:10","modified_gmt":"2024-08-07T17:54:10","slug":"agentlik-m%c9%99kt%c9%99bli-formalari-il%c9%99-bagli-valideynl%c9%99r%c9%99-muraci%c9%99t-etdi","status":"publish","type":"post","link":"https:\/\/arantv.az\/?p=742985","title":{"rendered":"Agentlik m\u0259kt\u0259bli formalar\u0131 il\u0259 ba\u011fl\u0131 valideynl\u0259r\u0259 m\u00fcraci\u0259t etdi"},"content":{"rendered":"<p>Agentlik m\u0259kt\u0259bli formalar\u0131 il\u0259 ba\u011fl\u0131 valideynl\u0259r\u0259 m\u00fcraci\u0259t etdi.<\/p>\n<p>M\u0259kt\u0259b\u0259q\u0259d\u0259r v\u0259 \u00dcmumit\u0259hsil \u00fczr\u0259 D\u00f6vl\u0259t Agentliyind\u0259n Milli.Az-a veril\u0259n m\u0259lumata g\u00f6r\u0259, Az\u0259rbaycan Respublikas\u0131n\u0131n Nazirl\u0259r Kabinetinin 17 mart 2022 ci il tarixli &#8220;D\u00f6vl\u0259t \u00fcmumi t\u0259hsil m\u00fc\u0259ssis\u0259si t\u0259hsilalanlar\u0131n\u0131n geyim formalar\u0131n\u0131n t\u0259svirl\u0259ri&#8221;nin t\u0259sdiq edilm\u0259si haqq\u0131nda q\u0259rar\u0131na \u0259sas\u0259n \u00fcmumi t\u0259hsil m\u00fc\u0259ssis\u0259l\u0259rind\u0259 4 n\u00f6v geyim formas\u0131ndan biri t\u0259tbiq edilir.<\/p>\n<p>Bel\u0259 ki, 2022-ci ild\u0259 h\u0259r bir \u00fcmumi t\u0259hsil m\u00fc\u0259ssis\u0259sinin Pedaqoji \u015euras\u0131 bununla ba\u011fl\u0131 m\u00fcvafiq q\u0259rar q\u0259bul edib.<\/p>\n<p>Valideynl\u0259r, x\u00fcsusil\u0259 \u00f6vladlar\u0131 birinci sinif\u0259 ged\u0259nl\u0259r Agentliyin v\u0259 yerli b\u00f6lm\u0259l\u0259rinin \u00e7a\u011fr\u0131 m\u0259rk\u0259zi, el\u0259c\u0259 d\u0259 u\u015faqlar\u0131n\u0131n t\u0259hsil alaca\u011f\u0131 m\u0259kt\u0259bd\u0259n bu bar\u0259d\u0259 \u0259trafl\u0131 m\u0259lumat \u0259ld\u0259 ed\u0259 bil\u0259rl\u0259r.<\/p>\n","protected":false},"excerpt":{"rendered":"<p>Agentlik m\u0259kt\u0259bli formalar\u0131 il\u0259 ba\u011fl\u0131 valideynl\u0259r\u0259 m\u00fcraci\u0259t etdi. M\u0259kt\u0259b\u0259q\u0259d\u0259r v\u0259 \u00dcmumit\u0259hsil \u00fczr\u0259 D\u00f6vl\u0259t Agentliyind\u0259n Milli.Az-a veril\u0259n m\u0259lumata g\u00f6r\u0259, Az\u0259rbaycan Respublikas\u0131n\u0131n Nazirl\u0259r Kabinetinin 17 mart 2022 ci il tarixli &#8220;D\u00f6vl\u0259t \u00fcmumi t\u0259hsil m\u00fc\u0259ssis\u0259si t\u0259hsilalanlar\u0131n\u0131n geyim formalar\u0131n\u0131n t\u0259svirl\u0259ri&#8221;nin t\u0259sdiq edilm\u0259si haqq\u0131nda q\u0259rar\u0131na \u0259sas\u0259n \u00fcmumi t\u0259hsil m\u00fc\u0259ssis\u0259l\u0259rind\u0259 4 n\u00f6v geyim formas\u0131ndan biri t\u0259tbiq edilir. Bel\u0259 ki, 2022-ci ild\u0259 h\u0259r bir \u00fcmumi t\u0259hsil m\u00fc\u0259ssis\u0259sinin Pedaqoji \u015euras\u0131 bununla ba\u011fl\u0131 m\u00fcvafiq q\u0259rar q\u0259bul edib. Valideynl\u0259r, x\u00fcsusil\u0259 \u00f6vladlar\u0131 birinci sinif\u0259 ged\u0259nl\u0259r Agentliyin v\u0259 yerli b\u00f6lm\u0259l\u0259rinin \u00e7a\u011fr\u0131 m\u0259rk\u0259zi, el\u0259c\u0259 d\u0259 u\u015faqlar\u0131n\u0131n t\u0259hsil alaca\u011f\u0131 m\u0259kt\u0259bd\u0259n bu bar\u0259d\u0259 \u0259trafl\u0131 m\u0259lumat&hellip;<\/p>\n","protected":false},"author":2,"featured_media":742986,"comment_status":"closed","ping_status":"closed","sticky":false,"template":"","format":"standard","meta":{"om_disable_all_campaigns":false,"_monsterinsights_skip_tracking":false,"_monsterinsights_sitenote_active":false,"_monsterinsights_sitenote_note":"","_monsterinsights_sitenote_category":0},"categories":[1],"tags":[],"aioseo_notices":[],"gutentor_comment":0,"rttpg_featured_image_url":{"full":["https:\/\/arantv.az\/wp-content\/uploads\/2024\/08\/501cb44da62fde64202127c862e4a3e4.jpg",550,349,false],"landscape":["https:\/\/arantv.az\/wp-content\/uploads\/2024\/08\/501cb44da62fde64202127c862e4a3e4.jpg",550,349,false],"portraits":["https:\/\/arantv.az\/wp-content\/uploads\/2024\/08\/501cb44da62fde64202127c862e4a3e4.jpg",550,349,false],"thumbnail":["https:\/\/arantv.az\/wp-content\/uploads\/2024\/08\/501cb44da62fde64202127c862e4a3e4-500x280.jpg",500,280,true],"medium":["https:\/\/arantv.az\/wp-content\/uploads\/2024\/08\/501cb44da62fde64202127c862e4a3e4.jpg",550,349,false],"large":["https:\/\/arantv.az\/wp-content\/uploads\/2024\/08\/501cb44da62fde64202127c862e4a3e4.jpg",550,349,false],"1536x1536":["https:\/\/arantv.az\/wp-content\/uploads\/2024\/08\/501cb44da62fde64202127c862e4a3e4.jpg",550,349,false],"2048x2048":["https:\/\/arantv.az\/wp-content\/uploads\/2024\/08\/501cb44da62fde64202127c862e4a3e4.jpg",550,349,false],"post-thumbnail":["https:\/\/arantv.az\/wp-content\/uploads\/2024\/08\/501cb44da62fde64202127c862e4a3e4-240x172.jpg",240,172,true],"advps-thumb-one":["https:\/\/arantv.az\/wp-content\/uploads\/2024\/08\/501cb44da62fde64202127c862e4a3e4.jpg",550,349,false]},"rttpg_author":{"display_name":"V\u00fcsal Rafiqo\u011flu","author_link":"https:\/\/arantv.az\/?author=2"},"rttpg_comment":0,"rttpg_category":"<a href=\"https:\/\/arantv.az\/?cat=1\" rel=\"category\">C\u0259miyy\u0259t<\/a>","rttpg_excerpt":"Agentlik m\u0259kt\u0259bli formalar\u0131 il\u0259 ba\u011fl\u0131 valideynl\u0259r\u0259 m\u00fcraci\u0259t etdi. M\u0259kt\u0259b\u0259q\u0259d\u0259r v\u0259 \u00dcmumit\u0259hsil \u00fczr\u0259 D\u00f6vl\u0259t Agentliyind\u0259n Milli.Az-a veril\u0259n m\u0259lumata g\u00f6r\u0259, Az\u0259rbaycan Respublikas\u0131n\u0131n Nazirl\u0259r Kabinetinin 17 mart 2022 ci il tarixli &#8220;D\u00f6vl\u0259t \u00fcmumi t\u0259hsil m\u00fc\u0259ssis\u0259si t\u0259hsilalanlar\u0131n\u0131n geyim formalar\u0131n\u0131n t\u0259svirl\u0259ri&#8221;nin t\u0259sdiq edilm\u0259si haqq\u0131nda q\u0259rar\u0131na \u0259sas\u0259n \u00fcmumi t\u0259hsil m\u00fc\u0259ssis\u0259l\u0259rind\u0259 4 n\u00f6v geyim formas\u0131ndan biri t\u0259tbiq edilir. Bel\u0259 ki, 2022-ci ild\u0259&hellip;","_links":{"self":[{"href":"https:\/\/arantv.az\/index.php?rest_route=\/wp\/v2\/posts\/742985"}],"collection":[{"href":"https:\/\/arantv.az\/index.php?rest_route=\/wp\/v2\/posts"}],"about":[{"href":"https:\/\/arantv.az\/index.php?rest_route=\/wp\/v2\/types\/post"}],"author":[{"embeddable":true,"href":"https:\/\/arantv.az\/index.php?rest_route=\/wp\/v2\/users\/2"}],"replies":[{"embeddable":true,"href":"https:\/\/arantv.az\/index.php?rest_route=%2Fwp%2Fv2%2Fcomments&post=742985"}],"version-history":[{"count":1,"href":"https:\/\/arantv.az\/index.php?rest_route=\/wp\/v2\/posts\/742985\/revisions"}],"predecessor-version":[{"id":742987,"href":"https:\/\/arantv.az\/index.php?rest_route=\/wp\/v2\/posts\/742985\/revisions\/742987"}],"wp:featuredmedia":[{"embeddable":true,"href":"https:\/\/arantv.az\/index.php?rest_route=\/wp\/v2\/media\/742986"}],"wp:attachment":[{"href":"https:\/\/arantv.az\/index.php?rest_route=%2Fwp%2Fv2%2Fmedia&parent=742985"}],"wp:term":[{"taxonomy":"category","embeddable":true,"href":"https:\/\/arantv.az\/index.php?rest_route=%2Fwp%2Fv2%2Fcategories&post=742985"},{"taxonomy":"post_tag","embeddable":true,"href":"https:\/\/arantv.az\/index.php?rest_route=%2Fwp%2Fv2%2Ftags&post=742985"}],"curies":[{"name":"wp","href":"https:\/\/api.w.org\/{rel}","templated":true}]}}