{"id":742988,"date":"2024-08-07T21:55:59","date_gmt":"2024-08-07T17:55:59","guid":{"rendered":"https:\/\/arantv.az\/?p=742988"},"modified":"2024-08-07T21:55:59","modified_gmt":"2024-08-07T17:55:59","slug":"prezident-ilham-%c9%99liyev-simali-qafqazin-muftisi-ismayil-berdiyevin-v%c9%99fati-il%c9%99-%c9%99laq%c9%99dar-bassagligi-verib","status":"publish","type":"post","link":"https:\/\/arantv.az\/?p=742988","title":{"rendered":"Prezident \u0130lham \u018fliyev \u015eimali Qafqaz\u0131n m\u00fcftisi \u0130smay\u0131l Berdiyevin v\u0259fat\u0131 il\u0259 \u0259laq\u0259dar ba\u015fsa\u011fl\u0131\u011f\u0131 verib"},"content":{"rendered":"<p>Az\u0259rbaycan Prezidenti \u0130lham \u018fliyev \u015eimali Qafqaz M\u00fcs\u0259lmanlar\u0131 \u018flaq\u0259l\u0259ndirm\u0259 M\u0259rk\u0259zinin s\u0259dri, Qara\u00e7ay-\u00c7\u0259rk\u0259z Respublikas\u0131n\u0131n m\u00fcftisi \u0130smay\u0131l \u018fliyevi\u00e7 Berdiyevin v\u0259fat\u0131 il\u0259 \u0259laq\u0259dar do\u011fmalar\u0131na v\u0259 yax\u0131nlar\u0131na ba\u015fsa\u011fl\u0131\u011f\u0131 verib.<\/p>\n<p><strong>ARANTV.AZ\u00a0 x\u0259b\u0259r verir ki,<\/strong>\u00a0ba\u015fsa\u011fl\u0131\u011f\u0131nda deyilir:<\/p>\n<p>&#8220;\u015eimali Qafqaz M\u00fcs\u0259lmanlar\u0131 \u018flaq\u0259l\u0259ndirm\u0259 M\u0259rk\u0259zinin s\u0259dri, Qara\u00e7ay-\u00c7\u0259rk\u0259z Respublikas\u0131n\u0131n m\u00fcftisi \u0130smay\u0131l \u018fliyevi\u00e7 Berdiyevin v\u0259fat\u0131 il\u0259 ba\u011fl\u0131 k\u0259d\u0259rli x\u0259b\u0259ri d\u0259rin h\u00fcznl\u0259 qar\u015f\u0131lad\u0131m.<\/p>\n<p>Hac\u0131 \u0130smay\u0131l Az\u0259rbaycan\u0131n b\u00f6y\u00fck dostu idi. O, Az\u0259rbaycan il\u0259 Rusiya aras\u0131nda dostluq v\u0259 mehriban qon\u015fuluq m\u00fcnasib\u0259tl\u0259rinin inki\u015faf\u0131na sanball\u0131 t\u00f6hf\u0259 verib. Az\u0259rbaycan v\u0259 Rusiya xalqlar\u0131 aras\u0131nda dostluq \u0259laq\u0259l\u0259rinin m\u00f6hk\u0259ml\u0259ndirilm\u0259si sah\u0259sind\u0259 \u00e7oxillik m\u0259hsuldar f\u0259aliyy\u0259tin\u0259 g\u00f6r\u0259 o, Az\u0259rbaycan Respublikas\u0131n\u0131n \u201cDostluq\u201d ordeni il\u0259 t\u0259ltif edilib.<\/p>\n<p>Hac\u0131 \u0130smay\u0131l\u0131n dini d\u00f6z\u00fcml\u00fcl\u00fck v\u0259 tolerantl\u0131q, dinl\u0259raras\u0131 v\u0259 sivilizasiyalararas\u0131 dialoqun d\u0259rinl\u0259\u015fdirilm\u0259sinin inki\u015faf\u0131 istiqam\u0259tind\u0259 geni\u015f dini f\u0259aliyy\u0259ti ona t\u0259kc\u0259 \u00f6z \u00f6lk\u0259sind\u0259 deyil, onun h\u00fcdudlar\u0131ndan k\u0259narda da d\u0259rin h\u00f6rm\u0259t qazand\u0131r\u0131b.<\/p>\n<p>Hac\u0131 \u0130smay\u0131l il\u0259 g\u00f6r\u00fc\u015fl\u0259ri v\u0259 s\u00f6hb\u0259tl\u0259ri, x\u00fcsus\u0259n bu ilin may\u0131nda Bak\u0131dak\u0131 sonuncu g\u00f6r\u00fc\u015f\u00fc h\u0259mi\u015f\u0259 b\u00f6y\u00fck s\u0259mimiyy\u0259tl\u0259 xat\u0131rlay\u0131ram. \u0130smay\u0131l \u018fliyevi\u00e7in nurlu xatir\u0259si q\u0259lbl\u0259rimizd\u0259 daim ya\u015fayacaq.<\/p>\n<p>Siz\u0259 s\u0259mimi-q\u0259lbd\u0259n ba\u015fsa\u011fl\u0131\u011f\u0131 verir v\u0259 bu a\u011f\u0131r itki il\u0259 \u0259laq\u0259dar a\u011fr\u0131-ac\u0131n\u0131z\u0131 b\u00f6l\u00fc\u015f\u00fcr, sizinl\u0259 birlikd\u0259 k\u0259d\u0259rl\u0259nir\u0259m.<\/p>\n<p>Allah r\u0259hm\u0259t el\u0259sin!&#8221;<\/p>\n","protected":false},"excerpt":{"rendered":"<p>Az\u0259rbaycan Prezidenti \u0130lham \u018fliyev \u015eimali Qafqaz M\u00fcs\u0259lmanlar\u0131 \u018flaq\u0259l\u0259ndirm\u0259 M\u0259rk\u0259zinin s\u0259dri, Qara\u00e7ay-\u00c7\u0259rk\u0259z Respublikas\u0131n\u0131n m\u00fcftisi \u0130smay\u0131l \u018fliyevi\u00e7 Berdiyevin v\u0259fat\u0131 il\u0259 \u0259laq\u0259dar do\u011fmalar\u0131na v\u0259 yax\u0131nlar\u0131na ba\u015fsa\u011fl\u0131\u011f\u0131 verib. ARANTV.AZ\u00a0 x\u0259b\u0259r verir ki,\u00a0ba\u015fsa\u011fl\u0131\u011f\u0131nda deyilir: &#8220;\u015eimali Qafqaz M\u00fcs\u0259lmanlar\u0131 \u018flaq\u0259l\u0259ndirm\u0259 M\u0259rk\u0259zinin s\u0259dri, Qara\u00e7ay-\u00c7\u0259rk\u0259z Respublikas\u0131n\u0131n m\u00fcftisi \u0130smay\u0131l \u018fliyevi\u00e7 Berdiyevin v\u0259fat\u0131 il\u0259 ba\u011fl\u0131 k\u0259d\u0259rli x\u0259b\u0259ri d\u0259rin h\u00fcznl\u0259 qar\u015f\u0131lad\u0131m. Hac\u0131 \u0130smay\u0131l Az\u0259rbaycan\u0131n b\u00f6y\u00fck dostu idi. O, Az\u0259rbaycan il\u0259 Rusiya aras\u0131nda dostluq v\u0259 mehriban qon\u015fuluq m\u00fcnasib\u0259tl\u0259rinin inki\u015faf\u0131na sanball\u0131 t\u00f6hf\u0259 verib. Az\u0259rbaycan v\u0259 Rusiya xalqlar\u0131 aras\u0131nda dostluq \u0259laq\u0259l\u0259rinin m\u00f6hk\u0259ml\u0259ndirilm\u0259si sah\u0259sind\u0259 \u00e7oxillik m\u0259hsuldar f\u0259aliyy\u0259tin\u0259 g\u00f6r\u0259 o, Az\u0259rbaycan Respublikas\u0131n\u0131n \u201cDostluq\u201d ordeni il\u0259 t\u0259ltif edilib.&hellip;<\/p>\n","protected":false},"author":2,"featured_media":742989,"comment_status":"closed","ping_status":"closed","sticky":false,"template":"","format":"standard","meta":{"om_disable_all_campaigns":false,"_monsterinsights_skip_tracking":false,"_monsterinsights_sitenote_active":false,"_monsterinsights_sitenote_note":"","_monsterinsights_sitenote_category":0},"categories":[4],"tags":[],"aioseo_notices":[],"gutentor_comment":0,"rttpg_featured_image_url":{"full":["https:\/\/arantv.az\/wp-content\/uploads\/2024\/08\/a6d8ecc0172051762862064049410418371-1.jpg",975,540,false],"landscape":["https:\/\/arantv.az\/wp-content\/uploads\/2024\/08\/a6d8ecc0172051762862064049410418371-1.jpg",975,540,false],"portraits":["https:\/\/arantv.az\/wp-content\/uploads\/2024\/08\/a6d8ecc0172051762862064049410418371-1.jpg",975,540,false],"thumbnail":["https:\/\/arantv.az\/wp-content\/uploads\/2024\/08\/a6d8ecc0172051762862064049410418371-1-500x280.jpg",500,280,true],"medium":["https:\/\/arantv.az\/wp-content\/uploads\/2024\/08\/a6d8ecc0172051762862064049410418371-1-660x365.jpg",660,365,true],"large":["https:\/\/arantv.az\/wp-content\/uploads\/2024\/08\/a6d8ecc0172051762862064049410418371-1-840x465.jpg",640,354,true],"1536x1536":["https:\/\/arantv.az\/wp-content\/uploads\/2024\/08\/a6d8ecc0172051762862064049410418371-1.jpg",975,540,false],"2048x2048":["https:\/\/arantv.az\/wp-content\/uploads\/2024\/08\/a6d8ecc0172051762862064049410418371-1.jpg",975,540,false],"post-thumbnail":["https:\/\/arantv.az\/wp-content\/uploads\/2024\/08\/a6d8ecc0172051762862064049410418371-1-240x172.jpg",240,172,true],"advps-thumb-one":["https:\/\/arantv.az\/wp-content\/uploads\/2024\/08\/a6d8ecc0172051762862064049410418371-1.jpg",975,540,false]},"rttpg_author":{"display_name":"V\u00fcsal Rafiqo\u011flu","author_link":"https:\/\/arantv.az\/?author=2"},"rttpg_comment":0,"rttpg_category":"<a href=\"https:\/\/arantv.az\/?cat=4\" rel=\"category\">Siyas\u0259t<\/a>","rttpg_excerpt":"Az\u0259rbaycan Prezidenti \u0130lham \u018fliyev \u015eimali Qafqaz M\u00fcs\u0259lmanlar\u0131 \u018flaq\u0259l\u0259ndirm\u0259 M\u0259rk\u0259zinin s\u0259dri, Qara\u00e7ay-\u00c7\u0259rk\u0259z Respublikas\u0131n\u0131n m\u00fcftisi \u0130smay\u0131l \u018fliyevi\u00e7 Berdiyevin v\u0259fat\u0131 il\u0259 \u0259laq\u0259dar do\u011fmalar\u0131na v\u0259 yax\u0131nlar\u0131na ba\u015fsa\u011fl\u0131\u011f\u0131 verib. ARANTV.AZ\u00a0 x\u0259b\u0259r verir ki,\u00a0ba\u015fsa\u011fl\u0131\u011f\u0131nda deyilir: &#8220;\u015eimali Qafqaz M\u00fcs\u0259lmanlar\u0131 \u018flaq\u0259l\u0259ndirm\u0259 M\u0259rk\u0259zinin s\u0259dri, Qara\u00e7ay-\u00c7\u0259rk\u0259z Respublikas\u0131n\u0131n m\u00fcftisi \u0130smay\u0131l \u018fliyevi\u00e7 Berdiyevin v\u0259fat\u0131 il\u0259 ba\u011fl\u0131 k\u0259d\u0259rli x\u0259b\u0259ri d\u0259rin h\u00fcznl\u0259 qar\u015f\u0131lad\u0131m. Hac\u0131 \u0130smay\u0131l Az\u0259rbaycan\u0131n b\u00f6y\u00fck dostu idi.&hellip;","_links":{"self":[{"href":"https:\/\/arantv.az\/index.php?rest_route=\/wp\/v2\/posts\/742988"}],"collection":[{"href":"https:\/\/arantv.az\/index.php?rest_route=\/wp\/v2\/posts"}],"about":[{"href":"https:\/\/arantv.az\/index.php?rest_route=\/wp\/v2\/types\/post"}],"author":[{"embeddable":true,"href":"https:\/\/arantv.az\/index.php?rest_route=\/wp\/v2\/users\/2"}],"replies":[{"embeddable":true,"href":"https:\/\/arantv.az\/index.php?rest_route=%2Fwp%2Fv2%2Fcomments&post=742988"}],"version-history":[{"count":1,"href":"https:\/\/arantv.az\/index.php?rest_route=\/wp\/v2\/posts\/742988\/revisions"}],"predecessor-version":[{"id":742990,"href":"https:\/\/arantv.az\/index.php?rest_route=\/wp\/v2\/posts\/742988\/revisions\/742990"}],"wp:featuredmedia":[{"embeddable":true,"href":"https:\/\/arantv.az\/index.php?rest_route=\/wp\/v2\/media\/742989"}],"wp:attachment":[{"href":"https:\/\/arantv.az\/index.php?rest_route=%2Fwp%2Fv2%2Fmedia&parent=742988"}],"wp:term":[{"taxonomy":"category","embeddable":true,"href":"https:\/\/arantv.az\/index.php?rest_route=%2Fwp%2Fv2%2Fcategories&post=742988"},{"taxonomy":"post_tag","embeddable":true,"href":"https:\/\/arantv.az\/index.php?rest_route=%2Fwp%2Fv2%2Ftags&post=742988"}],"curies":[{"name":"wp","href":"https:\/\/api.w.org\/{rel}","templated":true}]}}