{"id":742993,"date":"2024-08-08T09:35:25","date_gmt":"2024-08-08T05:35:25","guid":{"rendered":"https:\/\/arantv.az\/?p=742993"},"modified":"2024-08-08T09:35:25","modified_gmt":"2024-08-08T05:35:25","slug":"cin-v%c9%99-rusiya-beyn%c9%99lxalq-huquq-uzr%c9%99-m%c9%99sl%c9%99h%c9%99tl%c9%99sm%c9%99l%c9%99r-apariblar","status":"publish","type":"post","link":"https:\/\/arantv.az\/?p=742993","title":{"rendered":"\u00c7in v\u0259 Rusiya beyn\u0259lxalq h\u00fcquq \u00fczr\u0259 m\u0259sl\u0259h\u0259tl\u0259\u015fm\u0259l\u0259r apar\u0131blar"},"content":{"rendered":"<p>Rusiya v\u0259 \u00c7inin n\u00fcmay\u0259nd\u0259l\u0259ri beyn\u0259lxalq h\u00fcquq m\u0259s\u0259l\u0259l\u0259ri \u0259traf\u0131nda fikir m\u00fcbadil\u0259si apar\u0131blar.<\/p>\n<p>\u201cReport\u201d x\u0259b\u0259r verir ki, bu bar\u0259d\u0259 \u00c7in Xalq Respublikas\u0131n\u0131n Xarici \u0130\u015fl\u0259r Nazirliyi m\u0259lumat yay\u0131b.<\/p>\n<p>\u201cMoskvada \u00c7in Xalq Respublikas\u0131 Xarici \u0130\u015fl\u0259r Nazirliyinin M\u00fcqavil\u0259 v\u0259 H\u00fcquqi \u018flaq\u0259l\u0259r Departamentinin direktoru Ma Sinmin v\u0259 Rusiya Federasiyas\u0131 Xarici \u0130\u015fl\u0259r Nazirliyinin H\u00fcquq Departamentinin direktoru Maksim Musixin qar\u015f\u0131l\u0131ql\u0131 maraq do\u011furan beyn\u0259lxalq h\u00fcquq m\u0259s\u0259l\u0259l\u0259ri \u0259traf\u0131nda fikir m\u00fcbadil\u0259si apar\u0131l\u0131blar\u201d, &#8211; m\u0259lumatda deyilir.<\/p>\n","protected":false},"excerpt":{"rendered":"<p>Rusiya v\u0259 \u00c7inin n\u00fcmay\u0259nd\u0259l\u0259ri beyn\u0259lxalq h\u00fcquq m\u0259s\u0259l\u0259l\u0259ri \u0259traf\u0131nda fikir m\u00fcbadil\u0259si apar\u0131blar. \u201cReport\u201d x\u0259b\u0259r verir ki, bu bar\u0259d\u0259 \u00c7in Xalq Respublikas\u0131n\u0131n Xarici \u0130\u015fl\u0259r Nazirliyi m\u0259lumat yay\u0131b. \u201cMoskvada \u00c7in Xalq Respublikas\u0131 Xarici \u0130\u015fl\u0259r Nazirliyinin M\u00fcqavil\u0259 v\u0259 H\u00fcquqi \u018flaq\u0259l\u0259r Departamentinin direktoru Ma Sinmin v\u0259 Rusiya Federasiyas\u0131 Xarici \u0130\u015fl\u0259r Nazirliyinin H\u00fcquq Departamentinin direktoru Maksim Musixin qar\u015f\u0131l\u0131ql\u0131 maraq do\u011furan beyn\u0259lxalq h\u00fcquq m\u0259s\u0259l\u0259l\u0259ri \u0259traf\u0131nda fikir m\u00fcbadil\u0259si apar\u0131l\u0131blar\u201d, &#8211; m\u0259lumatda deyilir.<\/p>\n","protected":false},"author":2,"featured_media":742994,"comment_status":"closed","ping_status":"closed","sticky":false,"template":"","format":"standard","meta":{"om_disable_all_campaigns":false,"_monsterinsights_skip_tracking":false,"_monsterinsights_sitenote_active":false,"_monsterinsights_sitenote_note":"","_monsterinsights_sitenote_category":0},"categories":[7],"tags":[],"aioseo_notices":[],"gutentor_comment":0,"rttpg_featured_image_url":{"full":["https:\/\/arantv.az\/wp-content\/uploads\/2024\/08\/01b88e7e3cab37d221ff89b2d2344ed8.jpg",850,500,false],"landscape":["https:\/\/arantv.az\/wp-content\/uploads\/2024\/08\/01b88e7e3cab37d221ff89b2d2344ed8.jpg",850,500,false],"portraits":["https:\/\/arantv.az\/wp-content\/uploads\/2024\/08\/01b88e7e3cab37d221ff89b2d2344ed8.jpg",850,500,false],"thumbnail":["https:\/\/arantv.az\/wp-content\/uploads\/2024\/08\/01b88e7e3cab37d221ff89b2d2344ed8-500x280.jpg",500,280,true],"medium":["https:\/\/arantv.az\/wp-content\/uploads\/2024\/08\/01b88e7e3cab37d221ff89b2d2344ed8-621x365.jpg",621,365,true],"large":["https:\/\/arantv.az\/wp-content\/uploads\/2024\/08\/01b88e7e3cab37d221ff89b2d2344ed8-840x494.jpg",640,376,true],"1536x1536":["https:\/\/arantv.az\/wp-content\/uploads\/2024\/08\/01b88e7e3cab37d221ff89b2d2344ed8.jpg",850,500,false],"2048x2048":["https:\/\/arantv.az\/wp-content\/uploads\/2024\/08\/01b88e7e3cab37d221ff89b2d2344ed8.jpg",850,500,false],"post-thumbnail":["https:\/\/arantv.az\/wp-content\/uploads\/2024\/08\/01b88e7e3cab37d221ff89b2d2344ed8-240x172.jpg",240,172,true],"advps-thumb-one":["https:\/\/arantv.az\/wp-content\/uploads\/2024\/08\/01b88e7e3cab37d221ff89b2d2344ed8.jpg",850,500,false]},"rttpg_author":{"display_name":"V\u00fcsal Rafiqo\u011flu","author_link":"https:\/\/arantv.az\/?author=2"},"rttpg_comment":0,"rttpg_category":"<a href=\"https:\/\/arantv.az\/?cat=7\" rel=\"category\">D\u00fcnya<\/a>","rttpg_excerpt":"Rusiya v\u0259 \u00c7inin n\u00fcmay\u0259nd\u0259l\u0259ri beyn\u0259lxalq h\u00fcquq m\u0259s\u0259l\u0259l\u0259ri \u0259traf\u0131nda fikir m\u00fcbadil\u0259si apar\u0131blar. \u201cReport\u201d x\u0259b\u0259r verir ki, bu bar\u0259d\u0259 \u00c7in Xalq Respublikas\u0131n\u0131n Xarici \u0130\u015fl\u0259r Nazirliyi m\u0259lumat yay\u0131b. \u201cMoskvada \u00c7in Xalq Respublikas\u0131 Xarici \u0130\u015fl\u0259r Nazirliyinin M\u00fcqavil\u0259 v\u0259 H\u00fcquqi \u018flaq\u0259l\u0259r Departamentinin direktoru Ma Sinmin v\u0259 Rusiya Federasiyas\u0131 Xarici \u0130\u015fl\u0259r Nazirliyinin H\u00fcquq Departamentinin direktoru Maksim Musixin qar\u015f\u0131l\u0131ql\u0131 maraq do\u011furan beyn\u0259lxalq&hellip;","_links":{"self":[{"href":"https:\/\/arantv.az\/index.php?rest_route=\/wp\/v2\/posts\/742993"}],"collection":[{"href":"https:\/\/arantv.az\/index.php?rest_route=\/wp\/v2\/posts"}],"about":[{"href":"https:\/\/arantv.az\/index.php?rest_route=\/wp\/v2\/types\/post"}],"author":[{"embeddable":true,"href":"https:\/\/arantv.az\/index.php?rest_route=\/wp\/v2\/users\/2"}],"replies":[{"embeddable":true,"href":"https:\/\/arantv.az\/index.php?rest_route=%2Fwp%2Fv2%2Fcomments&post=742993"}],"version-history":[{"count":1,"href":"https:\/\/arantv.az\/index.php?rest_route=\/wp\/v2\/posts\/742993\/revisions"}],"predecessor-version":[{"id":742996,"href":"https:\/\/arantv.az\/index.php?rest_route=\/wp\/v2\/posts\/742993\/revisions\/742996"}],"wp:featuredmedia":[{"embeddable":true,"href":"https:\/\/arantv.az\/index.php?rest_route=\/wp\/v2\/media\/742994"}],"wp:attachment":[{"href":"https:\/\/arantv.az\/index.php?rest_route=%2Fwp%2Fv2%2Fmedia&parent=742993"}],"wp:term":[{"taxonomy":"category","embeddable":true,"href":"https:\/\/arantv.az\/index.php?rest_route=%2Fwp%2Fv2%2Fcategories&post=742993"},{"taxonomy":"post_tag","embeddable":true,"href":"https:\/\/arantv.az\/index.php?rest_route=%2Fwp%2Fv2%2Ftags&post=742993"}],"curies":[{"name":"wp","href":"https:\/\/api.w.org\/{rel}","templated":true}]}}