{"id":743045,"date":"2024-08-08T10:22:40","date_gmt":"2024-08-08T06:22:40","guid":{"rendered":"https:\/\/arantv.az\/?p=743045"},"modified":"2024-08-08T10:22:40","modified_gmt":"2024-08-08T06:22:40","slug":"mehriban-%c9%99liyeva-qasim-maqomedovu-t%c9%99brik-edib","status":"publish","type":"post","link":"https:\/\/arantv.az\/?p=743045","title":{"rendered":"Mehriban \u018fliyeva Qa\u015f\u0131m Maqomedovu t\u0259brik edib"},"content":{"rendered":"<div class=\"post-detail-content-inner resize-area\">\n<p>Az\u0259rbaycan\u0131n Birinci vitse-prezidenti\u00a0<strong>Mehriban \u018fliyeva\u00a0<\/strong>Yay Olimpiya Oyunlar\u0131n\u0131n g\u00fcm\u00fc\u015f m\u00fckafat\u00e7\u0131s\u0131, taekvondo\u00e7u Qa\u015f\u0131m Maqomedovla ba\u011fl\u0131 payla\u015f\u0131m edib.<\/p>\n<p><b>ARANTV.AZ <\/b>x\u0259b\u0259r verir ki, payla\u015f\u0131mda deyilir:<\/p>\n<p>&#8220;Paris Yay Olimpiya Oyunlar\u0131n\u0131n g\u00fcm\u00fc\u015f m\u00fckafat\u00e7\u0131s\u0131, taekvondo\u00e7u Qa\u015f\u0131m Maqomedovu s\u0259mimi-q\u0259lbd\u0259n t\u0259brik edir\u0259m! G\u0259rgin \u0259m\u0259yin\u0259, yenilm\u0259z irad\u0259sin\u0259 v\u0259 q\u0259l\u0259b\u0259 \u0259zmin\u0259 g\u00f6r\u0259 idman\u00e7\u0131m\u0131za t\u0259\u015f\u0259kk\u00fcr edir, ona m\u00f6hk\u0259m cansa\u011fl\u0131\u011f\u0131 v\u0259 yeni-yeni nailiyy\u0259tl\u0259r arzulay\u0131ram!&#8221;<\/p>\n<p>&nbsp;<\/p>\n<p><iframe id=\"instagram-embed-0\" class=\"instagram-media instagram-media-rendered\" src=\"https:\/\/www.instagram.com\/p\/C-ZelChq0aN\/embed\/captioned\/?cr=1&amp;v=14&amp;wp=540&amp;rd=https%3A%2F%2Foxu.az&amp;rp=%2Fsiyaset%2Fmehriban-eliyeva-qasim-maqomedovu-tebrik-edib#%7B%22ci%22%3A0%2C%22os%22%3A4658.5%2C%22ls%22%3A3013.2999999999884%2C%22le%22%3A3922.7999999999884%7D\" height=\"978\" frameborder=\"0\" scrolling=\"no\" allowfullscreen=\"allowfullscreen\" data-instgrm-payload-id=\"instagram-media-payload-0\" data-mce-fragment=\"1\"><\/iframe>&nbsp;<\/p>\n<\/div>\n<div class=\"tag-area tag-area-slide tag-area--slider\">\n<div class=\"swiper swiper-initialized swiper-horizontal swiper-pointer-events swiper-free-mode swiper-watch-progress swiper-backface-hidden\">\n<div id=\"swiper-wrapper-b96b2c2cd59b928a\" class=\"swiper-wrapper\" aria-live=\"polite\">\n<div class=\"swiper-slide swiper-slide-visible swiper-slide-active\" role=\"group\" aria-label=\"1 \/ 3\">\n<div class=\"tag-item\"><\/div>\n<\/div>\n<\/div>\n<\/div>\n<\/div>\n","protected":false},"excerpt":{"rendered":"<p>Az\u0259rbaycan\u0131n Birinci vitse-prezidenti\u00a0Mehriban \u018fliyeva\u00a0Yay Olimpiya Oyunlar\u0131n\u0131n g\u00fcm\u00fc\u015f m\u00fckafat\u00e7\u0131s\u0131, taekvondo\u00e7u Qa\u015f\u0131m Maqomedovla ba\u011fl\u0131 payla\u015f\u0131m edib. ARANTV.AZ x\u0259b\u0259r verir ki, payla\u015f\u0131mda deyilir: &#8220;Paris Yay Olimpiya Oyunlar\u0131n\u0131n g\u00fcm\u00fc\u015f m\u00fckafat\u00e7\u0131s\u0131, taekvondo\u00e7u Qa\u015f\u0131m Maqomedovu s\u0259mimi-q\u0259lbd\u0259n t\u0259brik edir\u0259m! G\u0259rgin \u0259m\u0259yin\u0259, yenilm\u0259z irad\u0259sin\u0259 v\u0259 q\u0259l\u0259b\u0259 \u0259zmin\u0259 g\u00f6r\u0259 idman\u00e7\u0131m\u0131za t\u0259\u015f\u0259kk\u00fcr edir, ona m\u00f6hk\u0259m cansa\u011fl\u0131\u011f\u0131 v\u0259 yeni-yeni nailiyy\u0259tl\u0259r arzulay\u0131ram!&#8221; &nbsp; &nbsp;<\/p>\n","protected":false},"author":2,"featured_media":743046,"comment_status":"closed","ping_status":"closed","sticky":false,"template":"","format":"standard","meta":{"om_disable_all_campaigns":false,"_monsterinsights_skip_tracking":false,"_monsterinsights_sitenote_active":false,"_monsterinsights_sitenote_note":"","_monsterinsights_sitenote_category":0},"categories":[4],"tags":[],"aioseo_notices":[],"gutentor_comment":0,"rttpg_featured_image_url":{"full":["https:\/\/arantv.az\/wp-content\/uploads\/2024\/08\/mehriban.jpg",850,530,false],"landscape":["https:\/\/arantv.az\/wp-content\/uploads\/2024\/08\/mehriban.jpg",850,530,false],"portraits":["https:\/\/arantv.az\/wp-content\/uploads\/2024\/08\/mehriban.jpg",850,530,false],"thumbnail":["https:\/\/arantv.az\/wp-content\/uploads\/2024\/08\/mehriban-500x280.jpg",500,280,true],"medium":["https:\/\/arantv.az\/wp-content\/uploads\/2024\/08\/mehriban-585x365.jpg",585,365,true],"large":["https:\/\/arantv.az\/wp-content\/uploads\/2024\/08\/mehriban-840x524.jpg",640,399,true],"1536x1536":["https:\/\/arantv.az\/wp-content\/uploads\/2024\/08\/mehriban.jpg",850,530,false],"2048x2048":["https:\/\/arantv.az\/wp-content\/uploads\/2024\/08\/mehriban.jpg",850,530,false],"post-thumbnail":["https:\/\/arantv.az\/wp-content\/uploads\/2024\/08\/mehriban-240x172.jpg",240,172,true],"advps-thumb-one":["https:\/\/arantv.az\/wp-content\/uploads\/2024\/08\/mehriban.jpg",850,530,false]},"rttpg_author":{"display_name":"V\u00fcsal Rafiqo\u011flu","author_link":"https:\/\/arantv.az\/?author=2"},"rttpg_comment":0,"rttpg_category":"<a href=\"https:\/\/arantv.az\/?cat=4\" rel=\"category\">Siyas\u0259t<\/a>","rttpg_excerpt":"Az\u0259rbaycan\u0131n Birinci vitse-prezidenti\u00a0Mehriban \u018fliyeva\u00a0Yay Olimpiya Oyunlar\u0131n\u0131n g\u00fcm\u00fc\u015f m\u00fckafat\u00e7\u0131s\u0131, taekvondo\u00e7u Qa\u015f\u0131m Maqomedovla ba\u011fl\u0131 payla\u015f\u0131m edib. ARANTV.AZ x\u0259b\u0259r verir ki, payla\u015f\u0131mda deyilir: &#8220;Paris Yay Olimpiya Oyunlar\u0131n\u0131n g\u00fcm\u00fc\u015f m\u00fckafat\u00e7\u0131s\u0131, taekvondo\u00e7u Qa\u015f\u0131m Maqomedovu s\u0259mimi-q\u0259lbd\u0259n t\u0259brik edir\u0259m! G\u0259rgin \u0259m\u0259yin\u0259, yenilm\u0259z irad\u0259sin\u0259 v\u0259 q\u0259l\u0259b\u0259 \u0259zmin\u0259 g\u00f6r\u0259 idman\u00e7\u0131m\u0131za t\u0259\u015f\u0259kk\u00fcr edir, ona m\u00f6hk\u0259m cansa\u011fl\u0131\u011f\u0131 v\u0259 yeni-yeni nailiyy\u0259tl\u0259r arzulay\u0131ram!&#8221; &nbsp; &nbsp;","_links":{"self":[{"href":"https:\/\/arantv.az\/index.php?rest_route=\/wp\/v2\/posts\/743045"}],"collection":[{"href":"https:\/\/arantv.az\/index.php?rest_route=\/wp\/v2\/posts"}],"about":[{"href":"https:\/\/arantv.az\/index.php?rest_route=\/wp\/v2\/types\/post"}],"author":[{"embeddable":true,"href":"https:\/\/arantv.az\/index.php?rest_route=\/wp\/v2\/users\/2"}],"replies":[{"embeddable":true,"href":"https:\/\/arantv.az\/index.php?rest_route=%2Fwp%2Fv2%2Fcomments&post=743045"}],"version-history":[{"count":1,"href":"https:\/\/arantv.az\/index.php?rest_route=\/wp\/v2\/posts\/743045\/revisions"}],"predecessor-version":[{"id":743047,"href":"https:\/\/arantv.az\/index.php?rest_route=\/wp\/v2\/posts\/743045\/revisions\/743047"}],"wp:featuredmedia":[{"embeddable":true,"href":"https:\/\/arantv.az\/index.php?rest_route=\/wp\/v2\/media\/743046"}],"wp:attachment":[{"href":"https:\/\/arantv.az\/index.php?rest_route=%2Fwp%2Fv2%2Fmedia&parent=743045"}],"wp:term":[{"taxonomy":"category","embeddable":true,"href":"https:\/\/arantv.az\/index.php?rest_route=%2Fwp%2Fv2%2Fcategories&post=743045"},{"taxonomy":"post_tag","embeddable":true,"href":"https:\/\/arantv.az\/index.php?rest_route=%2Fwp%2Fv2%2Ftags&post=743045"}],"curies":[{"name":"wp","href":"https:\/\/api.w.org\/{rel}","templated":true}]}}