{"id":743062,"date":"2024-08-08T11:32:07","date_gmt":"2024-08-08T07:32:07","guid":{"rendered":"https:\/\/arantv.az\/?p=743062"},"modified":"2024-08-08T11:32:07","modified_gmt":"2024-08-08T07:32:07","slug":"20-yasli-surucu-sukan-arxasinda-q%c9%99fil-oldu-foto","status":"publish","type":"post","link":"https:\/\/arantv.az\/?p=743062","title":{"rendered":"20 ya\u015fl\u0131 s\u00fcr\u00fcc\u00fc s\u00fckan arxas\u0131nda q\u0259fil \u00f6ld\u00fc &#8211; FOTO"},"content":{"rendered":"<p><strong>O\u011fuz rayonunda traktor s\u00fcr\u00fcc\u00fcs\u00fc q\u0259fil \u00f6l\u00fcb.<\/strong><\/p>\n<p><strong>ARANTV.AZ\u00a0 <\/strong>\u201cQafqazinfo\u201dya istinad\u0259n x\u0259b\u0259r verir ki, rayonun D\u0259ym\u0259da\u011fl\u0131 k\u0259nd sakini 2004-c\u00fc il t\u0259v\u0259ll\u00fcdl\u00fc M\u0259mm\u0259dli Lo\u011fman F\u0259rman o\u011flu traktorla h\u0259r\u0259k\u0259td\u0259 olark\u0259n v\u0259fat edib. S\u00fckan arxas\u0131nda olan g\u0259ncin \u00fcr\u0259ktutmadan h\u0259yat\u0131n\u0131 itirdiyi bildirilib.<\/p>\n<p>Qeyd ed\u0259k ki, avqustun 22-si Lo\u011fman\u0131n 20 ya\u015f\u0131 tamam olacaqm\u0131\u015f.<\/p>\n<p>Faktla ba\u011fl\u0131 ara\u015fd\u0131rma apar\u0131l\u0131r.<\/p>\n","protected":false},"excerpt":{"rendered":"<p>O\u011fuz rayonunda traktor s\u00fcr\u00fcc\u00fcs\u00fc q\u0259fil \u00f6l\u00fcb. ARANTV.AZ\u00a0 \u201cQafqazinfo\u201dya istinad\u0259n x\u0259b\u0259r verir ki, rayonun D\u0259ym\u0259da\u011fl\u0131 k\u0259nd sakini 2004-c\u00fc il t\u0259v\u0259ll\u00fcdl\u00fc M\u0259mm\u0259dli Lo\u011fman F\u0259rman o\u011flu traktorla h\u0259r\u0259k\u0259td\u0259 olark\u0259n v\u0259fat edib. S\u00fckan arxas\u0131nda olan g\u0259ncin \u00fcr\u0259ktutmadan h\u0259yat\u0131n\u0131 itirdiyi bildirilib. Qeyd ed\u0259k ki, avqustun 22-si Lo\u011fman\u0131n 20 ya\u015f\u0131 tamam olacaqm\u0131\u015f. Faktla ba\u011fl\u0131 ara\u015fd\u0131rma apar\u0131l\u0131r.<\/p>\n","protected":false},"author":2,"featured_media":743063,"comment_status":"closed","ping_status":"closed","sticky":false,"template":"","format":"standard","meta":{"om_disable_all_campaigns":false,"_monsterinsights_skip_tracking":false,"_monsterinsights_sitenote_active":false,"_monsterinsights_sitenote_note":"","_monsterinsights_sitenote_category":0},"categories":[5],"tags":[],"aioseo_notices":[],"gutentor_comment":0,"rttpg_featured_image_url":{"full":["https:\/\/arantv.az\/wp-content\/uploads\/2024\/08\/d2d664c5ae2c1caa64a52831be162b29.jpg",637,400,false],"landscape":["https:\/\/arantv.az\/wp-content\/uploads\/2024\/08\/d2d664c5ae2c1caa64a52831be162b29.jpg",637,400,false],"portraits":["https:\/\/arantv.az\/wp-content\/uploads\/2024\/08\/d2d664c5ae2c1caa64a52831be162b29.jpg",637,400,false],"thumbnail":["https:\/\/arantv.az\/wp-content\/uploads\/2024\/08\/d2d664c5ae2c1caa64a52831be162b29-500x280.jpg",500,280,true],"medium":["https:\/\/arantv.az\/wp-content\/uploads\/2024\/08\/d2d664c5ae2c1caa64a52831be162b29-581x365.jpg",581,365,true],"large":["https:\/\/arantv.az\/wp-content\/uploads\/2024\/08\/d2d664c5ae2c1caa64a52831be162b29.jpg",637,400,false],"1536x1536":["https:\/\/arantv.az\/wp-content\/uploads\/2024\/08\/d2d664c5ae2c1caa64a52831be162b29.jpg",637,400,false],"2048x2048":["https:\/\/arantv.az\/wp-content\/uploads\/2024\/08\/d2d664c5ae2c1caa64a52831be162b29.jpg",637,400,false],"post-thumbnail":["https:\/\/arantv.az\/wp-content\/uploads\/2024\/08\/d2d664c5ae2c1caa64a52831be162b29-240x172.jpg",240,172,true],"advps-thumb-one":["https:\/\/arantv.az\/wp-content\/uploads\/2024\/08\/d2d664c5ae2c1caa64a52831be162b29.jpg",637,400,false]},"rttpg_author":{"display_name":"V\u00fcsal Rafiqo\u011flu","author_link":"https:\/\/arantv.az\/?author=2"},"rttpg_comment":0,"rttpg_category":"<a href=\"https:\/\/arantv.az\/?cat=5\" rel=\"category\">Hadis\u0259<\/a>","rttpg_excerpt":"O\u011fuz rayonunda traktor s\u00fcr\u00fcc\u00fcs\u00fc q\u0259fil \u00f6l\u00fcb. ARANTV.AZ\u00a0 \u201cQafqazinfo\u201dya istinad\u0259n x\u0259b\u0259r verir ki, rayonun D\u0259ym\u0259da\u011fl\u0131 k\u0259nd sakini 2004-c\u00fc il t\u0259v\u0259ll\u00fcdl\u00fc M\u0259mm\u0259dli Lo\u011fman F\u0259rman o\u011flu traktorla h\u0259r\u0259k\u0259td\u0259 olark\u0259n v\u0259fat edib. S\u00fckan arxas\u0131nda olan g\u0259ncin \u00fcr\u0259ktutmadan h\u0259yat\u0131n\u0131 itirdiyi bildirilib. Qeyd ed\u0259k ki, avqustun 22-si Lo\u011fman\u0131n 20 ya\u015f\u0131 tamam olacaqm\u0131\u015f. Faktla ba\u011fl\u0131 ara\u015fd\u0131rma apar\u0131l\u0131r.","_links":{"self":[{"href":"https:\/\/arantv.az\/index.php?rest_route=\/wp\/v2\/posts\/743062"}],"collection":[{"href":"https:\/\/arantv.az\/index.php?rest_route=\/wp\/v2\/posts"}],"about":[{"href":"https:\/\/arantv.az\/index.php?rest_route=\/wp\/v2\/types\/post"}],"author":[{"embeddable":true,"href":"https:\/\/arantv.az\/index.php?rest_route=\/wp\/v2\/users\/2"}],"replies":[{"embeddable":true,"href":"https:\/\/arantv.az\/index.php?rest_route=%2Fwp%2Fv2%2Fcomments&post=743062"}],"version-history":[{"count":1,"href":"https:\/\/arantv.az\/index.php?rest_route=\/wp\/v2\/posts\/743062\/revisions"}],"predecessor-version":[{"id":743064,"href":"https:\/\/arantv.az\/index.php?rest_route=\/wp\/v2\/posts\/743062\/revisions\/743064"}],"wp:featuredmedia":[{"embeddable":true,"href":"https:\/\/arantv.az\/index.php?rest_route=\/wp\/v2\/media\/743063"}],"wp:attachment":[{"href":"https:\/\/arantv.az\/index.php?rest_route=%2Fwp%2Fv2%2Fmedia&parent=743062"}],"wp:term":[{"taxonomy":"category","embeddable":true,"href":"https:\/\/arantv.az\/index.php?rest_route=%2Fwp%2Fv2%2Fcategories&post=743062"},{"taxonomy":"post_tag","embeddable":true,"href":"https:\/\/arantv.az\/index.php?rest_route=%2Fwp%2Fv2%2Ftags&post=743062"}],"curies":[{"name":"wp","href":"https:\/\/api.w.org\/{rel}","templated":true}]}}