{"id":743073,"date":"2024-08-08T11:35:42","date_gmt":"2024-08-08T07:35:42","guid":{"rendered":"https:\/\/arantv.az\/?p=743073"},"modified":"2024-08-08T11:35:42","modified_gmt":"2024-08-08T07:35:42","slug":"erm%c9%99nistandan-sonuncu-az%c9%99rbaycanlilarin-qovulmasindan-33-il-otur","status":"publish","type":"post","link":"https:\/\/arantv.az\/?p=743073","title":{"rendered":"Erm\u0259nistandan sonuncu az\u0259rbaycanl\u0131lar\u0131n qovulmas\u0131ndan 33 il \u00f6t\u00fcr"},"content":{"rendered":"<p>Bu g\u00fcn Erm\u0259nistandan sonuncu az\u0259rbaycanl\u0131lar\u0131n qovulmas\u0131ndan 33 il \u00f6t\u00fcr.<\/p>\n<p><strong>ARANTV.AZ x\u0259b\u0259r verir ki,<\/strong>\u00a0bu bar\u0259d\u0259 Q\u0259rbi Az\u0259rbaycan \u0130cmas\u0131 m\u0259lumat yay\u0131b.<\/p>\n<p>Bildirilib ki, Erm\u0259nistan hakimiyy\u0259t orqanlar\u0131n\u0131n g\u00fcc t\u0259tbiq ed\u0259r\u0259k Z\u0259ng\u0259zur mahal\u0131n\u0131n N\u00fcv\u0259di k\u0259ndinin sakinl\u0259rini 1991-ci il avqustun 8-d\u0259 \u00f6z do\u011fma yurdlar\u0131ndan \u00e7\u0131xarmas\u0131ndan sonra Erm\u0259nistanda bir n\u0259f\u0259r d\u0259 olsun az\u0259rbaycanl\u0131 qalmay\u0131b. Bel\u0259likl\u0259, 1987-ci ild\u0259n ba\u015flam\u0131\u015f v\u0259 300 min az\u0259rbaycanl\u0131n\u0131n Erm\u0259nistandan qovulmas\u0131 il\u0259 n\u0259tic\u0259l\u0259nmi\u015f sonuncu deportasiya ba\u015fa \u00e7atm\u0131\u015f v\u0259 bu, b\u0259\u015f\u0259riyy\u0259t tarixind\u0259 qara s\u0259hif\u0259 kimi qalmaqdad\u0131r.<\/p>\n<p>\u0130cma \u00dcmumd\u00fcnya \u0130nsan H\u00fcquqlar\u0131 B\u0259yannam\u0259sind\u0259 v\u0259 dig\u0259r m\u00fch\u00fcm aktlarda t\u0259sbit olunmu\u015f geriy\u0259 qay\u0131tmaq h\u00fcququna \u0259saslanmaqla indiki Erm\u0259nistan \u0259razisind\u0259n qovulmu\u015f az\u0259rbaycanl\u0131lar\u0131n t\u0259hl\u00fck\u0259siz v\u0259 l\u0259yaq\u0259tli \u015f\u0259kild\u0259 qay\u0131d\u0131\u015f\u0131na \u015f\u0259rait yarad\u0131lmas\u0131n\u0131 t\u0259l\u0259b edir. Q\u0259rbi Az\u0259rbaycan \u0130cmas\u0131 beyn\u0259lxalq ictimaiyy\u0259ti Erm\u0259nistan \u0259razisind\u0259n qovulmu\u015f az\u0259rbaycanl\u0131lar\u0131n \u00f6z yurdlar\u0131na qay\u0131da bilm\u0259l\u0259ri \u00fc\u00e7\u00fcn t\u0259hl\u00fck\u0259sizliyin t\u0259min edilm\u0259sin\u0259, m\u00fcvafiq verifikasiya v\u0259 z\u0259man\u0259t mexanizmi olan v\u0259 h\u00fcquqi bax\u0131mdan m\u0259cburi olan beyn\u0259lxalq aktlar\u0131n q\u0259bul edilm\u0259sin\u0259 d\u0259st\u0259k verm\u0259y\u0259 \u00e7a\u011f\u0131r\u0131r.<\/p>\n<p>\u0130cma h\u0259m\u00e7inin qay\u0131d\u0131\u015f h\u00fcququ m\u00fcst\u0259visind\u0259 etnik v\u0259 dini \u0259sasda ayr\u0131-se\u00e7kilik c\u0259hdl\u0259rini q\u0131nay\u0131b v\u0259 bu m\u0259s\u0259l\u0259d\u0259 qar\u015f\u0131l\u0131ql\u0131l\u0131q v\u0259 h\u00fcquq b\u0259rab\u0259rliyi prinsipin\u0259 riay\u0259t edilm\u0259sinin z\u0259ruriliyini vur\u011fulay\u0131b.<\/p>\n","protected":false},"excerpt":{"rendered":"<p>Bu g\u00fcn Erm\u0259nistandan sonuncu az\u0259rbaycanl\u0131lar\u0131n qovulmas\u0131ndan 33 il \u00f6t\u00fcr. ARANTV.AZ x\u0259b\u0259r verir ki,\u00a0bu bar\u0259d\u0259 Q\u0259rbi Az\u0259rbaycan \u0130cmas\u0131 m\u0259lumat yay\u0131b. Bildirilib ki, Erm\u0259nistan hakimiyy\u0259t orqanlar\u0131n\u0131n g\u00fcc t\u0259tbiq ed\u0259r\u0259k Z\u0259ng\u0259zur mahal\u0131n\u0131n N\u00fcv\u0259di k\u0259ndinin sakinl\u0259rini 1991-ci il avqustun 8-d\u0259 \u00f6z do\u011fma yurdlar\u0131ndan \u00e7\u0131xarmas\u0131ndan sonra Erm\u0259nistanda bir n\u0259f\u0259r d\u0259 olsun az\u0259rbaycanl\u0131 qalmay\u0131b. Bel\u0259likl\u0259, 1987-ci ild\u0259n ba\u015flam\u0131\u015f v\u0259 300 min az\u0259rbaycanl\u0131n\u0131n Erm\u0259nistandan qovulmas\u0131 il\u0259 n\u0259tic\u0259l\u0259nmi\u015f sonuncu deportasiya ba\u015fa \u00e7atm\u0131\u015f v\u0259 bu, b\u0259\u015f\u0259riyy\u0259t tarixind\u0259 qara s\u0259hif\u0259 kimi qalmaqdad\u0131r. \u0130cma \u00dcmumd\u00fcnya \u0130nsan H\u00fcquqlar\u0131 B\u0259yannam\u0259sind\u0259 v\u0259 dig\u0259r m\u00fch\u00fcm aktlarda t\u0259sbit olunmu\u015f geriy\u0259 qay\u0131tmaq h\u00fcququna \u0259saslanmaqla indiki Erm\u0259nistan \u0259razisind\u0259n&hellip;<\/p>\n","protected":false},"author":2,"featured_media":743074,"comment_status":"closed","ping_status":"closed","sticky":false,"template":"","format":"standard","meta":{"om_disable_all_campaigns":false,"_monsterinsights_skip_tracking":false,"_monsterinsights_sitenote_active":false,"_monsterinsights_sitenote_note":"","_monsterinsights_sitenote_category":0},"categories":[4],"tags":[],"aioseo_notices":[],"gutentor_comment":0,"rttpg_featured_image_url":{"full":["https:\/\/arantv.az\/wp-content\/uploads\/2024\/08\/29957047169528060524667124210361998.jpg",975,540,false],"landscape":["https:\/\/arantv.az\/wp-content\/uploads\/2024\/08\/29957047169528060524667124210361998.jpg",975,540,false],"portraits":["https:\/\/arantv.az\/wp-content\/uploads\/2024\/08\/29957047169528060524667124210361998.jpg",975,540,false],"thumbnail":["https:\/\/arantv.az\/wp-content\/uploads\/2024\/08\/29957047169528060524667124210361998-500x280.jpg",500,280,true],"medium":["https:\/\/arantv.az\/wp-content\/uploads\/2024\/08\/29957047169528060524667124210361998-660x365.jpg",660,365,true],"large":["https:\/\/arantv.az\/wp-content\/uploads\/2024\/08\/29957047169528060524667124210361998-840x465.jpg",640,354,true],"1536x1536":["https:\/\/arantv.az\/wp-content\/uploads\/2024\/08\/29957047169528060524667124210361998.jpg",975,540,false],"2048x2048":["https:\/\/arantv.az\/wp-content\/uploads\/2024\/08\/29957047169528060524667124210361998.jpg",975,540,false],"post-thumbnail":["https:\/\/arantv.az\/wp-content\/uploads\/2024\/08\/29957047169528060524667124210361998-240x172.jpg",240,172,true],"advps-thumb-one":["https:\/\/arantv.az\/wp-content\/uploads\/2024\/08\/29957047169528060524667124210361998.jpg",975,540,false]},"rttpg_author":{"display_name":"V\u00fcsal Rafiqo\u011flu","author_link":"https:\/\/arantv.az\/?author=2"},"rttpg_comment":0,"rttpg_category":"<a href=\"https:\/\/arantv.az\/?cat=4\" rel=\"category\">Siyas\u0259t<\/a>","rttpg_excerpt":"Bu g\u00fcn Erm\u0259nistandan sonuncu az\u0259rbaycanl\u0131lar\u0131n qovulmas\u0131ndan 33 il \u00f6t\u00fcr. ARANTV.AZ x\u0259b\u0259r verir ki,\u00a0bu bar\u0259d\u0259 Q\u0259rbi Az\u0259rbaycan \u0130cmas\u0131 m\u0259lumat yay\u0131b. Bildirilib ki, Erm\u0259nistan hakimiyy\u0259t orqanlar\u0131n\u0131n g\u00fcc t\u0259tbiq ed\u0259r\u0259k Z\u0259ng\u0259zur mahal\u0131n\u0131n N\u00fcv\u0259di k\u0259ndinin sakinl\u0259rini 1991-ci il avqustun 8-d\u0259 \u00f6z do\u011fma yurdlar\u0131ndan \u00e7\u0131xarmas\u0131ndan sonra Erm\u0259nistanda bir n\u0259f\u0259r d\u0259 olsun az\u0259rbaycanl\u0131 qalmay\u0131b. Bel\u0259likl\u0259, 1987-ci ild\u0259n ba\u015flam\u0131\u015f v\u0259 300 min&hellip;","_links":{"self":[{"href":"https:\/\/arantv.az\/index.php?rest_route=\/wp\/v2\/posts\/743073"}],"collection":[{"href":"https:\/\/arantv.az\/index.php?rest_route=\/wp\/v2\/posts"}],"about":[{"href":"https:\/\/arantv.az\/index.php?rest_route=\/wp\/v2\/types\/post"}],"author":[{"embeddable":true,"href":"https:\/\/arantv.az\/index.php?rest_route=\/wp\/v2\/users\/2"}],"replies":[{"embeddable":true,"href":"https:\/\/arantv.az\/index.php?rest_route=%2Fwp%2Fv2%2Fcomments&post=743073"}],"version-history":[{"count":1,"href":"https:\/\/arantv.az\/index.php?rest_route=\/wp\/v2\/posts\/743073\/revisions"}],"predecessor-version":[{"id":743075,"href":"https:\/\/arantv.az\/index.php?rest_route=\/wp\/v2\/posts\/743073\/revisions\/743075"}],"wp:featuredmedia":[{"embeddable":true,"href":"https:\/\/arantv.az\/index.php?rest_route=\/wp\/v2\/media\/743074"}],"wp:attachment":[{"href":"https:\/\/arantv.az\/index.php?rest_route=%2Fwp%2Fv2%2Fmedia&parent=743073"}],"wp:term":[{"taxonomy":"category","embeddable":true,"href":"https:\/\/arantv.az\/index.php?rest_route=%2Fwp%2Fv2%2Fcategories&post=743073"},{"taxonomy":"post_tag","embeddable":true,"href":"https:\/\/arantv.az\/index.php?rest_route=%2Fwp%2Fv2%2Ftags&post=743073"}],"curies":[{"name":"wp","href":"https:\/\/api.w.org\/{rel}","templated":true}]}}