{"id":743079,"date":"2024-08-08T11:39:10","date_gmt":"2024-08-08T07:39:10","guid":{"rendered":"https:\/\/arantv.az\/?p=743079"},"modified":"2024-08-08T11:39:10","modified_gmt":"2024-08-08T07:39:10","slug":"itkin-dus%c9%99r%c9%99k-h%c9%99lak-olan-firdovsi-il%c9%99-vida-m%c9%99rasimi-kecirilir","status":"publish","type":"post","link":"https:\/\/arantv.az\/?p=743079","title":{"rendered":"\u0130tkin d\u00fc\u015f\u0259r\u0259k h\u0259lak olan Firdovsi il\u0259 vida m\u0259rasimi ke\u00e7irilir"},"content":{"rendered":"<p>La\u00e7\u0131n rayonunda 2022-ci ild\u0259 itkin d\u00fc\u015f\u0259r\u0259k h\u0259lak olan h\u0259rb\u00e7i Firdovsi Abdullayevin meyitinin qal\u0131qlar\u0131 G\u0259nc\u0259 \u015f\u0259h\u0259rind\u0259 ail\u0259sin\u0259 t\u0259hvil verilib.<\/p>\n<p>&#8220;Report&#8221;un Q\u0259rb b\u00fcrosunun m\u0259lumat\u0131na g\u00f6r\u0259 d\u0259, haz\u0131rda h\u0259lak olan h\u0259rb\u00e7i il\u0259 vida m\u0259rasimi ke\u00e7irilir.<\/p>\n<p>&nbsp;<\/p>\n<p>Qeyd ed\u0259k ki, Firdovsi Mais o\u011flu Abdullayev 2003-c\u00fc il fevral\u0131n 9-da Goranboy rayonunda anadan olub. F.Abdullayev v\u0259 onun \u0259sg\u0259r yolda\u015f\u0131, 2003-c\u00fc il t\u0259v\u0259ll\u00fcdl\u00fc F\u0259rid \u018fjd\u0259r o\u011flu M\u0259mm\u0259dov 2022-ci il mart\u0131n 3-d\u0259 La\u00e7\u0131n rayonunda y\u00fcks\u0259k da\u011fl\u0131q v\u0259 \u00e7\u0259tin relyefli \u0259razid\u0259 hava \u015f\u0259raitinin q\u0259fil d\u0259yi\u015fm\u0259si v\u0259 \u00e7ov\u011fun s\u0259b\u0259bind\u0259n istiqam\u0259ti itir\u0259r\u0259k itkin d\u00fc\u015f\u00fcb. Onlar\u0131n meyitl\u0259rinin qal\u0131qlar\u0131 2024-c\u00fc il iyulun 3-d\u0259 K\u0259lb\u0259c\u0259r rayonu, \u0130stisu q\u0259s\u0259b\u0259sind\u0259ki Y\u00fczbulaq yayla\u011f\u0131n\u0131n \u0259razisind\u0259 tap\u0131l\u0131b.<\/p>\n<p>F.Abdullayev G\u0259nc\u0259 \u015f\u0259h\u0259ri \u015e\u0259hidl\u0259r xiyaban\u0131nda d\u0259fn olunacaq.<\/p>\n","protected":false},"excerpt":{"rendered":"<p>La\u00e7\u0131n rayonunda 2022-ci ild\u0259 itkin d\u00fc\u015f\u0259r\u0259k h\u0259lak olan h\u0259rb\u00e7i Firdovsi Abdullayevin meyitinin qal\u0131qlar\u0131 G\u0259nc\u0259 \u015f\u0259h\u0259rind\u0259 ail\u0259sin\u0259 t\u0259hvil verilib. &#8220;Report&#8221;un Q\u0259rb b\u00fcrosunun m\u0259lumat\u0131na g\u00f6r\u0259 d\u0259, haz\u0131rda h\u0259lak olan h\u0259rb\u00e7i il\u0259 vida m\u0259rasimi ke\u00e7irilir. &nbsp; Qeyd ed\u0259k ki, Firdovsi Mais o\u011flu Abdullayev 2003-c\u00fc il fevral\u0131n 9-da Goranboy rayonunda anadan olub. F.Abdullayev v\u0259 onun \u0259sg\u0259r yolda\u015f\u0131, 2003-c\u00fc il t\u0259v\u0259ll\u00fcdl\u00fc F\u0259rid \u018fjd\u0259r o\u011flu M\u0259mm\u0259dov 2022-ci il mart\u0131n 3-d\u0259 La\u00e7\u0131n rayonunda y\u00fcks\u0259k da\u011fl\u0131q v\u0259 \u00e7\u0259tin relyefli \u0259razid\u0259 hava \u015f\u0259raitinin q\u0259fil d\u0259yi\u015fm\u0259si v\u0259 \u00e7ov\u011fun s\u0259b\u0259bind\u0259n istiqam\u0259ti itir\u0259r\u0259k itkin d\u00fc\u015f\u00fcb. Onlar\u0131n meyitl\u0259rinin qal\u0131qlar\u0131 2024-c\u00fc il iyulun 3-d\u0259&hellip;<\/p>\n","protected":false},"author":2,"featured_media":743080,"comment_status":"closed","ping_status":"closed","sticky":false,"template":"","format":"standard","meta":{"om_disable_all_campaigns":false,"_monsterinsights_skip_tracking":false,"_monsterinsights_sitenote_active":false,"_monsterinsights_sitenote_note":"","_monsterinsights_sitenote_category":0},"categories":[1],"tags":[],"aioseo_notices":[],"gutentor_comment":0,"rttpg_featured_image_url":{"full":["https:\/\/arantv.az\/wp-content\/uploads\/2024\/08\/1723101565_firdovsii.png",770,415,false],"landscape":["https:\/\/arantv.az\/wp-content\/uploads\/2024\/08\/1723101565_firdovsii.png",770,415,false],"portraits":["https:\/\/arantv.az\/wp-content\/uploads\/2024\/08\/1723101565_firdovsii.png",770,415,false],"thumbnail":["https:\/\/arantv.az\/wp-content\/uploads\/2024\/08\/1723101565_firdovsii-500x280.png",500,280,true],"medium":["https:\/\/arantv.az\/wp-content\/uploads\/2024\/08\/1723101565_firdovsii-660x356.png",660,356,true],"large":["https:\/\/arantv.az\/wp-content\/uploads\/2024\/08\/1723101565_firdovsii.png",640,345,false],"1536x1536":["https:\/\/arantv.az\/wp-content\/uploads\/2024\/08\/1723101565_firdovsii.png",770,415,false],"2048x2048":["https:\/\/arantv.az\/wp-content\/uploads\/2024\/08\/1723101565_firdovsii.png",770,415,false],"post-thumbnail":["https:\/\/arantv.az\/wp-content\/uploads\/2024\/08\/1723101565_firdovsii-240x172.png",240,172,true],"advps-thumb-one":["https:\/\/arantv.az\/wp-content\/uploads\/2024\/08\/1723101565_firdovsii.png",770,415,false]},"rttpg_author":{"display_name":"V\u00fcsal Rafiqo\u011flu","author_link":"https:\/\/arantv.az\/?author=2"},"rttpg_comment":0,"rttpg_category":"<a href=\"https:\/\/arantv.az\/?cat=1\" rel=\"category\">C\u0259miyy\u0259t<\/a>","rttpg_excerpt":"La\u00e7\u0131n rayonunda 2022-ci ild\u0259 itkin d\u00fc\u015f\u0259r\u0259k h\u0259lak olan h\u0259rb\u00e7i Firdovsi Abdullayevin meyitinin qal\u0131qlar\u0131 G\u0259nc\u0259 \u015f\u0259h\u0259rind\u0259 ail\u0259sin\u0259 t\u0259hvil verilib. &#8220;Report&#8221;un Q\u0259rb b\u00fcrosunun m\u0259lumat\u0131na g\u00f6r\u0259 d\u0259, haz\u0131rda h\u0259lak olan h\u0259rb\u00e7i il\u0259 vida m\u0259rasimi ke\u00e7irilir. &nbsp; Qeyd ed\u0259k ki, Firdovsi Mais o\u011flu Abdullayev 2003-c\u00fc il fevral\u0131n 9-da Goranboy rayonunda anadan olub. F.Abdullayev v\u0259 onun \u0259sg\u0259r yolda\u015f\u0131, 2003-c\u00fc il&hellip;","_links":{"self":[{"href":"https:\/\/arantv.az\/index.php?rest_route=\/wp\/v2\/posts\/743079"}],"collection":[{"href":"https:\/\/arantv.az\/index.php?rest_route=\/wp\/v2\/posts"}],"about":[{"href":"https:\/\/arantv.az\/index.php?rest_route=\/wp\/v2\/types\/post"}],"author":[{"embeddable":true,"href":"https:\/\/arantv.az\/index.php?rest_route=\/wp\/v2\/users\/2"}],"replies":[{"embeddable":true,"href":"https:\/\/arantv.az\/index.php?rest_route=%2Fwp%2Fv2%2Fcomments&post=743079"}],"version-history":[{"count":1,"href":"https:\/\/arantv.az\/index.php?rest_route=\/wp\/v2\/posts\/743079\/revisions"}],"predecessor-version":[{"id":743081,"href":"https:\/\/arantv.az\/index.php?rest_route=\/wp\/v2\/posts\/743079\/revisions\/743081"}],"wp:featuredmedia":[{"embeddable":true,"href":"https:\/\/arantv.az\/index.php?rest_route=\/wp\/v2\/media\/743080"}],"wp:attachment":[{"href":"https:\/\/arantv.az\/index.php?rest_route=%2Fwp%2Fv2%2Fmedia&parent=743079"}],"wp:term":[{"taxonomy":"category","embeddable":true,"href":"https:\/\/arantv.az\/index.php?rest_route=%2Fwp%2Fv2%2Fcategories&post=743079"},{"taxonomy":"post_tag","embeddable":true,"href":"https:\/\/arantv.az\/index.php?rest_route=%2Fwp%2Fv2%2Ftags&post=743079"}],"curies":[{"name":"wp","href":"https:\/\/api.w.org\/{rel}","templated":true}]}}