{"id":743216,"date":"2024-08-09T10:13:38","date_gmt":"2024-08-09T06:13:38","guid":{"rendered":"https:\/\/arantv.az\/?p=743216"},"modified":"2024-08-09T10:13:38","modified_gmt":"2024-08-09T06:13:38","slug":"bir-aydir-x%c9%99st%c9%99xanada-saxlanilan-kims%c9%99siz-s%c9%99xs-oldu","status":"publish","type":"post","link":"https:\/\/arantv.az\/?p=743216","title":{"rendered":"Bir ayd\u0131r x\u0259st\u0259xanada saxlan\u0131lan kims\u0259siz \u015f\u0259xs \u00f6ld\u00fc"},"content":{"rendered":"<p>Bak\u0131da bir ayd\u0131r x\u0259st\u0259xanada saxlan\u0131lan \u015f\u0259xs v\u0259fat edib.<\/p>\n<p><strong>ARANTV.AZ<\/strong>\u00a0 x\u0259b\u0259r verir ki, iyulun 9-da Rusiya v\u0259t\u0259nda\u015f\u0131, t\u00fcfeyli h\u0259yat t\u0259rzi s\u00fcr\u0259n A.\u018fliyev t\u0259cili tibbi yard\u0131m ma\u015f\u0131n\u0131 il\u0259 Qarada\u011f rayonunda yerl\u0259\u015f\u0259n 3 sayl\u0131 Birl\u0259\u015fmi\u015f \u015e\u0259h\u0259r X\u0259st\u0259xanas\u0131na apar\u0131l\u0131b. Uzun m\u00fcdd\u0259t m\u00fcalic\u0259 olunan \u015f\u0259xs avqustun 8-d\u0259 v\u0259fat edib. Onun insult x\u0259st\u0259liyinin f\u0259sadlar\u0131 s\u0259b\u0259bind\u0259n h\u0259yat\u0131n\u0131 itirdiyi bildirilir.<\/p>\n<p>Faktla ba\u011fl\u0131 Qarada\u011f Rayon Prokurorlu\u011funda ara\u015fd\u0131rma apar\u0131l\u0131r.<\/p>\n","protected":false},"excerpt":{"rendered":"<p>Bak\u0131da bir ayd\u0131r x\u0259st\u0259xanada saxlan\u0131lan \u015f\u0259xs v\u0259fat edib. ARANTV.AZ\u00a0 x\u0259b\u0259r verir ki, iyulun 9-da Rusiya v\u0259t\u0259nda\u015f\u0131, t\u00fcfeyli h\u0259yat t\u0259rzi s\u00fcr\u0259n A.\u018fliyev t\u0259cili tibbi yard\u0131m ma\u015f\u0131n\u0131 il\u0259 Qarada\u011f rayonunda yerl\u0259\u015f\u0259n 3 sayl\u0131 Birl\u0259\u015fmi\u015f \u015e\u0259h\u0259r X\u0259st\u0259xanas\u0131na apar\u0131l\u0131b. Uzun m\u00fcdd\u0259t m\u00fcalic\u0259 olunan \u015f\u0259xs avqustun 8-d\u0259 v\u0259fat edib. Onun insult x\u0259st\u0259liyinin f\u0259sadlar\u0131 s\u0259b\u0259bind\u0259n h\u0259yat\u0131n\u0131 itirdiyi bildirilir. Faktla ba\u011fl\u0131 Qarada\u011f Rayon Prokurorlu\u011funda ara\u015fd\u0131rma apar\u0131l\u0131r.<\/p>\n","protected":false},"author":2,"featured_media":743217,"comment_status":"closed","ping_status":"closed","sticky":false,"template":"","format":"standard","meta":{"om_disable_all_campaigns":false,"_monsterinsights_skip_tracking":false,"_monsterinsights_sitenote_active":false,"_monsterinsights_sitenote_note":"","_monsterinsights_sitenote_category":0},"categories":[5],"tags":[],"aioseo_notices":[],"gutentor_comment":0,"rttpg_featured_image_url":{"full":["https:\/\/arantv.az\/wp-content\/uploads\/2024\/08\/9eedc90f9436dece172fcb367c94020d.jpg",637,400,false],"landscape":["https:\/\/arantv.az\/wp-content\/uploads\/2024\/08\/9eedc90f9436dece172fcb367c94020d.jpg",637,400,false],"portraits":["https:\/\/arantv.az\/wp-content\/uploads\/2024\/08\/9eedc90f9436dece172fcb367c94020d.jpg",637,400,false],"thumbnail":["https:\/\/arantv.az\/wp-content\/uploads\/2024\/08\/9eedc90f9436dece172fcb367c94020d-500x280.jpg",500,280,true],"medium":["https:\/\/arantv.az\/wp-content\/uploads\/2024\/08\/9eedc90f9436dece172fcb367c94020d-581x365.jpg",581,365,true],"large":["https:\/\/arantv.az\/wp-content\/uploads\/2024\/08\/9eedc90f9436dece172fcb367c94020d.jpg",637,400,false],"1536x1536":["https:\/\/arantv.az\/wp-content\/uploads\/2024\/08\/9eedc90f9436dece172fcb367c94020d.jpg",637,400,false],"2048x2048":["https:\/\/arantv.az\/wp-content\/uploads\/2024\/08\/9eedc90f9436dece172fcb367c94020d.jpg",637,400,false],"post-thumbnail":["https:\/\/arantv.az\/wp-content\/uploads\/2024\/08\/9eedc90f9436dece172fcb367c94020d-240x172.jpg",240,172,true],"advps-thumb-one":["https:\/\/arantv.az\/wp-content\/uploads\/2024\/08\/9eedc90f9436dece172fcb367c94020d.jpg",637,400,false]},"rttpg_author":{"display_name":"V\u00fcsal Rafiqo\u011flu","author_link":"https:\/\/arantv.az\/?author=2"},"rttpg_comment":0,"rttpg_category":"<a href=\"https:\/\/arantv.az\/?cat=5\" rel=\"category\">Hadis\u0259<\/a>","rttpg_excerpt":"Bak\u0131da bir ayd\u0131r x\u0259st\u0259xanada saxlan\u0131lan \u015f\u0259xs v\u0259fat edib. ARANTV.AZ\u00a0 x\u0259b\u0259r verir ki, iyulun 9-da Rusiya v\u0259t\u0259nda\u015f\u0131, t\u00fcfeyli h\u0259yat t\u0259rzi s\u00fcr\u0259n A.\u018fliyev t\u0259cili tibbi yard\u0131m ma\u015f\u0131n\u0131 il\u0259 Qarada\u011f rayonunda yerl\u0259\u015f\u0259n 3 sayl\u0131 Birl\u0259\u015fmi\u015f \u015e\u0259h\u0259r X\u0259st\u0259xanas\u0131na apar\u0131l\u0131b. Uzun m\u00fcdd\u0259t m\u00fcalic\u0259 olunan \u015f\u0259xs avqustun 8-d\u0259 v\u0259fat edib. Onun insult x\u0259st\u0259liyinin f\u0259sadlar\u0131 s\u0259b\u0259bind\u0259n h\u0259yat\u0131n\u0131 itirdiyi bildirilir. Faktla ba\u011fl\u0131 Qarada\u011f&hellip;","_links":{"self":[{"href":"https:\/\/arantv.az\/index.php?rest_route=\/wp\/v2\/posts\/743216"}],"collection":[{"href":"https:\/\/arantv.az\/index.php?rest_route=\/wp\/v2\/posts"}],"about":[{"href":"https:\/\/arantv.az\/index.php?rest_route=\/wp\/v2\/types\/post"}],"author":[{"embeddable":true,"href":"https:\/\/arantv.az\/index.php?rest_route=\/wp\/v2\/users\/2"}],"replies":[{"embeddable":true,"href":"https:\/\/arantv.az\/index.php?rest_route=%2Fwp%2Fv2%2Fcomments&post=743216"}],"version-history":[{"count":2,"href":"https:\/\/arantv.az\/index.php?rest_route=\/wp\/v2\/posts\/743216\/revisions"}],"predecessor-version":[{"id":743219,"href":"https:\/\/arantv.az\/index.php?rest_route=\/wp\/v2\/posts\/743216\/revisions\/743219"}],"wp:featuredmedia":[{"embeddable":true,"href":"https:\/\/arantv.az\/index.php?rest_route=\/wp\/v2\/media\/743217"}],"wp:attachment":[{"href":"https:\/\/arantv.az\/index.php?rest_route=%2Fwp%2Fv2%2Fmedia&parent=743216"}],"wp:term":[{"taxonomy":"category","embeddable":true,"href":"https:\/\/arantv.az\/index.php?rest_route=%2Fwp%2Fv2%2Fcategories&post=743216"},{"taxonomy":"post_tag","embeddable":true,"href":"https:\/\/arantv.az\/index.php?rest_route=%2Fwp%2Fv2%2Ftags&post=743216"}],"curies":[{"name":"wp","href":"https:\/\/api.w.org\/{rel}","templated":true}]}}