{"id":743230,"date":"2024-08-09T10:19:12","date_gmt":"2024-08-09T06:19:12","guid":{"rendered":"https:\/\/arantv.az\/?p=743230"},"modified":"2024-08-09T10:19:12","modified_gmt":"2024-08-09T06:19:12","slug":"q%c9%99rbin-xank%c9%99ndi-yanlisi-konullu-kocub-getmis-erm%c9%99nil%c9%99rd%c9%99n-bel%c9%99-istifad%c9%99-edilir","status":"publish","type":"post","link":"https:\/\/arantv.az\/?p=743230","title":{"rendered":"Q\u0259rbin Xank\u0259ndi YANLI\u015eI &#8211; K\u00f6n\u00fcll\u00fc k\u00f6\u00e7\u00fcb getmi\u015f erm\u0259nil\u0259rd\u0259n BEL\u018f istifad\u0259 edilir"},"content":{"rendered":"<p><strong>B\u0259zi dair\u0259l\u0259r guya d\u00fcnyan\u0131n \u0259sas m\u00f6vzusunun Qaraba\u011fdan burunlar\u0131 bel\u0259 qanamadan k\u00f6n\u00fcll\u00fc ged\u0259n erm\u0259nil\u0259r oldu\u011funu g\u00f6z\u0259 soxma\u011fa \u00e7al\u0131\u015f\u0131rlar\u00a0<\/strong><\/p>\n<p>Son g\u00fcnl\u0259r Q\u0259rbd\u0259n Qaraba\u011fdan k\u00f6n\u00fcll\u00fc k\u00f6\u00e7\u00fcb getmi\u015f erm\u0259nil\u0259r m\u00f6vzusunda yenid\u0259n saxta g\u00fcnd\u0259m yaratmaq c\u0259hdl\u0259ri m\u00fc\u015fahid\u0259 edilm\u0259kd\u0259dir. B\u0259zi dair\u0259l\u0259r Yax\u0131n \u015e\u0259rqd\u0259 m\u00fcharib\u0259 t\u0259hl\u00fck\u0259sinin b\u00f6y\u00fcd\u00fcy\u00fc bir vaxtda sanki d\u00fcnyan\u0131n \u0259sas m\u00f6vzusunun Qaraba\u011fdan burunlar\u0131 bel\u0259 qanamadan v\u0259 k\u00f6n\u00fcll\u00fc ged\u0259n erm\u0259nil\u0259rin \u201cproblemi\u201d oldu\u011funu g\u00f6z\u0259 soxma\u011fa \u00e7al\u0131\u015f\u0131rlar.<\/p>\n<p>AB\u015e d\u00f6vl\u0259t katibinin Avropa v\u0259 Avrasiya m\u0259s\u0259l\u0259l\u0259ri \u00fczr\u0259 k\u00f6m\u0259k\u00e7isinin \u0259sas m\u00fcavini Yuri Kim Karneqi S\u00fclh Fondunun t\u0259\u015fkilat\u00e7\u0131l\u0131\u011f\u0131 il\u0259 bug\u00fcnl\u0259rd\u0259 ke\u00e7irilmi\u015f \u201cC\u0259nubi Qafqazda yeni regional nizam \u00fc\u00e7\u00fcn AB\u015e-\u0131n rolu\u201d adl\u0131 t\u0259dbird\u0259 Qaraba\u011f b\u00f6lg\u0259sind\u0259n k\u00f6n\u00fcll\u00fc \u015f\u0259kild\u0259 k\u00f6\u00e7\u00fcb getmi\u015f erm\u0259nil\u0259rin qay\u0131d\u0131\u015f h\u00fcququ haqq\u0131nda gen-bol m\u0259ruz\u0259 edib.<\/p>\n<p><strong>\u00d6z missiyas\u0131n\u0131 ba\u015fa vuran Avropa \u0130ttifaq\u0131n\u0131n C\u0259nubi Qafqaz v\u0259 G\u00fcrc\u00fcstan b\u00f6hran\u0131 \u00fczr\u0259 x\u00fcsusi n\u00fcmay\u0259nd\u0259si Toivo Klaar da\u00a0 erm\u0259ni can\u0131yananl\u0131\u011f\u0131 il\u0259 se\u00e7ilib. Toivo Klaar da a\u00e7\u0131qlamas\u0131nda bildirib ki, r\u0259smi Bak\u0131 Qaraba\u011f erm\u0259nil\u0259rinin \u201c\u00f6z ata-baba yurdlar\u0131na\u201d qay\u0131tmas\u0131na k\u00f6m\u0259k etm\u0259lidir, h\u0259tta guya bu, Az\u0259rbaycan\u0131n \u00f6hd\u0259liyidir.\u00a0<\/strong><\/p>\n<p>Klaar diplomatik say\u0131ql\u0131\u011f\u0131n\u0131 itir\u0259r\u0259k qeyd edib ki, Bak\u0131 Q\u0259rbi Az\u0259rbaycan m\u0259s\u0259l\u0259sini dil\u0259 g\u0259tirir, lakin avropal\u0131 diplomat\u0131n fikrinc\u0259, bu m\u00f6vzular\u0131 eyni m\u00fcst\u0259vid\u0259 n\u0259z\u0259rd\u0259n ke\u00e7irm\u0259k olmaz: \u201cAB bu m\u0259s\u0259l\u0259d\u0259 fikrini \u00e7ox ayd\u0131n bildirib. M\u0259n d\u0259 g\u00f6zl\u0259yir\u0259m ki, Qaraba\u011f erm\u0259nil\u0259ri normalla\u015fma prosesinin bir hiss\u0259si olacaq v\u0259 onlar\u0131n \u00f6z b\u00f6lg\u0259l\u0259rin\u0259 t\u0259hl\u00fck\u0259siz v\u0259 l\u0259yaq\u0259tl\u0259 qay\u0131tmalar\u0131 il\u0259 ba\u011fl\u0131 Bak\u0131 il\u0259 onlar aras\u0131nda birba\u015fa dan\u0131\u015f\u0131qlar apar\u0131lacaq. Az\u0259rbaycan\u0131n bununla ba\u011fl\u0131 \u00f6hd\u0259likl\u0259ri var, m\u0259n\u0259 el\u0259 g\u0259lir ki, bunu inkar etmir. B\u0259z\u0259n bu kontekstd\u0259 ba\u015fqa m\u0259s\u0259l\u0259l\u0259r d\u0259 g\u00fcnd\u0259m\u0259 g\u0259tirilir, m\u0259s\u0259l\u0259n, &#8220;Q\u0259rbi Az\u0259rbaycan&#8221; deyil\u0259n m\u0259s\u0259l\u0259. M\u0259nim \u00fc\u00e7\u00fcn bunlar tamamil\u0259 f\u0259rqli suallard\u0131r, onlar\u0131 qar\u0131\u015fd\u0131rmaq olmaz. Birincisi, Qaraba\u011f erm\u0259nil\u0259rinin \u00f6z ata-baba yurdlar\u0131na qay\u0131tmas\u0131na \u015f\u0259rait yarad\u0131lmal\u0131d\u0131r ki, bu da Az\u0259rbaycan\u0131n \u00f6hd\u0259liyidir. \u0130kincisi is\u0259 \u0259vv\u0259ll\u0259r Az\u0259rbaycan\u0131n ba\u015fqa yerl\u0259rind\u0259, o c\u00fcml\u0259d\u0259n Bak\u0131da ya\u015fayan erm\u0259nil\u0259r v\u0259 ya Erm\u0259nistanda ya\u015fayan az\u0259rbaycanl\u0131lar m\u0259s\u0259l\u0259sidir&#8221;.<\/p>\n<p>G\u00f6r\u00fcnd\u00fcy\u00fc kimi, Klaar regionda k\u00f6\u00e7k\u00fcnl\u00fck problemi v\u0259 qay\u0131d\u0131\u015f h\u00fcququndan dan\u0131\u015fark\u0259n bu h\u00fcququ m\u00fcst\u0259sna olaraq erm\u0259nil\u0259r\u0259 \u015famil edib. Erm\u0259nistandan qovulmu\u015f az\u0259rbaycanl\u0131lar\u0131n bu h\u00fcququnun oldu\u011funu is\u0259 inkar etm\u0259y\u0259 \u00e7al\u0131\u015f\u0131b.<\/p>\n<p><strong>Xat\u0131rladaq ki, Erm\u0259nistandan zorla qovulmu\u015f az\u0259rbaycanl\u0131lar\u0131n qay\u0131d\u0131\u015f h\u00fcququ m\u0259s\u0259l\u0259si bar\u0259d\u0259 Q\u0259rbi Az\u0259rbaycan \u0130cmas\u0131n\u0131n \u00f6t\u0259n ilin aprel ay\u0131nda AB\u015e-\u0131n d\u00f6vl\u0259t katibi Antoni Blinken\u0259 g\u00f6nd\u0259rdiyi m\u0259ktub h\u0259l\u0259 d\u0259 cavabs\u0131z qal\u0131b.\u00a0<\/strong><\/p>\n<p>Q\u0259rbin Qaraba\u011fdan k\u00f6n\u00fcll\u00fc k\u00f6\u00e7\u00fcb getmi\u015f erm\u0259nil\u0259r m\u00f6vzusundan yenid\u0259n saxta g\u00fcnd\u0259m yaratmaq c\u0259hdl\u0259rin\u0259 s\u0259b\u0259b n\u0259dir? \u201cErm\u0259nil\u0259rin \u00f6z ata-baba yurdlar\u0131na qay\u0131tmas\u0131na \u015f\u0259rait yarad\u0131lmal\u0131d\u0131r ki, bu da Az\u0259rbaycan\u0131n \u00f6hd\u0259liyidir\u201d iddias\u0131n\u0131n arxas\u0131nda n\u0259 dayan\u0131r?<\/p>\n<p><img src=\"https:\/\/azertag.az\/files\/2021\/3\/1200x630\/16309322951352355944_1200x630.jpeg\" alt=\"Az\u0259r Badamov: Qeyri-neft s\u0259nayesinin s\u00fcr\u0259tli inki\u015faf\u0131 \u00f6lk\u0259 iqtisadiyyat\u0131n\u0131n  d\u00fcnyadak\u0131 m\u0259nfi tendensiyalardan qorunmas\u0131na imkan verir - AZ\u018fRTAC\" \/><\/p>\n<p><strong>Az\u0259r Badamov<\/strong><\/p>\n<p>Deputat\u00a0<strong>Az\u0259r Badamov<\/strong>\u00a0\u201cYeni M\u00fcsavat\u201da a\u00e7\u0131qlamas\u0131nda Az\u0259rbaycan\u0131n ona qar\u015f\u0131 q\u0259r\u0259zli yana\u015fanlara layiqli cavab verm\u0259k iqtidar\u0131nda oldu\u011funu s\u00f6yl\u0259di: \u201cQ\u0259rb C\u0259nubi Qafqazda s\u00fclh\u00fcn v\u0259 \u0259m\u0259kda\u015fl\u0131\u011f\u0131n yaranmas\u0131n\u0131 he\u00e7 c\u00fcr\u0259 q\u0259bul ed\u0259 bilmir. Ona g\u00f6r\u0259 d\u0259 birt\u0259r\u0259fli \u015f\u0259kild\u0259 Erm\u0259nistan\u0131 silahland\u0131r\u0131r, maliyy\u0259 t\u0259minat\u0131 verilir v\u0259 b\u00fct\u00fcn vasit\u0259l\u0259rd\u0259n istifad\u0259 etm\u0259kl\u0259 yenid\u0259n v\u0259ziyy\u0259tin g\u0259rginl\u0259\u015fm\u0259sin\u0259 \u00e7al\u0131\u015f\u0131r. Q\u0259rbin C\u0259nubi Qafqazda v\u0259ziyy\u0259ti g\u0259rginl\u0259\u015fdirm\u0259y\u0259 \u00e7al\u0131\u015fd\u0131\u011f\u0131 m\u00f6vzulardan biri d\u0259 Qaraba\u011fdan k\u00f6n\u00fcll\u00fc getmi\u015f erm\u0259nil\u0259rin qaytar\u0131lmas\u0131 il\u0259 ba\u011fl\u0131d\u0131r. Avropa \u0130ttifaq\u0131n\u0131n C\u0259nubi Qafqaz v\u0259 G\u00fcrc\u00fcstan b\u00f6hran\u0131 \u00fczr\u0259 ke\u00e7mi\u015f x\u00fcsusi n\u00fcmay\u0259nd\u0259si Toivo Klaar missiyas\u0131n\u0131 ba\u015fa vuranda da erm\u0259nil\u0259rin can\u0131yananl\u0131\u011f\u0131n\u0131 n\u00fcmayi\u015f etdir\u0259r\u0259k deyib ki,\u00a0 r\u0259smi Bak\u0131 Qaraba\u011f erm\u0259nil\u0259rinin &#8220;\u00f6z ata-baba yurdlar\u0131na&#8221; qay\u0131tmas\u0131na k\u00f6m\u0259k etm\u0259lidir, h\u0259tta guya bu, Az\u0259rbaycan\u0131n \u00f6hd\u0259liyidir. \u018fvv\u0259lc\u0259 onu qeyd etm\u0259k ist\u0259yir\u0259m ki, Klaar \u00f6z\u00fcn\u0259 aid olmayan m\u0259s\u0259l\u0259l\u0259r\u0259 burnunu soxmamal\u0131d\u0131r. \u00c7\u00fcnki onun C\u0259nubi Qafqazda s\u0259lahiyy\u0259ti ba\u015fa \u00e7at\u0131b. \u0130kincisi is\u0259 Erm\u0259nistan\u0131n \u00f6z\u00fc erm\u0259nil\u0259rin Qaraba\u011fdan k\u00f6n\u00fcll\u00fc \u00e7\u0131xmalar\u0131 il\u0259 raz\u0131la\u015f\u0131b v\u0259 bu m\u00f6vzunu dil\u0259 g\u0259tirmir. \u00dc\u00e7\u00fcnc\u00fcs\u00fc is\u0259 Az\u0259rbaycan Qaraba\u011fdan erm\u0259nil\u0259r\u0259 \u00e7\u0131xmamalar\u0131n\u0131 t\u00f6vsiy\u0259 edib v\u0259 v\u0259t\u0259nda\u015fl\u0131\u011f\u0131m\u0131z\u0131 alaraq ya\u015famaqda davam ed\u0259 bil\u0259c\u0259kl\u0259rin\u0259 \u00e7a\u011f\u0131r\u0131\u015f etmi\u015fdi. Amma Erm\u0259nistan v\u0259ziyy\u0259ti normal q\u0259bul ets\u0259 d\u0259, t\u0259\u0259ss\u00fcf ki, Q\u0259rb bunu q\u0259bul ed\u0259 bilmir v\u0259 zaman-zaman erm\u0259nil\u0259rin Qaraba\u011fa qaytar\u0131lmas\u0131n\u0131 g\u00fcnd\u0259m\u0259 g\u0259tirir. \u018fslind\u0259 Az\u0259rbaycan yen\u0259 d\u0259 erm\u0259nil\u0259rin Qaraba\u011fa qay\u0131tmas\u0131n\u0131n \u0259leyhin\u0259 deyil. Bunun \u00fc\u00e7\u00fcn prosedur qaydalar var v\u0259 qanuna uy\u011fun \u015f\u0259kild\u0259 m\u00fcraci\u0259t olunaraq v\u0259t\u0259nda\u015fl\u0131\u011f\u0131m\u0131z\u0131 alaraq qay\u0131da bil\u0259rl\u0259r. Amma Erm\u0259nistan da q\u0259rbi az\u0259rbaycanl\u0131lar\u0131 \u00fc\u00e7\u00fcn eyni h\u00fcququ tan\u0131mal\u0131 v\u0259 qay\u0131tmaq \u00fc\u00e7\u00fcn \u015f\u0259rait yaratmal\u0131d\u0131r. Bu bax\u0131mdan, Erm\u0259nistan konstruktivlik n\u00fcmayi\u015f etdir\u0259r\u0259k bu m\u0259s\u0259l\u0259ni h\u0259ll ets\u0259, q\u0259rbi az\u0259rbaycanl\u0131lar \u00f6z ata yurdlar\u0131na, erm\u0259nil\u0259r d\u0259 Qaraba\u011fa qay\u0131da bil\u0259rl\u0259r. Klaar\u0131n v\u0259 \u00fcmumiyy\u0259tl\u0259, Q\u0259rbin erm\u0259nil\u0259rin Qaraba\u011fa qay\u0131d\u0131\u015f\u0131 m\u0259s\u0259l\u0259sini g\u00fcnd\u0259m\u0259 g\u0259tirm\u0259si \u0259dal\u0259tsizlik v\u0259 r\u0259zillikdir. \u00c7\u00fcnki Q\u0259rb 80-ci ill\u0259rin sonunda Q\u0259rbi Az\u0259rbaycandan zorla qovulmu\u015f 300 min\u0259 yax\u0131n soyda\u015f\u0131m\u0131z v\u0259 90-c\u0131 ill\u0259rin \u0259vv\u0259lind\u0259 \u00f6z suveren \u0259razil\u0259rind\u0259n m\u0259cburi k\u00f6\u00e7k\u00fcn sal\u0131nm\u0131\u015f 750 min az\u0259rbaycanl\u0131 haqq\u0131nda bel\u0259 ifad\u0259l\u0259r he\u00e7 vaxt i\u015fl\u0259tm\u0259di. Onlar el\u0259 bilirl\u0259r ki, erm\u0259nini m\u00fcdafi\u0259 etm\u0259k \u00f6hd\u0259likdir, az\u0259rbaycanl\u0131lar\u0131 qa\u00e7q\u0131n v\u0259 k\u00f6\u00e7k\u00fcn salmaq, \u0259zm\u0259k v\u0259\u00a0 \u0259razil\u0259rini i\u015f\u011fal etm\u0259k olar. Amma onlar bir \u015feyi yaddan \u00e7\u0131xartmas\u0131nlar ki, Az\u0259rbaycan he\u00e7 d\u0259 90-c\u0131 ill\u0259rd\u0259 oldu\u011fu kimi deyil. Bu g\u00fcn Az\u0259rbaycan \u00f6z\u00fcn\u0259 qar\u015f\u0131 \u0259dal\u0259tsiz yana\u015fan h\u0259r k\u0259sin cavab\u0131n\u0131 verm\u0259k iqtidar\u0131ndad\u0131r v\u0259 verir d\u0259&#8221;.<\/p>\n<p><img src=\"https:\/\/azedu.az\/uploads\/news\/2019\/09\/azedu.az_modern.az_6829023_n_448_863.jpg\" alt=\"Deputat Sona \u018fliyeva: &quot;\u015eagirdl\u0259r \u00fc\u00e7\u00fcn x\u00fcsusi d\u0259rslikl\u0259r haz\u0131rlan\u0131r&quot; -  AzEdu.az AZ\u018fRBAYCAN T\u018fHS\u0130L PORTALI\" \/><\/p>\n<p><strong>\u00a0Sona \u018fliyeva<\/strong><\/p>\n<p><strong>Siyasi t\u0259hlil\u00e7i Sona \u018fliyeva is\u0259 qeyd etdi ki, Toivo Klaar\u0131n son a\u00e7\u0131qlamalar\u0131 \u201cke\u015fi\u015fd\u0259n daha \u00e7ox katolik olma\u011fa\u201d b\u0259nz\u0259yir v\u0259 he\u00e7 bir h\u00fcquqi \u0259saslar\u0131 yoxdur:<\/strong>\u00a0\u201cAvropa \u0130ttifaq\u0131n\u0131n C\u0259nubi Qafqaz v\u0259 G\u00fcrc\u00fcstan b\u00f6hran\u0131 \u00fczr\u0259 x\u00fcsusi n\u00fcmay\u0259nd\u0259si Toivo Klaar\u0131n son a\u00e7\u0131qlamalar\u0131 h\u0259yas\u0131zl\u0131\u011f\u0131n v\u0259 siyasi savads\u0131zl\u0131\u011f\u0131n pik n\u00f6qt\u0259sidir. Birincisi, Qaraba\u011fdak\u0131 erm\u0259nil\u0259r k\u00f6n\u00fcll\u00fc \u015f\u0259kild\u0259 bu \u0259razil\u0259ri t\u0259rk edibl\u0259r. \u0130kincisi, h\u0259min \u015f\u0259xsl\u0259rin bir \u00e7oxu i\u015f\u011fal edilmi\u015f \u0259razil\u0259r\u0259 zorla k\u00f6\u00e7\u00fcr\u00fclm\u00fc\u015fd\u00fcl\u0259r. B\u0259zil\u0259ri is\u0259 i\u015f\u011faldan sonrak\u0131 prosesl\u0259rd\u0259 Livandan, Suriyadan g\u0259tiril\u0259n erm\u0259nil\u0259r idi ki, onlar\u0131 Erm\u0259nistanda q\u0259bul etm\u0259mi\u015fdil\u0259r. Ona g\u00f6r\u0259 d\u0259 Serj S\u0259rkisyan\u0131n v\u0259 K\u00f6\u00e7\u0259ryan\u0131n g\u00f6st\u0259ri\u015fl\u0259ri il\u0259 Qaraba\u011fa y\u00f6nl\u0259ndirilmi\u015fdil\u0259r. Livandan v\u0259 Suriyadan g\u0259l\u0259n erm\u0259nil\u0259rin say\u0131 y\u00fczl\u0259rl\u0259 idi. 1992-93-c\u00fc ild\u0259n sonra Erm\u0259nistan\u0131n m\u00fcxt\u0259lif n\u00f6qt\u0259l\u0259rind\u0259n La\u00e7\u0131na, Qubadl\u0131ya v\u0259 ba\u015fqa yerl\u0259r\u0259 yerl\u0259\u015fdiril\u0259n Erm\u0259nistan v\u0259t\u0259nda\u015flar\u0131n\u0131n say\u0131 is\u0259 daha \u00e7ox idi. Y\u0259ni Qaraba\u011fdan ged\u0259nl\u0259rin b\u00f6y\u00fck hiss\u0259si Az\u0259rbaycan v\u0259t\u0259nda\u015f\u0131 olan erm\u0259nil\u0259r deyill\u0259r. Bir s\u00f6zl\u0259, bizim onlar\u0131 q\u0259bul etm\u0259k fikrimiz yoxdur. Az\u0259rbaycan he\u00e7 bir t\u0259\u015fkilat qar\u015f\u0131s\u0131nda miqrant q\u0259bul etm\u0259kl\u0259 ba\u011fl\u0131 \u00f6hd\u0259lik g\u00f6t\u00fcrm\u0259yib. Ba\u015fqa bir n\u00fcans\u0131 da vur\u011fulamaq ist\u0259rdik ki, Az\u0259rbaycan h\u0259r zaman b\u0259yan edib ki, bizim v\u0259t\u0259nda\u015fl\u0131\u011f\u0131m\u0131z\u0131 q\u0259bul etm\u0259k ist\u0259y\u0259n, vaxtil\u0259 erm\u0259ni h\u0259rbi xuntas\u0131n\u0131n buxovunda ya\u015fayan v\u0259 SSR\u0130 d\u00f6vr\u00fcnd\u0259 burada qeydiyyatda olan erm\u0259ni k\u00f6k\u0259nli v\u0259t\u0259nda\u015flar\u0131m\u0131za h\u0259r zaman qucaq a\u00e7ma\u011fa haz\u0131r\u0131q. Haz\u0131rda i\u015f\u011faldan azad olunan \u0259razil\u0259rd\u0259 d\u00f6vl\u0259timizin \u015f\u0259rtl\u0259rini q\u0259bul ed\u0259n erm\u0259nil\u0259r d\u0259 ya\u015fay\u0131r. Bu, Az\u0259rbaycan humanizminin \u0259yani g\u00f6st\u0259ricisidir. \u018fg\u0259r yen\u0259 d\u0259 hans\u0131sa erm\u0259ni Az\u0259rbaycana g\u0259lib ya\u015famaq ist\u0259yirs\u0259, m\u00fcraci\u0259t etsin, \u0259g\u0259r h\u0259min \u015f\u0259xs Az\u0259rbaycan \u0259razisind\u0259, el\u0259c\u0259 d\u0259 az\u0259rbaycanl\u0131lara qar\u015f\u0131 h\u0259r hans\u0131 cinay\u0259t \u0259m\u0259lind\u0259 i\u015ftirak etm\u0259yibs\u0259, \u00fcst\u0259lik, 1989-cu il\u0259 q\u0259d\u0259r Az\u0259rbaycan v\u0259t\u0259nda\u015f\u0131 olubsa, d\u00f6vl\u0259timiz h\u0259min insanlar\u0131n m\u00fcraci\u0259tl\u0259rini n\u0259z\u0259rd\u0259n ke\u00e7ir\u0259 bil\u0259r. \u00dcst\u0259lik, d\u00f6vl\u0259timiz bunun \u00fc\u00e7\u00fcn onlayn qeydiyyat portal\u0131 da yaratm\u0131\u015fd\u0131. Amma erm\u0259nil\u0259r bu imkanlardan yararlanmaq ist\u0259m\u0259dil\u0259r\u201d.<\/p>\n<p><strong>Cavan\u015fir ABBASLI,<br \/>\n\u201cYeni M\u00fcsavat\u201d<\/strong><\/p>\n","protected":false},"excerpt":{"rendered":"<p>B\u0259zi dair\u0259l\u0259r guya d\u00fcnyan\u0131n \u0259sas m\u00f6vzusunun Qaraba\u011fdan burunlar\u0131 bel\u0259 qanamadan k\u00f6n\u00fcll\u00fc ged\u0259n erm\u0259nil\u0259r oldu\u011funu g\u00f6z\u0259 soxma\u011fa \u00e7al\u0131\u015f\u0131rlar\u00a0 Son g\u00fcnl\u0259r Q\u0259rbd\u0259n Qaraba\u011fdan k\u00f6n\u00fcll\u00fc k\u00f6\u00e7\u00fcb getmi\u015f erm\u0259nil\u0259r m\u00f6vzusunda yenid\u0259n saxta g\u00fcnd\u0259m yaratmaq c\u0259hdl\u0259ri m\u00fc\u015fahid\u0259 edilm\u0259kd\u0259dir. B\u0259zi dair\u0259l\u0259r Yax\u0131n \u015e\u0259rqd\u0259 m\u00fcharib\u0259 t\u0259hl\u00fck\u0259sinin b\u00f6y\u00fcd\u00fcy\u00fc bir vaxtda sanki d\u00fcnyan\u0131n \u0259sas m\u00f6vzusunun Qaraba\u011fdan burunlar\u0131 bel\u0259 qanamadan v\u0259 k\u00f6n\u00fcll\u00fc ged\u0259n erm\u0259nil\u0259rin \u201cproblemi\u201d oldu\u011funu g\u00f6z\u0259 soxma\u011fa \u00e7al\u0131\u015f\u0131rlar. AB\u015e d\u00f6vl\u0259t katibinin Avropa v\u0259 Avrasiya m\u0259s\u0259l\u0259l\u0259ri \u00fczr\u0259 k\u00f6m\u0259k\u00e7isinin \u0259sas m\u00fcavini Yuri Kim Karneqi S\u00fclh Fondunun t\u0259\u015fkilat\u00e7\u0131l\u0131\u011f\u0131 il\u0259 bug\u00fcnl\u0259rd\u0259 ke\u00e7irilmi\u015f \u201cC\u0259nubi Qafqazda yeni regional nizam \u00fc\u00e7\u00fcn AB\u015e-\u0131n rolu\u201d adl\u0131 t\u0259dbird\u0259 Qaraba\u011f&hellip;<\/p>\n","protected":false},"author":2,"featured_media":743231,"comment_status":"closed","ping_status":"closed","sticky":false,"template":"","format":"standard","meta":{"om_disable_all_campaigns":false,"_monsterinsights_skip_tracking":false,"_monsterinsights_sitenote_active":false,"_monsterinsights_sitenote_note":"","_monsterinsights_sitenote_category":0},"categories":[4],"tags":[],"aioseo_notices":[],"gutentor_comment":0,"rttpg_featured_image_url":{"full":["https:\/\/arantv.az\/wp-content\/uploads\/2024\/08\/3118a4c8e98a3de84d233533aeed3750.jpg",800,450,false],"landscape":["https:\/\/arantv.az\/wp-content\/uploads\/2024\/08\/3118a4c8e98a3de84d233533aeed3750.jpg",800,450,false],"portraits":["https:\/\/arantv.az\/wp-content\/uploads\/2024\/08\/3118a4c8e98a3de84d233533aeed3750.jpg",800,450,false],"thumbnail":["https:\/\/arantv.az\/wp-content\/uploads\/2024\/08\/3118a4c8e98a3de84d233533aeed3750-500x280.jpg",500,280,true],"medium":["https:\/\/arantv.az\/wp-content\/uploads\/2024\/08\/3118a4c8e98a3de84d233533aeed3750-649x365.jpg",649,365,true],"large":["https:\/\/arantv.az\/wp-content\/uploads\/2024\/08\/3118a4c8e98a3de84d233533aeed3750.jpg",640,360,false],"1536x1536":["https:\/\/arantv.az\/wp-content\/uploads\/2024\/08\/3118a4c8e98a3de84d233533aeed3750.jpg",800,450,false],"2048x2048":["https:\/\/arantv.az\/wp-content\/uploads\/2024\/08\/3118a4c8e98a3de84d233533aeed3750.jpg",800,450,false],"post-thumbnail":["https:\/\/arantv.az\/wp-content\/uploads\/2024\/08\/3118a4c8e98a3de84d233533aeed3750-240x172.jpg",240,172,true],"advps-thumb-one":["https:\/\/arantv.az\/wp-content\/uploads\/2024\/08\/3118a4c8e98a3de84d233533aeed3750.jpg",800,450,false]},"rttpg_author":{"display_name":"V\u00fcsal Rafiqo\u011flu","author_link":"https:\/\/arantv.az\/?author=2"},"rttpg_comment":0,"rttpg_category":"<a href=\"https:\/\/arantv.az\/?cat=4\" rel=\"category\">Siyas\u0259t<\/a>","rttpg_excerpt":"B\u0259zi dair\u0259l\u0259r guya d\u00fcnyan\u0131n \u0259sas m\u00f6vzusunun Qaraba\u011fdan burunlar\u0131 bel\u0259 qanamadan k\u00f6n\u00fcll\u00fc ged\u0259n erm\u0259nil\u0259r oldu\u011funu g\u00f6z\u0259 soxma\u011fa \u00e7al\u0131\u015f\u0131rlar\u00a0 Son g\u00fcnl\u0259r Q\u0259rbd\u0259n Qaraba\u011fdan k\u00f6n\u00fcll\u00fc k\u00f6\u00e7\u00fcb getmi\u015f erm\u0259nil\u0259r m\u00f6vzusunda yenid\u0259n saxta g\u00fcnd\u0259m yaratmaq c\u0259hdl\u0259ri m\u00fc\u015fahid\u0259 edilm\u0259kd\u0259dir. B\u0259zi dair\u0259l\u0259r Yax\u0131n \u015e\u0259rqd\u0259 m\u00fcharib\u0259 t\u0259hl\u00fck\u0259sinin b\u00f6y\u00fcd\u00fcy\u00fc bir vaxtda sanki d\u00fcnyan\u0131n \u0259sas m\u00f6vzusunun Qaraba\u011fdan burunlar\u0131 bel\u0259 qanamadan v\u0259 k\u00f6n\u00fcll\u00fc ged\u0259n erm\u0259nil\u0259rin \u201cproblemi\u201d&hellip;","_links":{"self":[{"href":"https:\/\/arantv.az\/index.php?rest_route=\/wp\/v2\/posts\/743230"}],"collection":[{"href":"https:\/\/arantv.az\/index.php?rest_route=\/wp\/v2\/posts"}],"about":[{"href":"https:\/\/arantv.az\/index.php?rest_route=\/wp\/v2\/types\/post"}],"author":[{"embeddable":true,"href":"https:\/\/arantv.az\/index.php?rest_route=\/wp\/v2\/users\/2"}],"replies":[{"embeddable":true,"href":"https:\/\/arantv.az\/index.php?rest_route=%2Fwp%2Fv2%2Fcomments&post=743230"}],"version-history":[{"count":1,"href":"https:\/\/arantv.az\/index.php?rest_route=\/wp\/v2\/posts\/743230\/revisions"}],"predecessor-version":[{"id":743232,"href":"https:\/\/arantv.az\/index.php?rest_route=\/wp\/v2\/posts\/743230\/revisions\/743232"}],"wp:featuredmedia":[{"embeddable":true,"href":"https:\/\/arantv.az\/index.php?rest_route=\/wp\/v2\/media\/743231"}],"wp:attachment":[{"href":"https:\/\/arantv.az\/index.php?rest_route=%2Fwp%2Fv2%2Fmedia&parent=743230"}],"wp:term":[{"taxonomy":"category","embeddable":true,"href":"https:\/\/arantv.az\/index.php?rest_route=%2Fwp%2Fv2%2Fcategories&post=743230"},{"taxonomy":"post_tag","embeddable":true,"href":"https:\/\/arantv.az\/index.php?rest_route=%2Fwp%2Fv2%2Ftags&post=743230"}],"curies":[{"name":"wp","href":"https:\/\/api.w.org\/{rel}","templated":true}]}}