{"id":743236,"date":"2024-08-09T10:21:33","date_gmt":"2024-08-09T06:21:33","guid":{"rendered":"https:\/\/arantv.az\/?p=743236"},"modified":"2024-08-09T10:21:33","modified_gmt":"2024-08-09T06:21:33","slug":"diqq%c9%99tl%c9%99r-bmt-d%c9%99-yeni-dunyanin-konvensiyasi-hazirlanir","status":"publish","type":"post","link":"https:\/\/arantv.az\/?p=743236","title":{"rendered":"Diqq\u0259tl\u0259r BMT-d\u0259! Yeni D\u00fcnyan\u0131n Konvensiyas\u0131 haz\u0131rlan\u0131r"},"content":{"rendered":"<p><strong>Haz\u0131rda BMT-nin Nyu-York \u015f\u0259h\u0259rind\u0259ki Ba\u015f Q\u0259rargah\u0131nda \u201cKibercinay\u0259tl\u0259r\u0259 v\u0259 \u0130nformasiya-kommunikasiya texnologiyalar\u0131ndan (\u0130KT) cinay\u0259t m\u0259qs\u0259dl\u0259ri \u00fc\u00e7\u00fcn istifad\u0259y\u0259 qar\u015f\u0131 m\u00fcbariz\u0259 il\u0259 ba\u011fl\u0131 Beyn\u0259lxalq Konvensiya\u201dn\u0131n haz\u0131rlanmas\u0131 \u00fczr\u0259 yekun iclas ke\u00e7irilir.<\/strong><\/p>\n<p><b>ARANTV.AZ <\/b>x\u0259b\u0259r verir ki, \u00fcmumi cinay\u0259tkarl\u0131qda kibercinay\u0259tl\u0259rin pay\u0131n\u0131n artmas\u0131 v\u0259 dig\u0259r cinay\u0259tl\u0259rin d\u0259 bu v\u0259 ya dig\u0259r formada informasiya-kommunikasiya texnologiyalar\u0131ndan istifad\u0259 edilm\u0259kl\u0259 t\u00f6r\u0259dilm\u0259si fonunda d\u00fcnya birliyinin yaranm\u0131\u015f z\u0259rur\u0259td\u0259n haz\u0131rlad\u0131\u011f\u0131 yeni Konvensiya ictimai m\u00fcnasib\u0259tl\u0259ri geni\u015f sferada \u0259hat\u0259 ed\u0259c\u0259kdir.<\/p>\n<p>BMT-y\u0259 b\u00fct\u00fcn \u00fczv d\u00f6vl\u0259tl\u0259rin c\u0259lb olundu\u011fu, Az\u0259rbaycan Respublikas\u0131n\u0131n da f\u0259al i\u015ftirak etdiyi v\u0259 3 ildir davam ed\u0259n bu prosesin son sessiyas\u0131nda (29 iyul &#8211; 09 avqust) bir s\u0131ra d\u00f6vl\u0259tl\u0259rin n\u00fcmay\u0259nd\u0259 hey\u0259tl\u0259rinin ciddi fikir ayr\u0131l\u0131qlar\u0131 s\u0259b\u0259bind\u0259n yekun layih\u0259nin q\u0259bulunda \u00e7\u0259tinlikl\u0259r yaran\u0131b.<\/p>\n<p>Bel\u0259 ki, yekun iclasda \u00f6lk\u0259l\u0259rin n\u00fcmay\u0259nd\u0259 hey\u0259tl\u0259ri t\u0259r\u0259find\u0259n Konvensiyan\u0131n q\u00fcvv\u0259y\u0259 minm\u0259si \u00fc\u00e7\u00fcn t\u0259l\u0259b olunan minimum \u00fczvl\u00fck say\u0131, texniki yard\u0131m \u00fczr\u0259 \u0259m\u0259kda\u015fl\u0131q v\u0259 dig\u0259r m\u00f6vzular bar\u0259d\u0259 m\u0259s\u0259l\u0259l\u0259r\u0259 dair, h\u0259tta beyn\u0259lxalq m\u00fcqavil\u0259nin yekun ad\u0131 il\u0259 ba\u011fl\u0131 k\u0259skin ziddiyy\u0259tli m\u00f6vqel\u0259r ir\u0259li s\u00fcr\u00fclm\u0259kd\u0259dir.<\/p>\n<p>Yekun Konvensiya layih\u0259si q\u0259bul olunarsa v\u0259 BMT-y\u0259 \u00fczv d\u00f6vl\u0259tl\u0259r t\u0259r\u0259find\u0259n ratifikasiya olunarsa m\u00fcasir d\u00f6vr\u00fcn v\u0259 r\u0259q\u0259msalla\u015fan d\u00fcnyan\u0131n \u0259n aktual v\u0259 praktik s\u0259n\u0259di olaca\u011f\u0131 g\u00f6zl\u0259nilir.<\/p>\n","protected":false},"excerpt":{"rendered":"<p>Haz\u0131rda BMT-nin Nyu-York \u015f\u0259h\u0259rind\u0259ki Ba\u015f Q\u0259rargah\u0131nda \u201cKibercinay\u0259tl\u0259r\u0259 v\u0259 \u0130nformasiya-kommunikasiya texnologiyalar\u0131ndan (\u0130KT) cinay\u0259t m\u0259qs\u0259dl\u0259ri \u00fc\u00e7\u00fcn istifad\u0259y\u0259 qar\u015f\u0131 m\u00fcbariz\u0259 il\u0259 ba\u011fl\u0131 Beyn\u0259lxalq Konvensiya\u201dn\u0131n haz\u0131rlanmas\u0131 \u00fczr\u0259 yekun iclas ke\u00e7irilir. ARANTV.AZ x\u0259b\u0259r verir ki, \u00fcmumi cinay\u0259tkarl\u0131qda kibercinay\u0259tl\u0259rin pay\u0131n\u0131n artmas\u0131 v\u0259 dig\u0259r cinay\u0259tl\u0259rin d\u0259 bu v\u0259 ya dig\u0259r formada informasiya-kommunikasiya texnologiyalar\u0131ndan istifad\u0259 edilm\u0259kl\u0259 t\u00f6r\u0259dilm\u0259si fonunda d\u00fcnya birliyinin yaranm\u0131\u015f z\u0259rur\u0259td\u0259n haz\u0131rlad\u0131\u011f\u0131 yeni Konvensiya ictimai m\u00fcnasib\u0259tl\u0259ri geni\u015f sferada \u0259hat\u0259 ed\u0259c\u0259kdir. BMT-y\u0259 b\u00fct\u00fcn \u00fczv d\u00f6vl\u0259tl\u0259rin c\u0259lb olundu\u011fu, Az\u0259rbaycan Respublikas\u0131n\u0131n da f\u0259al i\u015ftirak etdiyi v\u0259 3 ildir davam ed\u0259n bu prosesin son sessiyas\u0131nda (29 iyul &#8211; 09 avqust) bir&hellip;<\/p>\n","protected":false},"author":2,"featured_media":743238,"comment_status":"closed","ping_status":"closed","sticky":false,"template":"","format":"standard","meta":{"om_disable_all_campaigns":false,"_monsterinsights_skip_tracking":false,"_monsterinsights_sitenote_active":false,"_monsterinsights_sitenote_note":"","_monsterinsights_sitenote_category":0},"categories":[7],"tags":[],"aioseo_notices":[],"gutentor_comment":0,"rttpg_featured_image_url":{"full":["https:\/\/arantv.az\/wp-content\/uploads\/2024\/08\/3a3502e3721391053021233e27c9236e.jpg",800,486,false],"landscape":["https:\/\/arantv.az\/wp-content\/uploads\/2024\/08\/3a3502e3721391053021233e27c9236e.jpg",800,486,false],"portraits":["https:\/\/arantv.az\/wp-content\/uploads\/2024\/08\/3a3502e3721391053021233e27c9236e.jpg",800,486,false],"thumbnail":["https:\/\/arantv.az\/wp-content\/uploads\/2024\/08\/3a3502e3721391053021233e27c9236e-500x280.jpg",500,280,true],"medium":["https:\/\/arantv.az\/wp-content\/uploads\/2024\/08\/3a3502e3721391053021233e27c9236e-601x365.jpg",601,365,true],"large":["https:\/\/arantv.az\/wp-content\/uploads\/2024\/08\/3a3502e3721391053021233e27c9236e.jpg",640,389,false],"1536x1536":["https:\/\/arantv.az\/wp-content\/uploads\/2024\/08\/3a3502e3721391053021233e27c9236e.jpg",800,486,false],"2048x2048":["https:\/\/arantv.az\/wp-content\/uploads\/2024\/08\/3a3502e3721391053021233e27c9236e.jpg",800,486,false],"post-thumbnail":["https:\/\/arantv.az\/wp-content\/uploads\/2024\/08\/3a3502e3721391053021233e27c9236e-240x172.jpg",240,172,true],"advps-thumb-one":["https:\/\/arantv.az\/wp-content\/uploads\/2024\/08\/3a3502e3721391053021233e27c9236e.jpg",800,486,false]},"rttpg_author":{"display_name":"V\u00fcsal Rafiqo\u011flu","author_link":"https:\/\/arantv.az\/?author=2"},"rttpg_comment":0,"rttpg_category":"<a href=\"https:\/\/arantv.az\/?cat=7\" rel=\"category\">D\u00fcnya<\/a>","rttpg_excerpt":"Haz\u0131rda BMT-nin Nyu-York \u015f\u0259h\u0259rind\u0259ki Ba\u015f Q\u0259rargah\u0131nda \u201cKibercinay\u0259tl\u0259r\u0259 v\u0259 \u0130nformasiya-kommunikasiya texnologiyalar\u0131ndan (\u0130KT) cinay\u0259t m\u0259qs\u0259dl\u0259ri \u00fc\u00e7\u00fcn istifad\u0259y\u0259 qar\u015f\u0131 m\u00fcbariz\u0259 il\u0259 ba\u011fl\u0131 Beyn\u0259lxalq Konvensiya\u201dn\u0131n haz\u0131rlanmas\u0131 \u00fczr\u0259 yekun iclas ke\u00e7irilir. ARANTV.AZ x\u0259b\u0259r verir ki, \u00fcmumi cinay\u0259tkarl\u0131qda kibercinay\u0259tl\u0259rin pay\u0131n\u0131n artmas\u0131 v\u0259 dig\u0259r cinay\u0259tl\u0259rin d\u0259 bu v\u0259 ya dig\u0259r formada informasiya-kommunikasiya texnologiyalar\u0131ndan istifad\u0259 edilm\u0259kl\u0259 t\u00f6r\u0259dilm\u0259si fonunda d\u00fcnya birliyinin yaranm\u0131\u015f z\u0259rur\u0259td\u0259n haz\u0131rlad\u0131\u011f\u0131&hellip;","_links":{"self":[{"href":"https:\/\/arantv.az\/index.php?rest_route=\/wp\/v2\/posts\/743236"}],"collection":[{"href":"https:\/\/arantv.az\/index.php?rest_route=\/wp\/v2\/posts"}],"about":[{"href":"https:\/\/arantv.az\/index.php?rest_route=\/wp\/v2\/types\/post"}],"author":[{"embeddable":true,"href":"https:\/\/arantv.az\/index.php?rest_route=\/wp\/v2\/users\/2"}],"replies":[{"embeddable":true,"href":"https:\/\/arantv.az\/index.php?rest_route=%2Fwp%2Fv2%2Fcomments&post=743236"}],"version-history":[{"count":1,"href":"https:\/\/arantv.az\/index.php?rest_route=\/wp\/v2\/posts\/743236\/revisions"}],"predecessor-version":[{"id":743239,"href":"https:\/\/arantv.az\/index.php?rest_route=\/wp\/v2\/posts\/743236\/revisions\/743239"}],"wp:featuredmedia":[{"embeddable":true,"href":"https:\/\/arantv.az\/index.php?rest_route=\/wp\/v2\/media\/743238"}],"wp:attachment":[{"href":"https:\/\/arantv.az\/index.php?rest_route=%2Fwp%2Fv2%2Fmedia&parent=743236"}],"wp:term":[{"taxonomy":"category","embeddable":true,"href":"https:\/\/arantv.az\/index.php?rest_route=%2Fwp%2Fv2%2Fcategories&post=743236"},{"taxonomy":"post_tag","embeddable":true,"href":"https:\/\/arantv.az\/index.php?rest_route=%2Fwp%2Fv2%2Ftags&post=743236"}],"curies":[{"name":"wp","href":"https:\/\/api.w.org\/{rel}","templated":true}]}}