{"id":743250,"date":"2024-08-09T10:26:50","date_gmt":"2024-08-09T06:26:50","guid":{"rendered":"https:\/\/arantv.az\/?p=743250"},"modified":"2024-08-09T10:26:50","modified_gmt":"2024-08-09T06:26:50","slug":"bu-icra-bascilari-da-isd%c9%99n-cixarilacaq-sirada-onlardir","status":"publish","type":"post","link":"https:\/\/arantv.az\/?p=743250","title":{"rendered":"Bu icra ba\u015f\u00e7\u0131lar\u0131 da \u0130\u015eD\u018fN \u00c7IXARILACAQ &#8211; S\u0131rada ONLARDIR!"},"content":{"rendered":"<h3><strong>G\u00f6zl\u0259nilir ki, g\u0259l\u0259n il referendum ke\u00e7iril\u0259r\u0259k\u00a0 icra ba\u015f\u00e7\u0131s\u0131 institutu l\u0259\u011fv edil\u0259c\u0259k<\/strong><\/h3>\n<p><em>Son bir ayda \u00f6lk\u0259d\u0259 bir ne\u00e7\u0259 rayonun icra ba\u015f\u00e7\u0131lar\u0131 d\u0259yi\u015fdirilib. Bel\u0259 ki, Suraxan\u0131 (\u018fziz \u018fzizov Beyl\u0259qana g\u00f6nd\u0259rilib-red), O\u011fuz, Qusar v\u0259 Da\u015fk\u0259s\u0259n\u0259 yeni icra ba\u015f\u00e7\u0131lar\u0131 t\u0259yin olunub. Avqustun 7-d\u0259 A\u011fda\u015f\u0131n icra ba\u015f\u00e7\u0131s\u0131 da v\u0259zif\u0259sini itirib. O, 2012-ci ild\u0259n A\u011fda\u015f Rayon \u0130cra Hakimiyy\u0259tinin ba\u015f\u00e7\u0131s\u0131 v\u0259zif\u0259sini tuturdu.\u00a0\u00a0<\/em><\/p>\n<p><strong>Yada salaq ki, bundan \u0259vv\u0259l d\u0259 ya\u015f\u0131 \u00f6tm\u00fc\u015f bir ne\u00e7\u0259 icra ba\u015f\u00e7\u0131s\u0131 v\u0259zif\u0259sind\u0259n k\u0259narla\u015fd\u0131r\u0131lm\u0131\u015f, onlar\u0131 \u0259sas\u0259n g\u0259nc kadrlar \u0259v\u0259z etmi\u015fdi.\u00a0<\/strong><\/p>\n<p><em>\u201cYeni Sabah\u201d\u0131n iddias\u0131na g\u00f6r\u0259, bu ay\u0131n sonuna kimi, \u0259n az\u0131 6 icra ba\u015f\u00e7\u0131s\u0131 da i\u015fini itir\u0259c\u0259k. M\u0259nb\u0259 deyib ki, bu \u015f\u0259xsl\u0259rl\u0259 ba\u011fl\u0131 q\u0259rar art\u0131q verilib. Onlar\u0131n i\u015fd\u0259n azad edilm\u0259si il\u0259 ba\u011fl\u0131 s\u0259r\u0259ncam q\u0131sa ara il\u0259 sentyabr ay\u0131n\u0131n sonuna kimi elan olunacaq.\u00a0<\/em><\/p>\n<p>O da faktd\u0131r ki, b\u0259zi icra ba\u015f\u00e7\u0131lar\u0131 on il v\u0259 daha art\u0131q m\u00fcdd\u0259tdir eyni b\u00f6lg\u0259d\u0259 icra hakimiyy\u0259tinin ba\u015f\u00e7\u0131s\u0131 postunu tutur.<\/p>\n<p><strong>2014-c\u00fc ild\u0259n M\u00fcst\u0259qim M\u0259mm\u0259dov T\u0259rt\u0259rin, 2013-c\u00fc ild\u0259n Vasif \u0130manov Bak\u0131n\u0131n Pirallah\u0131 rayonunun icra ba\u015f\u00e7\u0131s\u0131d\u0131r.<\/strong><\/p>\n<p>2012-ci ild\u0259n Arif A\u011fayev Astaraya, X\u0259z\u0259r Aslanov X\u0131z\u0131ya, Taleh Qara\u015fov L\u0259nk\u0259rana, Adil V\u0259liyev Bak\u0131n\u0131n Sabun\u00e7u rayonuna, 2011-ci ild\u0259n \u0130slam Rzayev Balak\u0259n\u0259, Vidadi \u0130sayev B\u0259rd\u0259y\u0259, Al\u0131 Al\u0131yev F\u00fczuliy\u0259, Adil M\u0259mm\u0259dov Qobustana, Elxan Usubov \u015e\u0259kiy\u0259, Ramiz H\u0259s\u0259nov Z\u0259ngilana, 2010-cu ild\u0259n S\u00fcleyman Mikay\u0131lov Bak\u0131n\u0131n Qarada\u011f rayonuna, Musa \u015e\u0259kiliyev Qaxa, S\u0259buhi Abdullayev Q\u0259b\u0259l\u0259y\u0259 r\u0259hb\u0259rlik edir.<\/p>\n<p>2009-cu ild\u0259n M\u00fcbariz \u018fhm\u0259dzad\u0259 Zaqatalan\u0131n, 2001-ci ild\u0259n Malik \u0130saqov Qubadl\u0131n\u0131n, 2000-ci ild\u0259n \u015eahmar Usubov Xocal\u0131n\u0131n icra ba\u015f\u00e7\u0131s\u0131 v\u0259zif\u0259sind\u0259dir. Eyvaz H\u00fcseynov Xocav\u0259nd Rayon \u0130cra Hakimiyy\u0259tinin ba\u015f\u00e7\u0131s\u0131 postuna 1992-ci ild\u0259 t\u0259yinat al\u0131b.<\/p>\n<p>Qeyd ed\u0259k ki, haz\u0131rda i\u015f\u011faldan azad edilmi\u015f rayonlarda x\u00fcsusi n\u00fcmay\u0259nd\u0259lik institutu f\u0259aliyy\u0259t g\u00f6st\u0259rir. D\u00f6vl\u0259t ba\u015f\u00e7\u0131s\u0131n\u0131n s\u0259r\u0259ncam\u0131 il\u0259 yarad\u0131lm\u0131\u015f yeni institut faktiki olaraq b\u00fct\u00fcn idar\u0259etm\u0259 mexanizmini h\u0259yata ke\u00e7irir. \u0130ddialara g\u00f6r\u0259, icra hakimiyy\u0259tl\u0259rinin parlament se\u00e7kil\u0259rind\u0259n sonra ke\u00e7iril\u0259c\u0259k referendumla l\u0259\u011fv edil\u0259c\u0259yi g\u00f6zl\u0259nilir. B\u0259s bu kadr d\u0259yi\u015fiklikl\u0259rini ekspertl\u0259r nec\u0259 \u015f\u0259rh edir?<\/p>\n<p><img src=\"https:\/\/cdn.yenisabah.az\/resize.php?w=0&amp;h=0&amp;file=image_750x422_634ff246479b5.jpg\" alt=\"\u0130ndi o d\u00f6vr deyil...\u201d \u2013 \u018fli Orucov \u0130sa Q\u0259mb\u0259rin siyas\u0259t\u0259 d\u00f6n\u00fc\u015f\u00fcnd\u0259n dan\u0131\u015fd\u0131  Yeni Sabah\" \/><\/p>\n<p><strong>\u018fli Orucov\u00a0<\/strong><\/p>\n<p><strong>AM\u0130P liderinin k\u00f6m\u0259k\u00e7isi, siyasi ekspert \u018fli Orucov \u201cYeni M\u00fcsavat\u201da a\u00e7\u0131qlamas\u0131nda icra hakimiyy\u0259tl\u0259ri institutunun saxlan\u0131lmas\u0131n\u0131n do\u011fru olmad\u0131\u011f\u0131n\u0131 s\u00f6yl\u0259di: \u201c<\/strong>Yerli icra hakimiyy\u0259ti orqanlar\u0131 sabiq prezident Ayaz M\u00fct\u0259llibovun hakimiyy\u0259ti d\u00f6n\u0259mind\u0259 1991-ci ilin \u0259vv\u0259ll\u0259rind\u0259 ke\u00e7mi\u015f rayon partiya komit\u0259l\u0259rinin bazas\u0131 \u0259sas\u0131nda yarad\u0131l\u0131b. H\u0259min vaxt rayon partiya komit\u0259sinin birinci katibi postu l\u0259\u011fv edil\u0259r\u0259k icra hakimiyy\u0259ti ba\u015f\u00e7\u0131s\u0131 v\u0259zif\u0259si t\u0259sis edildi. Bel\u0259 dem\u0259k m\u00fcmk\u00fcns\u0259, indiki rayon icra hakimiyy\u0259ti ba\u015f\u00e7\u0131lar\u0131 SSR\u0130-d\u0259n qalma birinci katibl\u0259rin s\u0259l\u0259fl\u0259ridir. \u0130cra hakimiyy\u0259ti ba\u015f\u00e7\u0131lar\u0131na \u00e7ox geni\u015f s\u0259lahiyy\u0259tl\u0259r verildiyind\u0259n b\u0259z\u0259n \u00f6zl\u0259rini rayonun a\u011fas\u0131 kimi apar\u0131rlar. SSR\u0130 da\u011f\u0131l\u0131b tarixin arxivin\u0259 gets\u0259 d\u0259, b\u0259zi idar\u0259\u00e7ilik \u0259n\u0259n\u0259l\u0259ri, o c\u00fcml\u0259d\u0259n rayon icra hakimiyy\u0259ti ba\u015f\u00e7\u0131lar\u0131 postu h\u0259l\u0259 d\u0259 m\u00f6vcudlu\u011funu saxlay\u0131r. H\u0259ddind\u0259n art\u0131q k\u00f6hn\u0259lmi\u015f v\u0259 m\u00fcasir d\u00f6vr\u00fcn t\u0259l\u0259bl\u0259rin\u0259 cavab verm\u0259y\u0259n yerli icra hakimiyy\u0259tini kadr d\u0259yi\u015fiklikl\u0259ri v\u0259 yaxud \u0259v\u0259zl\u0259nm\u0259l\u0259ri il\u0259 saxlamaq do\u011fru se\u00e7im deyil. Sistem el\u0259 qurulub ki, h\u0259min v\u0259zif\u0259y\u0259 kim t\u0259yin olunursa-olunsun, m\u00fcsb\u0259t ir\u0259lil\u0259yi\u015fl\u0259r\u0259 nail olmaq v\u0259 yerli icra hakimiyy\u0259ti orqanlar\u0131n\u0131n f\u0259aliyy\u0259tind\u0259 d\u00f6n\u00fc\u015f yaratmaq m\u00fcmk\u00fcn deyil. Faktiki olaraq bu qurumlar korrupsiyala\u015fm\u0131\u015f, inki\u015faf\u0131 l\u0259ngid\u0259n bir quruma \u00e7evrilib. H\u0259bs olunan, v\u0259zif\u0259sind\u0259n uzaqla\u015fd\u0131r\u0131lan bir s\u0131ra icra ba\u015f\u00e7\u0131lar\u0131n\u0131n timsal\u0131nda yerli icra hakimiyy\u0259ti orqanlar\u0131n\u0131n n\u0259 rayonlar\u0131n idar\u0259 edilm\u0259sind\u0259, n\u0259 \u0259halinin sosial-rifah hal\u0131n\u0131n y\u00fcks\u0259ldilm\u0259sind\u0259, n\u0259 d\u0259 v\u0259t\u0259nda\u015flara keyfiyy\u0259tli xidm\u0259tl\u0259rin g\u00f6st\u0259rilm\u0259sind\u0259 he\u00e7 bir pozitiv rol oynamad\u0131\u011f\u0131n\u0131, \u0259ksin\u0259, d\u00f6vl\u0259tin verdiyi qeyri-m\u0259hdud s\u0259lahiyy\u0259tl\u0259rd\u0259n v\u0259 b\u00fcdc\u0259d\u0259n ay\u0131rd\u0131\u011f\u0131 v\u0259saitl\u0259rin b\u00f6y\u00fck h\u0259cmini m\u0259nims\u0259m\u0259kl\u0259, h\u0259tta reketlikl\u0259 m\u0259\u015f\u011ful olmaqla \u00f6z \u015f\u0259xsi m\u0259nafel\u0259rini t\u0259min edib. Bu g\u00fcn d\u0259 t\u0259\u0259ss\u00fcf ki, eyni tendensiyalar davam etm\u0259kd\u0259dir. Ona g\u00f6r\u0259 d\u0259 hesab edir\u0259m ki, icra hakimiyy\u0259tl\u0259ri l\u0259\u011fv edilm\u0259li, Prezidentin yerl\u0259rd\u0259 n\u00fcmay\u0259nd\u0259liyi kimi \u00e7ox da geni\u015f olmayan s\u0259lahiyy\u0259tl\u0259r verm\u0259kl\u0259 \u0259v\u0259zl\u0259nm\u0259lidir. \u015etatlar da azald\u0131lmal\u0131d\u0131r ki, h\u0259m d\u00f6vl\u0259t b\u00fcdc\u0259sin\u0259 art\u0131q y\u00fck olmas\u0131n, h\u0259m d\u0259 s\u00fcni sur\u0259td\u0259 \u015fi\u015fm\u0259sin. Yerli idar\u0259etm\u0259 is\u0259 b\u0259l\u0259diyy\u0259l\u0259r\u0259 verilm\u0259lidir. C\u0259miyy\u0259td\u0259 d\u0259 icra hakimiyy\u0259tl\u0259rin\u0259 m\u00fcnasib\u0259t \u0259ks\u0259r\u0259n m\u0259nfidir. El\u0259 bir icra ba\u015f\u00e7\u0131s\u0131 n\u00fcmun\u0259 \u00fc\u00e7\u00fcn g\u00f6st\u0259rm\u0259k m\u00fcmk\u00fcn olmur ki, o h\u0259qiq\u0259t\u0259n d\u0259 rayon sakinl\u0259rinin qay\u011f\u0131s\u0131na qals\u0131n, \u00f6z v\u0259zif\u0259sin\u0259 vicdanla v\u0259 pe\u015f\u0259karcas\u0131na yana\u015fs\u0131n. Az\u0259rbaycanda apar\u0131lan islahatlar ilk n\u00f6vb\u0259d\u0259 idar\u0259\u00e7ilikd\u0259, x\u00fcsus\u0259n d\u0259 yerli icra hakimiyy\u0259ti orqanlar\u0131ndan ba\u015flamal\u0131d\u0131r\u201d.<\/p>\n<p><strong>Siyasi ekspert qon\u015fu \u00f6lk\u0259l\u0259rd\u0259n n\u00fcmun\u0259l\u0259r g\u0259tirdi:<\/strong>\u00a0\u201cHesab edir\u0259m ki, 80 rayonda icra hakimiyy\u0259tin\u0259 ehtiyac yoxdur. Bunu 14 iqtisadi rayonlar \u00fczr\u0259 formala\u015fd\u0131rmaq daha m\u0259qs\u0259d\u0259m\u00fcvafiq olard\u0131. M\u0259s\u0259l\u0259n, qon\u015fu G\u00fcrc\u00fcstan\u0131n inzibat\u0131 b\u00f6lg\u00fcs\u00fc 12 \u0259yal\u0259td\u0259n, Erm\u0259nistan\u0131nk\u0131 is\u0259 10 \u0259yal\u0259td\u0259n\u00a0 ibar\u0259tdir. Lakin h\u0259r iki C\u0259nubi Qafqaz \u00f6lk\u0259sind\u0259 b\u0259l\u0259diyy\u0259l\u0259rin say\u0131 \u00e7oxdur v\u0259 geni\u015f s\u0259lahiyy\u0259tl\u0259r\u0259 malikdir. Yerli \u00f6z\u00fcn\u00fcidaretm\u0259 b\u00fct\u00fcnl\u00fckd\u0259 se\u00e7kili qurumlar\u0131n ixtiyar\u0131ndad\u0131r v\u0259 xalqa, se\u00e7icil\u0259r\u0259 hesabatl\u0131d\u0131r. Az\u0259rbaycandak\u0131 inzibat\u0131-\u0259razi b\u00f6lg\u00fcs\u00fc hesab olunan icra hakimiyy\u0259tl\u0259ri ba\u015f\u00e7\u0131lar\u0131 Prezident t\u0259r\u0259find\u0259n t\u0259yin olunur v\u0259 onun qar\u015f\u0131s\u0131nda hesabatl\u0131d\u0131r. Ona g\u00f6r\u0259 d\u0259 xalq qar\u015f\u0131s\u0131nda he\u00e7 bir hesabatl\u0131l\u0131\u011f\u0131 v\u0259 m\u0259suliyy\u0259ti olmad\u0131\u011f\u0131 q\u0259na\u0259ti yarad\u0131r. \u0130\u015f\u011faldan azad olunan \u0259razil\u0259rd\u0259 Prezidentin s\u0259lahiyy\u0259tli n\u00fcmay\u0259nd\u0259liyi v\u0259zif\u0259l\u0259ri ke\u00e7ici olsa da, ona da geni\u015f s\u0259lahiyy\u0259tl\u0259rin verilm\u0259si g\u0259l\u0259c\u0259kd\u0259 neqativ hallara yol a\u00e7ma riski yarad\u0131r. \u00dcmid edir\u0259m ki, parlament se\u00e7kil\u0259rind\u0259n sonra rayon icra hakimiyy\u0259tl\u0259ri l\u0259\u011fv olunaraq daha t\u0259kmil v\u0259 \u00e7evik, mobil bir institut yarad\u0131lacaq. B\u0259l\u0259diyy\u0259l\u0259r\u0259 geni\u015f imkanlar veril\u0259c\u0259k. \u018fn az\u0131ndan m\u00fcst\u0259qil f\u0259aliyy\u0259t g\u00f6st\u0259rm\u0259sin\u0259 yarad\u0131lan \u0259ng\u0259ll\u0259r aradan qald\u0131r\u0131lacaq. Se\u00e7kili institutlar \u00f6z yerini tutmasa, rayon icra ba\u015f\u00e7\u0131lar\u0131n\u0131 d\u0259yi\u015fm\u0259k he\u00e7 n\u0259yi d\u0259yi\u015fm\u0259y\u0259c\u0259k. Kosmetik d\u0259yi\u015fiklikl\u0259rl\u0259 deyil, fundamental reformalarla t\u0259r\u0259qqiy\u0259 nail olmaq m\u00fcmk\u00fcnd\u00fcr\u201d.<\/p>\n<p><img loading=\"lazy\" src=\"https:\/\/cdn.musavat.com\/news\/thumbnails\/46917f75a86d6add593024c01e9fde6e.jpg\" alt=\"Niyameddin.jpeg (48 KB)\" width=\"909\" height=\"957\" \/><\/p>\n<p><strong>Niyam\u0259ddin Orduxanl\u0131<\/strong><\/p>\n<p><strong>\u018fdal\u0259t, H\u00fcquq, Demokratiya Partiyas\u0131 s\u0259drinin m\u00fcavinin, politoloq Niyam\u0259ddin Orduxanl\u0131 g\u0259l\u0259n il icra hakimiyy\u0259tl\u0259ri institutunun l\u0259\u011fv edil\u0259c\u0259yini d\u00fc\u015f\u00fcn\u00fcr:<\/strong>\u00a0\u201cAz\u0259rbaycanda icra ba\u015f\u00e7\u0131lar\u0131 institutu sovet rejimind\u0259n qalm\u0131\u015f bir idar\u0259\u00e7ilik formas\u0131d\u0131r. \u018fhalinin b\u00f6y\u00fck \u0259ks\u0259riyy\u0259ti icra ba\u015f\u00e7\u0131lar\u0131ndan naraz\u0131d\u0131r. Faktiki bu g\u00fcn Az\u0259rbaycanda icra ba\u015f\u00e7\u0131lar\u0131 idar\u0259\u00e7iliyi \u00f6z\u00fcn\u00fc do\u011frultmur. Az\u0259rbaycanda 3 formada idar\u0259\u00e7ilik t\u0259tbiq edilir. \u0130cra hakimiyy\u0259tl\u0259ri, yerli b\u0259l\u0259diyy\u0259l\u0259r v\u0259 Prezidentin x\u00fcsusi n\u00fcmay\u0259nd\u0259liyi. M\u0259nc\u0259, d\u00fcnyan\u0131n he\u00e7 bir \u00f6lk\u0259sind\u0259 bu formada idar\u0259\u00e7ilik yoxdur. H\u0259m d\u0259 icra ba\u015f\u00e7\u0131lar\u0131 \u00f6zl\u0259rini rayonun xan\u0131, a\u011fas\u0131, ki\u00e7ik pad\u015fah\u0131 kimi apar\u0131r. Onlarla adlar \u00e7\u0259kdiniz ki, bu adamlar icra ba\u015f\u00e7\u0131lar\u0131 v\u0259zif\u0259l\u0259rini tuturlar. Ara\u015fd\u0131rma apar\u0131lsa, g\u00f6rm\u0259k olar ki, \u0259halinin \u0259n \u00e7ox naraz\u0131 qald\u0131\u011f\u0131 strukturlardan biri d\u0259 icra hakimiyy\u0259tl\u0259ridir. \u0130cra hakimiyy\u0259tl\u0259ri l\u0259\u011fv edilm\u0259lidir. M\u00fctl\u0259qdir ki, referendum islahatlar\u0131 apar\u0131ls\u0131n. Bu m\u0259s\u0259l\u0259 \u00f6lk\u0259nin g\u00fcnd\u0259mind\u0259 idi. G\u00f6r\u00fcn\u00fcr, bu il n\u0259z\u0259rd\u0259 tutulan se\u00e7kil\u0259r v\u0259 beyn\u0259lxalq t\u0259dbirl\u0259r referendum ke\u00e7irilm\u0259sin\u0259 imkan verm\u0259di. Y\u0259qin ki, g\u0259l\u0259n il Az\u0259rbaycanda referendum ke\u00e7iril\u0259r\u0259k v\u0259 icra ba\u015f\u00e7\u0131lar\u0131 l\u0259\u011fv edil\u0259c\u0259k. Referenduma \u00e7\u0131xar\u0131lsa, \u0259halinin b\u00f6y\u00fck \u0259ks\u0259riyy\u0259ti bu qurumun l\u0259\u011fv edilm\u0259sinin lehin\u0259 s\u0259s ver\u0259c\u0259k. M\u0259n bel\u0259 d\u00fc\u015f\u00fcn\u00fcr\u0259m\u201d.<\/p>\n<p><strong>Cavan\u015fir ABBASLI,<br \/>\n\u201cYeni M\u00fcsavat\u201d<\/strong><\/p>\n","protected":false},"excerpt":{"rendered":"<p>G\u00f6zl\u0259nilir ki, g\u0259l\u0259n il referendum ke\u00e7iril\u0259r\u0259k\u00a0 icra ba\u015f\u00e7\u0131s\u0131 institutu l\u0259\u011fv edil\u0259c\u0259k Son bir ayda \u00f6lk\u0259d\u0259 bir ne\u00e7\u0259 rayonun icra ba\u015f\u00e7\u0131lar\u0131 d\u0259yi\u015fdirilib. Bel\u0259 ki, Suraxan\u0131 (\u018fziz \u018fzizov Beyl\u0259qana g\u00f6nd\u0259rilib-red), O\u011fuz, Qusar v\u0259 Da\u015fk\u0259s\u0259n\u0259 yeni icra ba\u015f\u00e7\u0131lar\u0131 t\u0259yin olunub. Avqustun 7-d\u0259 A\u011fda\u015f\u0131n icra ba\u015f\u00e7\u0131s\u0131 da v\u0259zif\u0259sini itirib. O, 2012-ci ild\u0259n A\u011fda\u015f Rayon \u0130cra Hakimiyy\u0259tinin ba\u015f\u00e7\u0131s\u0131 v\u0259zif\u0259sini tuturdu.\u00a0\u00a0 Yada salaq ki, bundan \u0259vv\u0259l d\u0259 ya\u015f\u0131 \u00f6tm\u00fc\u015f bir ne\u00e7\u0259 icra ba\u015f\u00e7\u0131s\u0131 v\u0259zif\u0259sind\u0259n k\u0259narla\u015fd\u0131r\u0131lm\u0131\u015f, onlar\u0131 \u0259sas\u0259n g\u0259nc kadrlar \u0259v\u0259z etmi\u015fdi.\u00a0 \u201cYeni Sabah\u201d\u0131n iddias\u0131na g\u00f6r\u0259, bu ay\u0131n sonuna kimi, \u0259n az\u0131 6 icra ba\u015f\u00e7\u0131s\u0131 da i\u015fini&hellip;<\/p>\n","protected":false},"author":2,"featured_media":743251,"comment_status":"closed","ping_status":"closed","sticky":false,"template":"","format":"standard","meta":{"om_disable_all_campaigns":false,"_monsterinsights_skip_tracking":false,"_monsterinsights_sitenote_active":false,"_monsterinsights_sitenote_note":"","_monsterinsights_sitenote_category":0},"categories":[19],"tags":[],"aioseo_notices":[],"gutentor_comment":0,"rttpg_featured_image_url":{"full":["https:\/\/arantv.az\/wp-content\/uploads\/2024\/08\/1effd507ee204f2d938848e454f1ee51.jpg",600,400,false],"landscape":["https:\/\/arantv.az\/wp-content\/uploads\/2024\/08\/1effd507ee204f2d938848e454f1ee51.jpg",600,400,false],"portraits":["https:\/\/arantv.az\/wp-content\/uploads\/2024\/08\/1effd507ee204f2d938848e454f1ee51.jpg",600,400,false],"thumbnail":["https:\/\/arantv.az\/wp-content\/uploads\/2024\/08\/1effd507ee204f2d938848e454f1ee51-500x280.jpg",500,280,true],"medium":["https:\/\/arantv.az\/wp-content\/uploads\/2024\/08\/1effd507ee204f2d938848e454f1ee51-548x365.jpg",548,365,true],"large":["https:\/\/arantv.az\/wp-content\/uploads\/2024\/08\/1effd507ee204f2d938848e454f1ee51.jpg",600,400,false],"1536x1536":["https:\/\/arantv.az\/wp-content\/uploads\/2024\/08\/1effd507ee204f2d938848e454f1ee51.jpg",600,400,false],"2048x2048":["https:\/\/arantv.az\/wp-content\/uploads\/2024\/08\/1effd507ee204f2d938848e454f1ee51.jpg",600,400,false],"post-thumbnail":["https:\/\/arantv.az\/wp-content\/uploads\/2024\/08\/1effd507ee204f2d938848e454f1ee51-240x172.jpg",240,172,true],"advps-thumb-one":["https:\/\/arantv.az\/wp-content\/uploads\/2024\/08\/1effd507ee204f2d938848e454f1ee51.jpg",600,400,false]},"rttpg_author":{"display_name":"V\u00fcsal Rafiqo\u011flu","author_link":"https:\/\/arantv.az\/?author=2"},"rttpg_comment":0,"rttpg_category":"<a href=\"https:\/\/arantv.az\/?cat=19\" rel=\"category\">G\u00fcnd\u0259m<\/a>","rttpg_excerpt":"G\u00f6zl\u0259nilir ki, g\u0259l\u0259n il referendum ke\u00e7iril\u0259r\u0259k\u00a0 icra ba\u015f\u00e7\u0131s\u0131 institutu l\u0259\u011fv edil\u0259c\u0259k Son bir ayda \u00f6lk\u0259d\u0259 bir ne\u00e7\u0259 rayonun icra ba\u015f\u00e7\u0131lar\u0131 d\u0259yi\u015fdirilib. Bel\u0259 ki, Suraxan\u0131 (\u018fziz \u018fzizov Beyl\u0259qana g\u00f6nd\u0259rilib-red), O\u011fuz, Qusar v\u0259 Da\u015fk\u0259s\u0259n\u0259 yeni icra ba\u015f\u00e7\u0131lar\u0131 t\u0259yin olunub. Avqustun 7-d\u0259 A\u011fda\u015f\u0131n icra ba\u015f\u00e7\u0131s\u0131 da v\u0259zif\u0259sini itirib. O, 2012-ci ild\u0259n A\u011fda\u015f Rayon \u0130cra Hakimiyy\u0259tinin ba\u015f\u00e7\u0131s\u0131 v\u0259zif\u0259sini tuturdu.\u00a0\u00a0&hellip;","_links":{"self":[{"href":"https:\/\/arantv.az\/index.php?rest_route=\/wp\/v2\/posts\/743250"}],"collection":[{"href":"https:\/\/arantv.az\/index.php?rest_route=\/wp\/v2\/posts"}],"about":[{"href":"https:\/\/arantv.az\/index.php?rest_route=\/wp\/v2\/types\/post"}],"author":[{"embeddable":true,"href":"https:\/\/arantv.az\/index.php?rest_route=\/wp\/v2\/users\/2"}],"replies":[{"embeddable":true,"href":"https:\/\/arantv.az\/index.php?rest_route=%2Fwp%2Fv2%2Fcomments&post=743250"}],"version-history":[{"count":1,"href":"https:\/\/arantv.az\/index.php?rest_route=\/wp\/v2\/posts\/743250\/revisions"}],"predecessor-version":[{"id":743252,"href":"https:\/\/arantv.az\/index.php?rest_route=\/wp\/v2\/posts\/743250\/revisions\/743252"}],"wp:featuredmedia":[{"embeddable":true,"href":"https:\/\/arantv.az\/index.php?rest_route=\/wp\/v2\/media\/743251"}],"wp:attachment":[{"href":"https:\/\/arantv.az\/index.php?rest_route=%2Fwp%2Fv2%2Fmedia&parent=743250"}],"wp:term":[{"taxonomy":"category","embeddable":true,"href":"https:\/\/arantv.az\/index.php?rest_route=%2Fwp%2Fv2%2Fcategories&post=743250"},{"taxonomy":"post_tag","embeddable":true,"href":"https:\/\/arantv.az\/index.php?rest_route=%2Fwp%2Fv2%2Ftags&post=743250"}],"curies":[{"name":"wp","href":"https:\/\/api.w.org\/{rel}","templated":true}]}}