{"id":743257,"date":"2024-08-09T10:28:49","date_gmt":"2024-08-09T06:28:49","guid":{"rendered":"https:\/\/arantv.az\/?p=743257"},"modified":"2024-08-09T10:28:49","modified_gmt":"2024-08-09T06:28:49","slug":"putinin-kom%c9%99kcisi-bakiya-niy%c9%99-g%c9%99lmisdi-iqor-levitin-mu%c9%99mmasi","status":"publish","type":"post","link":"https:\/\/arantv.az\/?p=743257","title":{"rendered":"Putinin k\u00f6m\u0259k\u00e7isi Bak\u0131ya niy\u0259 g\u0259lmi\u015fdi? &#8211; \u0130qor Levitin M\u00dc\u018fMMASI"},"content":{"rendered":"<h2><strong>\u015eoyqunu m\u00fc\u015fayi\u0259t ed\u0259n \u015f\u0259xsl\u0259r aras\u0131nda\u00a0 \u0130qor Levitinin d\u0259 olmas\u0131na s\u0259b\u0259b&#8230;<\/strong><\/h2>\n<p><strong>Rusiya T\u0259hl\u00fck\u0259sizlik \u015euras\u0131n\u0131n katibi Sergey \u015eoyqunun v\u0259 onu m\u00fc\u015fayi\u0259t ed\u0259n \u015f\u0259xsl\u0259rin &#8211; xarici i\u015fl\u0259r nazirinin m\u00fcavini Mixail Qaluzinl\u0259 b\u0259rab\u0259r prezident Putinin k\u00f6m\u0259k\u00e7isi \u0130qor Levitinin d\u0259 olmas\u0131 bu \u00f6lk\u0259nin medias\u0131nda ciddi m\u00fczakir\u0259 m\u00f6vzusudur.\u00a0<\/strong><\/p>\n<p><em>Bildirilir ki, \u0130qor Levitinin Bak\u0131dak\u0131 dan\u0131\u015f\u0131qlarda yer almas\u0131 \u015eimal-C\u0259nub N\u0259qliyyat D\u0259hlizinin \u0259sas m\u00fczakir\u0259 m\u00f6vzular\u0131ndan biri oldu\u011funa \u015f\u00fcbh\u0259 yeri qoymur. \u00c7\u00fcnki Rusiya prezidentinin k\u00f6m\u0259k\u00e7isi m\u0259hz bu mar\u015frut \u00fczr\u0259 dan\u0131\u015f\u0131qlar \u00fc\u00e7\u00fcn g\u00f6r\u0259vl\u0259ndirilib, o, daha \u0259vv\u0259l d\u0259 Bak\u0131da bu m\u00f6vzuda m\u00fczakir\u0259l\u0259r apar\u0131b. \u00a0 \u00a0 \u201cVedemosti\u201d n\u0259\u015fri yaz\u0131r ki, Rusiya v\u0259 Az\u0259rbaycan uzun ill\u0259rdir ki, \u015eimal-C\u0259nub d\u0259hlizinin i\u015f\u0259 sal\u0131nmas\u0131 \u00fc\u00e7\u00fcn b\u00f6y\u00fck s\u0259yl\u0259r g\u00f6st\u0259rirl\u0259r, lakin \u0130ran t\u0259r\u0259fi prosesi l\u0259ngidir. \u201c\u0130ndi beyn\u0259lxalq g\u00fcnd\u0259m d\u0259yi\u015fib v\u0259 Tehran onu i\u015f\u0259 salmaqda maraql\u0131d\u0131r. Bak\u0131 v\u0259 Moskva yer\u00fcst\u00fc ke\u00e7idl\u0259rin tikintisind\u0259 \u0130ran t\u0259r\u0259fin\u0259 k\u00f6m\u0259k ed\u0259 bil\u0259r, \u00e7\u00fcnki onlar b\u00fct\u00fcn i\u015ftirak\u00e7\u0131lar \u00fc\u00e7\u00fcn iqtisadi s\u0259m\u0259r\u0259 v\u0259d ed\u0259n yeni geoiqtisadi mar\u015frut a\u00e7acaq. Bu bax\u0131mdan, \u015eimal-C\u0259nub layih\u0259sinin \u0259n m\u00fch\u00fcm tranzit d\u0259hlizi olan \u00f6lk\u0259 potensial olaraq eskalasiya zonas\u0131na \u00e7\u0259kildiyi \u00fc\u00e7\u00fcn Rusiya &#8220;barma\u011f\u0131n\u0131 n\u0259bzind\u0259 saxlamal\u0131d\u0131r&#8221;- n\u0259\u015fr yaz\u0131r.<\/em><\/p>\n<p>\u015eimal-C\u0259nub N\u0259qliyyat D\u0259hlizi Hindistandan v\u0259 Fars k\u00f6rf\u0259zind\u0259n Rusiyaya, Q\u0259rbi Avropaya, Baltikyan\u0131 v\u0259 Skandinaviya \u00f6lk\u0259l\u0259rin\u0259 m\u0259hsul da\u015f\u0131malar\u0131na imkan yaradan multimodal layih\u0259dir. Haz\u0131rk\u0131 \u0259n\u0259n\u0259vi mar\u015frutdan 40% q\u0131sa v\u0259 30% ucuz olan \u015eimal-C\u0259nub N\u0259qliyyat D\u0259hlizinin uzunlu\u011fu 7,200 kilometr t\u0259\u015fkil edir. Layih\u0259nin \u0259sas m\u0259qs\u0259di alternativ mar\u015frutlarla m\u00fcqayis\u0259d\u0259 \u00e7atd\u0131r\u0131lma vaxt\u0131n\u0131n azald\u0131lmas\u0131 v\u0259 qiym\u0259t bax\u0131m\u0131ndan effektivliyin art\u0131r\u0131lmas\u0131d\u0131r. Fars k\u00f6rf\u0259zi &#8211; S\u00fcvey\u015f kanal\u0131 &#8211; Aral\u0131q d\u0259nizi &#8211; Baltik d\u0259nizind\u0259n Helsinkiy\u0259 d\u0259niz yolu il\u0259 y\u00fckl\u0259rin da\u015f\u0131nmas\u0131 45-60 g\u00fcn t\u0259\u015fkil edirs\u0259, \u015eimal-C\u0259nub d\u0259hlizi \u00fcz\u0259rind\u0259n da\u015f\u0131malar 20-25 g\u00fcn \u0259rzind\u0259 h\u0259yata ke\u00e7irilir.<\/p>\n<p>\u0130lk m\u0259rh\u0259l\u0259d\u0259 Az\u0259rbaycan \u0259razisind\u0259n h\u0259r\u0259k\u0259t ed\u0259c\u0259k g\u00f6zl\u0259nil\u0259n y\u00fck n\u0259qliyyat\u0131 d\u00f6vr\u00fc 3 mln. ton, ikinci m\u0259rh\u0259l\u0259d\u0259 &#8211; 5-8 mln. ton, \u00fc\u00e7\u00fcnc\u00fc m\u0259rh\u0259l\u0259d\u0259 is\u0259 15 mln. ton t\u0259\u015fkil edir.<\/p>\n<p><strong>N\u0259qliyyat d\u0259hlizi Baltik d\u0259nizi &#8211; Rusiya &#8211; Az\u0259rbaycan &#8211; Hindistan mar\u015frutu \u00fcz\u0259rind\u0259n ke\u00e7ir.<\/strong><\/p>\n<p><strong><img loading=\"lazy\" src=\"https:\/\/cdn.musavat.com\/news\/thumbnails\/8d443ab8114e7a20a5f93b3f85133243.jpg\" width=\"791\" height=\"527\" \/><\/strong><\/p>\n<p><strong>Az\u0259r H\u00fcseynov\u00a0<\/strong><\/p>\n<p>A\u011e Partiya ba\u015fqan\u0131n\u0131n m\u00fc\u015faviri, siyasi \u015f\u0259rh\u00e7i Az\u0259r H\u00fcseynov Rusiyan\u0131n n\u0259h\u0259ng bir bazar oldu\u011funu bildirdi: \u201cAz\u0259rbaycan tranzit qov\u015fa\u011f\u0131nda yerl\u0259\u015fir. Bu n\u0259qliyyat d\u0259hlizi\u00a0 \u00f6lk\u0259miz \u00fc\u00e7\u00fcn \u00e7ox \u0259h\u0259miyy\u0259tlidir. Bununla Az\u0259rbaycan beyn\u0259lxalq ticar\u0259t v\u0259 y\u00fckda\u015f\u0131malarda x\u00fcsusi rol oynaya bil\u0259r. Rusiya bazar\u0131n\u0131n h\u0259cmin\u0259 bax\u0131n. Eynil\u0259 c\u0259nubda \u0130ran bazar\u0131n\u0131n v\u0259 dig\u0259r \u00f6lk\u0259l\u0259rin tutumuna bax\u0131n. Bu g\u00fcn bir s\u0131ra Q\u0259rb \u015firk\u0259tl\u0259ri art\u0131q Rusiyaya qay\u0131tmaq ist\u0259yirl\u0259r. \u00c7\u00fcnki Rusiya n\u0259h\u0259ng bir bazard\u0131r. Eyni zamanda \u0130ran da, c\u0259nubdak\u0131 dig\u0259r \u00f6lk\u0259l\u0259r d\u0259. Bu bilirsiniz n\u0259 dem\u0259kdir? Bu, y\u00fck da\u015f\u0131nma h\u0259cminin g\u0259l\u0259c\u0259kd\u0259 \u00e7oxlu\u011fu dem\u0259kdir. Y\u00fckl\u0259rin \u00e7oxlu\u011fu is\u0259 tranzit x\u0259rcl\u0259rinin v\u0259 \u00f6d\u0259ni\u015fl\u0259rinin \u00e7oxlu\u011fu dem\u0259kdir. M\u0259hz bu, qeyd edil\u0259n istiqam\u0259tin bizim \u00fc\u00e7\u00fcn iqtisadi faydas\u0131d\u0131r. T\u0259hl\u00fck\u0259sizlik faydas\u0131 n\u0259dir? Rusiya v\u0259 \u0130ran\u0131n m\u00fcasir beyn\u0259lxalq m\u00fcnasib\u0259tl\u0259r sistemind\u0259 bir-birin\u0259 ciddi ehtiyac\u0131 vard\u0131r. H\u0259r iki d\u00f6vl\u0259tin Q\u0259rbl\u0259 probleml\u0259ri vard\u0131r. El\u0259 bizim d\u0259 Q\u0259rbl\u0259 m\u00fcnasib\u0259tl\u0259rimiz sabit deyildir. Q\u0259rb bizd\u0259n neft-qaz idxal etm\u0259sin\u0259 baxmayaraq, biz\u0259 qar\u015f\u0131 zaman-zaman Erm\u0259nistan\u0131n yan\u0131nda oldu\u011funu g\u00f6st\u0259rir. Biz\u0259 qar\u015f\u0131 sanksiya q\u0259bul etm\u0259kd\u0259n dan\u0131\u015f\u0131r. H\u0259tta Erm\u0259nistana silah da verir. Bel\u0259 bir ortamda Az\u0259rbaycan \u0130rana da, Rusiyaya da bir \u0259laq\u0259l\u0259ndirici kimi laz\u0131md\u0131r. Az\u0259rbaycana da bu laz\u0131md\u0131r. Az\u0259rbaycan \u0259slind\u0259 yen\u0259 d\u0259 balansla\u015fma siyas\u0259tin\u0259 ke\u00e7ir. Ham\u0131 il\u0259 qar\u015f\u0131l\u0131ql\u0131 maraqlar \u0259sas\u0131nda t\u0259r\u0259fda\u015fl\u0131q m\u00fcnasib\u0259tl\u0259rind\u0259 maraql\u0131d\u0131r. N\u0259 \u00fc\u00e7\u00fcn? Az\u0259rbaycan art\u0131q bir vasit\u0259\u00e7i kimi \u00e7\u0131x\u0131\u015f ed\u0259 bilir. Bel\u0259 ki, Az\u0259rbaycan T\u00fcrkiy\u0259 il\u0259 m\u00fctt\u0259fiqdir. T\u00fcrkiy\u0259nin birba\u015fa \u00fcnsiyy\u0259t\u0259 girm\u0259kd\u0259 problemi olan \u00f6lk\u0259l\u0259r vard\u0131r. Tutaq ki, \u0130srail. Az\u0259rbaycan is\u0259 \u0130sraill\u0259 t\u0259r\u0259fda\u015fd\u0131r. Laz\u0131m olanda Az\u0259rbaycan m\u00fc\u0259yy\u0259n m\u0259s\u0259l\u0259l\u0259rd\u0259 vasit\u0259\u00e7i ola bil\u0259r. Biz \u0259razi olaraq\u00a0 n\u0259h\u0259ngl\u0259rin ortas\u0131nday\u0131q. Ona g\u00f6r\u0259 d\u0259 biz\u0259 mobillik v\u0259 \u015f\u0259b\u0259k\u0259l\u0259rd\u0259, y\u0259ni tranzit qov\u015faqlar\u0131nda i\u015ftirak \u00e7ox laz\u0131md\u0131r. Bu h\u0259m d\u0259 bizim \u00f6z\u00fcm\u00fcz\u00fcn mal v\u0259 xidm\u0259tl\u0259rimizin h\u0259r\u0259k\u0259ti \u00fc\u00e7\u00fcn z\u0259min formala\u015fd\u0131r\u0131r. Diversifikasiya edilmi\u015f mar\u015frutlar\u0131n varl\u0131\u011f\u0131 bizim \u00fc\u00e7\u00fcn d\u0259 \u00f6n\u0259mlidir\u201d.<\/p>\n<p><img loading=\"lazy\" src=\"https:\/\/stm.az\/storage\/writer\/1638858573.263749188_960350364578996_8456581009528294572_n.jpg\" alt=\"AB\u015e-\u0131n Ukrayna \u00fc\u00e7\u00fcn lend-liz qanunu q\u00fcvv\u0259y\u0259 mindi \u2013 m\u00fcharib\u0259 sonuncu fazaya  ke\u00e7di\" width=\"768\" height=\"1014\" \/><\/p>\n<p><strong>\u015e\u0259hla C\u0259lilzad\u0259<\/strong><\/p>\n<p><strong>Beyn\u0259lxalq m\u00fcnasib\u0259tl\u0259r \u00fczr\u0259 \u015f\u0259rh\u00e7i \u015e\u0259hla C\u0259lilzad\u0259 \u0130ran\u0131n m\u00fctl\u0259q \u015f\u0259kild\u0259 \u0130srail\u0259 cavab ver\u0259c\u0259yini proqnozla\u015fd\u0131r\u0131r:<\/strong>\u00a0\u201c\u0130ran-\u0130srail aras\u0131nda h\u0259rbi eskalasiya sad\u0259c\u0259 regional deyil, qlobal t\u0259hl\u00fck\u0259sizlik bax\u0131m\u0131ndan m\u00fch\u00fcm \u00e7a\u011f\u0131r\u0131\u015flar do\u011furur. R\u0259smi Bak\u0131 is\u0259 h\u0259r zaman \u0259n k\u0259skin m\u00f6vqe f\u0259rql\u0259ri olan t\u0259r\u0259fl\u0259rin dan\u0131\u015f\u0131qlar apararaq ortaq m\u0259xr\u0259c\u0259 g\u0259lm\u0259si \u00fc\u00e7\u00fcn faydal\u0131 g\u00fcz\u0259rgah olub. 2019-cu ild\u0259 NATO v\u0259 Rusiya generallar\u0131 Kurtis v\u0259 Gerasimovun Bak\u0131 g\u00f6r\u00fc\u015f\u00fcn\u00fc, \u0130srail v\u0259 T\u00fcrkiy\u0259 aras\u0131nda bir zamanlar m\u00f6vcud g\u0259rginliyin azald\u0131lmas\u0131nda Bak\u0131n\u0131n bar\u0131\u015fd\u0131r\u0131c\u0131 rolunu (haz\u0131rda bu iki d\u00f6vl\u0259t aras\u0131nda m\u00fcnasib\u0259tl\u0259r yen\u0259 pozulmu\u015fdur v\u0259 Az\u0259rbaycan-T\u00fcrkiy\u0259 siyas\u0259tl\u0259ri \u0130srail m\u0259s\u0259l\u0259sind\u0259 art\u0131q uzla\u015fm\u0131rsa da) xat\u0131rlatmaq yerin\u0259 d\u00fc\u015f\u0259r. Haz\u0131rda \u0130srail-\u0130ran g\u0259rginliyi fonunda yen\u0259 Bak\u0131 m\u00fch\u00fcm g\u00fcz\u0259rgah olaraq diqq\u0259t m\u0259rk\u0259zind\u0259dir. Bunun bir s\u0131ra s\u0259b\u0259bl\u0259ri var: 1) Az\u0259rbaycan\u0131n h\u0259m \u0130ran, h\u0259m d\u0259 \u0130sraill\u0259 ciddi \u0259m\u0259kda\u015fl\u0131\u011f\u0131 vard\u0131r. 22 fevral 2022-ci il tarixli Moskva b\u0259yannam\u0259si il\u0259 Az\u0259rbaycan v\u0259 Rusiya m\u00fch\u00fcm geosiyasi v\u0259 geostrateji m\u0259s\u0259l\u0259l\u0259rd\u0259 uzla\u015fd\u0131r\u0131c\u0131 dan\u0131\u015f\u0131qlar aparma\u011f\u0131 \u00f6hd\u0259sin\u0259 g\u00f6t\u00fcr\u00fcbl\u0259r. 2) Az\u0259rbaycan-Rusiya-\u0130ran aras\u0131nda \u015eimal-C\u0259nub d\u0259hlizinin a\u00e7\u0131lmas\u0131 il\u0259 ba\u011fl\u0131 ortaq m\u00f6vqe v\u0259 m\u00fcvafiq raz\u0131la\u015fmalar \u0259ld\u0259 olunub ki, h\u0259rbi eskalasiya, C\u0259nubda yeni m\u00fcharib\u0259 bu d\u0259hlizin g\u0259l\u0259c\u0259yini t\u0259hl\u00fck\u0259y\u0259 ata bil\u0259r. M\u00fcqayis\u0259, Rusiya-Ukrayna m\u00fcharib\u0259si Rusiyadan Ukrayna vasit\u0259sil\u0259 Avropaya ged\u0259n enerji v\u0259 ticari yollar\u0131n ba\u011flanmas\u0131 il\u0259 n\u0259tic\u0259l\u0259ndi. Odur ki, Rusiyan\u0131n maraqlar\u0131 b\u00f6lg\u0259d\u0259 yeni m\u00fcharib\u0259d\u0259n yay\u0131nmaq, deskalasiyaya nail olmaqd\u0131r. Lakin n\u0259z\u0259r\u0259 alaq ki, b\u00fct\u00fcn bunlar \u0130srailin 1 apreld\u0259 \u0130ran konsullu\u011funa h\u00fccumu v\u0259 \u0130ran\u0131n ilk d\u0259f\u0259 \u00f6z \u0259razisind\u0259n cavab h\u00fccumlar\u0131 il\u0259 m\u00fc\u015fayi\u0259t olundu. O zaman da 7 SEPAH r\u0259smisi, o c\u00fcml\u0259d\u0259n 2 general \u00f6ld\u00fcr\u00fclm\u00fc\u015fd\u00fc, bu d\u0259f\u0259 d\u0259 Haniy\u0259nin \u00f6l\u00fcm\u00fc \u0130ran \u00fc\u00e7\u00fcn q\u0131rm\u0131z\u0131 \u00e7izgil\u0259rin ke\u00e7ilm\u0259sidir. Xat\u0131rlayaq ki, 27 sentyabra bizi s\u00f6vq ed\u0259n q\u0259hr\u0259man general\u0131m\u0131z Polad H\u0259\u015fimovun \u00f6ld\u00fcr\u00fclm\u0259si idi. Y\u0259ni h\u0259rbi v\u0259 siyasi liderl\u0259r\u0259 qar\u015f\u0131 a\u00e7\u0131q v\u0259 birba\u015fa h\u00fccumlar c\u0259zas\u0131z qalm\u0131r. Odur ki, \u0130ran da m\u00fctl\u0259q \u015f\u0259kild\u0259 \u0130srail\u0259 cavab h\u00fccumu ed\u0259c\u0259k. Lakin b\u00fct\u00fcn qlobal vasit\u0259\u00e7il\u0259r bu h\u00fccumun daha lokal olmas\u0131, regional alovlanmaya s\u0259b\u0259biyy\u0259t ver\u0259c\u0259k q\u0259d\u0259r b\u00f6y\u00fck olmamas\u0131 y\u00f6n\u00fcnd\u0259 t\u0259lqinl\u0259rd\u0259 bulunmaqdad\u0131r\u201d.<\/p>\n<p><strong>Cavan\u015fir ABBASLI,<br \/>\n\u201cYeni M\u00fcsavat\u201d<\/strong><\/p>\n","protected":false},"excerpt":{"rendered":"<p>\u015eoyqunu m\u00fc\u015fayi\u0259t ed\u0259n \u015f\u0259xsl\u0259r aras\u0131nda\u00a0 \u0130qor Levitinin d\u0259 olmas\u0131na s\u0259b\u0259b&#8230; Rusiya T\u0259hl\u00fck\u0259sizlik \u015euras\u0131n\u0131n katibi Sergey \u015eoyqunun v\u0259 onu m\u00fc\u015fayi\u0259t ed\u0259n \u015f\u0259xsl\u0259rin &#8211; xarici i\u015fl\u0259r nazirinin m\u00fcavini Mixail Qaluzinl\u0259 b\u0259rab\u0259r prezident Putinin k\u00f6m\u0259k\u00e7isi \u0130qor Levitinin d\u0259 olmas\u0131 bu \u00f6lk\u0259nin medias\u0131nda ciddi m\u00fczakir\u0259 m\u00f6vzusudur.\u00a0 Bildirilir ki, \u0130qor Levitinin Bak\u0131dak\u0131 dan\u0131\u015f\u0131qlarda yer almas\u0131 \u015eimal-C\u0259nub N\u0259qliyyat D\u0259hlizinin \u0259sas m\u00fczakir\u0259 m\u00f6vzular\u0131ndan biri oldu\u011funa \u015f\u00fcbh\u0259 yeri qoymur. \u00c7\u00fcnki Rusiya prezidentinin k\u00f6m\u0259k\u00e7isi m\u0259hz bu mar\u015frut \u00fczr\u0259 dan\u0131\u015f\u0131qlar \u00fc\u00e7\u00fcn g\u00f6r\u0259vl\u0259ndirilib, o, daha \u0259vv\u0259l d\u0259 Bak\u0131da bu m\u00f6vzuda m\u00fczakir\u0259l\u0259r apar\u0131b. \u00a0 \u00a0 \u201cVedemosti\u201d n\u0259\u015fri yaz\u0131r ki, Rusiya v\u0259 Az\u0259rbaycan&hellip;<\/p>\n","protected":false},"author":2,"featured_media":743258,"comment_status":"closed","ping_status":"closed","sticky":false,"template":"","format":"standard","meta":{"om_disable_all_campaigns":false,"_monsterinsights_skip_tracking":false,"_monsterinsights_sitenote_active":false,"_monsterinsights_sitenote_note":"","_monsterinsights_sitenote_category":0},"categories":[4],"tags":[],"aioseo_notices":[],"gutentor_comment":0,"rttpg_featured_image_url":{"full":["https:\/\/arantv.az\/wp-content\/uploads\/2024\/08\/7e086b7cd52248e9b0195ffa11e8fcac.jpg",850,500,false],"landscape":["https:\/\/arantv.az\/wp-content\/uploads\/2024\/08\/7e086b7cd52248e9b0195ffa11e8fcac.jpg",850,500,false],"portraits":["https:\/\/arantv.az\/wp-content\/uploads\/2024\/08\/7e086b7cd52248e9b0195ffa11e8fcac.jpg",850,500,false],"thumbnail":["https:\/\/arantv.az\/wp-content\/uploads\/2024\/08\/7e086b7cd52248e9b0195ffa11e8fcac-500x280.jpg",500,280,true],"medium":["https:\/\/arantv.az\/wp-content\/uploads\/2024\/08\/7e086b7cd52248e9b0195ffa11e8fcac-621x365.jpg",621,365,true],"large":["https:\/\/arantv.az\/wp-content\/uploads\/2024\/08\/7e086b7cd52248e9b0195ffa11e8fcac-840x494.jpg",640,376,true],"1536x1536":["https:\/\/arantv.az\/wp-content\/uploads\/2024\/08\/7e086b7cd52248e9b0195ffa11e8fcac.jpg",850,500,false],"2048x2048":["https:\/\/arantv.az\/wp-content\/uploads\/2024\/08\/7e086b7cd52248e9b0195ffa11e8fcac.jpg",850,500,false],"post-thumbnail":["https:\/\/arantv.az\/wp-content\/uploads\/2024\/08\/7e086b7cd52248e9b0195ffa11e8fcac-240x172.jpg",240,172,true],"advps-thumb-one":["https:\/\/arantv.az\/wp-content\/uploads\/2024\/08\/7e086b7cd52248e9b0195ffa11e8fcac.jpg",850,500,false]},"rttpg_author":{"display_name":"V\u00fcsal Rafiqo\u011flu","author_link":"https:\/\/arantv.az\/?author=2"},"rttpg_comment":0,"rttpg_category":"<a href=\"https:\/\/arantv.az\/?cat=4\" rel=\"category\">Siyas\u0259t<\/a>","rttpg_excerpt":"\u015eoyqunu m\u00fc\u015fayi\u0259t ed\u0259n \u015f\u0259xsl\u0259r aras\u0131nda\u00a0 \u0130qor Levitinin d\u0259 olmas\u0131na s\u0259b\u0259b&#8230; Rusiya T\u0259hl\u00fck\u0259sizlik \u015euras\u0131n\u0131n katibi Sergey \u015eoyqunun v\u0259 onu m\u00fc\u015fayi\u0259t ed\u0259n \u015f\u0259xsl\u0259rin &#8211; xarici i\u015fl\u0259r nazirinin m\u00fcavini Mixail Qaluzinl\u0259 b\u0259rab\u0259r prezident Putinin k\u00f6m\u0259k\u00e7isi \u0130qor Levitinin d\u0259 olmas\u0131 bu \u00f6lk\u0259nin medias\u0131nda ciddi m\u00fczakir\u0259 m\u00f6vzusudur.\u00a0 Bildirilir ki, \u0130qor Levitinin Bak\u0131dak\u0131 dan\u0131\u015f\u0131qlarda yer almas\u0131 \u015eimal-C\u0259nub N\u0259qliyyat D\u0259hlizinin \u0259sas m\u00fczakir\u0259&hellip;","_links":{"self":[{"href":"https:\/\/arantv.az\/index.php?rest_route=\/wp\/v2\/posts\/743257"}],"collection":[{"href":"https:\/\/arantv.az\/index.php?rest_route=\/wp\/v2\/posts"}],"about":[{"href":"https:\/\/arantv.az\/index.php?rest_route=\/wp\/v2\/types\/post"}],"author":[{"embeddable":true,"href":"https:\/\/arantv.az\/index.php?rest_route=\/wp\/v2\/users\/2"}],"replies":[{"embeddable":true,"href":"https:\/\/arantv.az\/index.php?rest_route=%2Fwp%2Fv2%2Fcomments&post=743257"}],"version-history":[{"count":1,"href":"https:\/\/arantv.az\/index.php?rest_route=\/wp\/v2\/posts\/743257\/revisions"}],"predecessor-version":[{"id":743259,"href":"https:\/\/arantv.az\/index.php?rest_route=\/wp\/v2\/posts\/743257\/revisions\/743259"}],"wp:featuredmedia":[{"embeddable":true,"href":"https:\/\/arantv.az\/index.php?rest_route=\/wp\/v2\/media\/743258"}],"wp:attachment":[{"href":"https:\/\/arantv.az\/index.php?rest_route=%2Fwp%2Fv2%2Fmedia&parent=743257"}],"wp:term":[{"taxonomy":"category","embeddable":true,"href":"https:\/\/arantv.az\/index.php?rest_route=%2Fwp%2Fv2%2Fcategories&post=743257"},{"taxonomy":"post_tag","embeddable":true,"href":"https:\/\/arantv.az\/index.php?rest_route=%2Fwp%2Fv2%2Ftags&post=743257"}],"curies":[{"name":"wp","href":"https:\/\/api.w.org\/{rel}","templated":true}]}}