{"id":743271,"date":"2024-08-09T10:37:56","date_gmt":"2024-08-09T06:37:56","guid":{"rendered":"https:\/\/arantv.az\/?p=743271"},"modified":"2024-08-09T10:37:56","modified_gmt":"2024-08-09T06:37:56","slug":"razi-nurullayev-qanunlari-pozaraq-secicil%c9%99r%c9%99-sirnikl%c9%99ndirici-v%c9%99dl%c9%99r-verib-video","status":"publish","type":"post","link":"https:\/\/arantv.az\/?p=743271","title":{"rendered":"Razi Nurullayev qanunlar\u0131 pozaraq se\u00e7icil\u0259r\u0259 \u015firnikl\u0259ndirici v\u0259dl\u0259r verib? &#8211; V\u0130DEO"},"content":{"rendered":"<p>Milli M\u0259clisin VI \u00e7a\u011f\u0131r\u0131\u015f deputat\u0131, 81 sayl\u0131 \u0130mi\u015fli se\u00e7ki dair\u0259sind\u0259n deputatl\u0131\u011fa namiz\u0259dliyini ir\u0259li s\u00fcrm\u00fc\u015f Milli C\u0259bh\u0259 Partiyas\u0131n\u0131n s\u0259dri Razi Nurullayev kampaniya ba\u015flamam\u0131\u015f qanunsuz olaraq t\u0259bli\u011fat i\u015fl\u0259rin\u0259 start verib.<\/p>\n<p>Razi Nurullayev se\u00e7icil\u0259rl\u0259 g\u00f6r\u00fc\u015f ke\u00e7ir\u0259r\u0259k, t\u0259bli\u011fat\u0131n\u0131 apar\u0131b.<\/p>\n<p>Razi Nurullayev Az\u0259rbaycan Respublikas\u0131 Se\u00e7ki M\u0259c\u0259ll\u0259sibin t\u0259l\u0259bl\u0259ribi kobud \u015f\u0259kild\u0259 pozaraq, se\u00e7icil\u0259r\u0259 \u015firnikl\u0259ndirici v\u0259dl\u0259r d\u0259 verib.<\/p>\n<p>Razi Nurullayev bu bar\u0259d\u0259 g\u00f6r\u00fcnt\u00fcl\u0259rini d\u0259 sosial \u015f\u0259b\u0259k\u0259 hesablar\u0131nda payla\u015fmaqdan \u00e7\u0259kinm\u0259yib.<\/p>\n<p>Xat\u0131rladaq ki, sentyabr\u0131n 1-d\u0259 ba\u015f tutacaq n\u00f6vb\u0259d\u0259nk\u0259nar parlament se\u00e7kil\u0259rind\u0259 namiz\u0259dl\u0259rin t\u0259bli\u011fat-t\u0259\u015fviqat kampaniyas\u0131na avqustun 9-dan start verilir.\/Demokrat.az<\/p>\n<div class=\"embed-responsive embed-responsive-16by9\"><iframe loading=\"lazy\" id=\"nmqembedid\" class=\"embed-responsive-item\" title=\"video player\" src=\"https:\/\/www.youtube.com\/embed\/9Az_r0or6BY?rel=0&amp;wmode=transparent\" width=\"600\" height=\"340\" frameborder=\"0\" scrolling=\"no\" allowfullscreen=\"allowfullscreen\" data-mce-fragment=\"1\"><\/iframe><\/div>\n<div class=\"AdviadNativeVideo\"><\/div>\n","protected":false},"excerpt":{"rendered":"<p>Milli M\u0259clisin VI \u00e7a\u011f\u0131r\u0131\u015f deputat\u0131, 81 sayl\u0131 \u0130mi\u015fli se\u00e7ki dair\u0259sind\u0259n deputatl\u0131\u011fa namiz\u0259dliyini ir\u0259li s\u00fcrm\u00fc\u015f Milli C\u0259bh\u0259 Partiyas\u0131n\u0131n s\u0259dri Razi Nurullayev kampaniya ba\u015flamam\u0131\u015f qanunsuz olaraq t\u0259bli\u011fat i\u015fl\u0259rin\u0259 start verib. Razi Nurullayev se\u00e7icil\u0259rl\u0259 g\u00f6r\u00fc\u015f ke\u00e7ir\u0259r\u0259k, t\u0259bli\u011fat\u0131n\u0131 apar\u0131b. Razi Nurullayev Az\u0259rbaycan Respublikas\u0131 Se\u00e7ki M\u0259c\u0259ll\u0259sibin t\u0259l\u0259bl\u0259ribi kobud \u015f\u0259kild\u0259 pozaraq, se\u00e7icil\u0259r\u0259 \u015firnikl\u0259ndirici v\u0259dl\u0259r d\u0259 verib. Razi Nurullayev bu bar\u0259d\u0259 g\u00f6r\u00fcnt\u00fcl\u0259rini d\u0259 sosial \u015f\u0259b\u0259k\u0259 hesablar\u0131nda payla\u015fmaqdan \u00e7\u0259kinm\u0259yib. Xat\u0131rladaq ki, sentyabr\u0131n 1-d\u0259 ba\u015f tutacaq n\u00f6vb\u0259d\u0259nk\u0259nar parlament se\u00e7kil\u0259rind\u0259 namiz\u0259dl\u0259rin t\u0259bli\u011fat-t\u0259\u015fviqat kampaniyas\u0131na avqustun 9-dan start verilir.\/Demokrat.az<\/p>\n","protected":false},"author":2,"featured_media":743272,"comment_status":"closed","ping_status":"closed","sticky":false,"template":"","format":"standard","meta":{"om_disable_all_campaigns":false,"_monsterinsights_skip_tracking":false,"_monsterinsights_sitenote_active":false,"_monsterinsights_sitenote_note":"","_monsterinsights_sitenote_category":0},"categories":[1],"tags":[],"aioseo_notices":[],"gutentor_comment":0,"rttpg_featured_image_url":{"full":["https:\/\/arantv.az\/wp-content\/uploads\/2024\/08\/razi_31723184256.png",650,427,false],"landscape":["https:\/\/arantv.az\/wp-content\/uploads\/2024\/08\/razi_31723184256.png",650,427,false],"portraits":["https:\/\/arantv.az\/wp-content\/uploads\/2024\/08\/razi_31723184256.png",650,427,false],"thumbnail":["https:\/\/arantv.az\/wp-content\/uploads\/2024\/08\/razi_31723184256-500x280.png",500,280,true],"medium":["https:\/\/arantv.az\/wp-content\/uploads\/2024\/08\/razi_31723184256-556x365.png",556,365,true],"large":["https:\/\/arantv.az\/wp-content\/uploads\/2024\/08\/razi_31723184256.png",640,420,false],"1536x1536":["https:\/\/arantv.az\/wp-content\/uploads\/2024\/08\/razi_31723184256.png",650,427,false],"2048x2048":["https:\/\/arantv.az\/wp-content\/uploads\/2024\/08\/razi_31723184256.png",650,427,false],"post-thumbnail":["https:\/\/arantv.az\/wp-content\/uploads\/2024\/08\/razi_31723184256-240x172.png",240,172,true],"advps-thumb-one":["https:\/\/arantv.az\/wp-content\/uploads\/2024\/08\/razi_31723184256.png",650,427,false]},"rttpg_author":{"display_name":"V\u00fcsal Rafiqo\u011flu","author_link":"https:\/\/arantv.az\/?author=2"},"rttpg_comment":0,"rttpg_category":"<a href=\"https:\/\/arantv.az\/?cat=1\" rel=\"category\">C\u0259miyy\u0259t<\/a>","rttpg_excerpt":"Milli M\u0259clisin VI \u00e7a\u011f\u0131r\u0131\u015f deputat\u0131, 81 sayl\u0131 \u0130mi\u015fli se\u00e7ki dair\u0259sind\u0259n deputatl\u0131\u011fa namiz\u0259dliyini ir\u0259li s\u00fcrm\u00fc\u015f Milli C\u0259bh\u0259 Partiyas\u0131n\u0131n s\u0259dri Razi Nurullayev kampaniya ba\u015flamam\u0131\u015f qanunsuz olaraq t\u0259bli\u011fat i\u015fl\u0259rin\u0259 start verib. Razi Nurullayev se\u00e7icil\u0259rl\u0259 g\u00f6r\u00fc\u015f ke\u00e7ir\u0259r\u0259k, t\u0259bli\u011fat\u0131n\u0131 apar\u0131b. Razi Nurullayev Az\u0259rbaycan Respublikas\u0131 Se\u00e7ki M\u0259c\u0259ll\u0259sibin t\u0259l\u0259bl\u0259ribi kobud \u015f\u0259kild\u0259 pozaraq, se\u00e7icil\u0259r\u0259 \u015firnikl\u0259ndirici v\u0259dl\u0259r d\u0259 verib. Razi Nurullayev bu bar\u0259d\u0259 g\u00f6r\u00fcnt\u00fcl\u0259rini&hellip;","_links":{"self":[{"href":"https:\/\/arantv.az\/index.php?rest_route=\/wp\/v2\/posts\/743271"}],"collection":[{"href":"https:\/\/arantv.az\/index.php?rest_route=\/wp\/v2\/posts"}],"about":[{"href":"https:\/\/arantv.az\/index.php?rest_route=\/wp\/v2\/types\/post"}],"author":[{"embeddable":true,"href":"https:\/\/arantv.az\/index.php?rest_route=\/wp\/v2\/users\/2"}],"replies":[{"embeddable":true,"href":"https:\/\/arantv.az\/index.php?rest_route=%2Fwp%2Fv2%2Fcomments&post=743271"}],"version-history":[{"count":1,"href":"https:\/\/arantv.az\/index.php?rest_route=\/wp\/v2\/posts\/743271\/revisions"}],"predecessor-version":[{"id":743273,"href":"https:\/\/arantv.az\/index.php?rest_route=\/wp\/v2\/posts\/743271\/revisions\/743273"}],"wp:featuredmedia":[{"embeddable":true,"href":"https:\/\/arantv.az\/index.php?rest_route=\/wp\/v2\/media\/743272"}],"wp:attachment":[{"href":"https:\/\/arantv.az\/index.php?rest_route=%2Fwp%2Fv2%2Fmedia&parent=743271"}],"wp:term":[{"taxonomy":"category","embeddable":true,"href":"https:\/\/arantv.az\/index.php?rest_route=%2Fwp%2Fv2%2Fcategories&post=743271"},{"taxonomy":"post_tag","embeddable":true,"href":"https:\/\/arantv.az\/index.php?rest_route=%2Fwp%2Fv2%2Ftags&post=743271"}],"curies":[{"name":"wp","href":"https:\/\/api.w.org\/{rel}","templated":true}]}}