{"id":743369,"date":"2024-08-09T13:43:59","date_gmt":"2024-08-09T09:43:59","guid":{"rendered":"https:\/\/arantv.az\/?p=743369"},"modified":"2024-08-09T13:43:59","modified_gmt":"2024-08-09T09:43:59","slug":"ilham-%c9%99liyev-astanada-ozb%c9%99kistan-prezidentinin-t%c9%99ltif-olunmasi-m%c9%99rasimind%c9%99-istirak-edib","status":"publish","type":"post","link":"https:\/\/arantv.az\/?p=743369","title":{"rendered":"\u0130lham \u018fliyev Astanada \u00d6zb\u0259kistan Prezidentinin t\u0259ltif olunmas\u0131 m\u0259rasimind\u0259 i\u015ftirak edib"},"content":{"rendered":"<p><strong>Avqustun 9-da Astanada \u00d6zb\u0259kistan Respublikas\u0131n\u0131n Prezidenti \u015eavkat Mirziyoyev\u0259 &#8220;M\u0259rk\u0259zi Asiya D\u00f6vl\u0259t Ba\u015f\u00e7\u0131lar\u0131n\u0131n F\u0259xri ni\u015fan\u0131&#8221;n\u0131n t\u0259nt\u0259n\u0259li t\u0259qdim edilm\u0259si m\u0259rasimi ke\u00e7irilib.<\/strong><\/p>\n<p><strong>ARANTV.AZ <\/strong>\u00a0x\u0259b\u0259r verir ki, Az\u0259rbaycan Respublikas\u0131n\u0131n Prezidenti \u0130lham \u018fliyev v\u0259 dig\u0259r d\u00f6vl\u0259t ba\u015f\u00e7\u0131lar\u0131 t\u0259dbird\u0259 i\u015ftirak edibl\u0259r.<\/p>\n","protected":false},"excerpt":{"rendered":"<p>Avqustun 9-da Astanada \u00d6zb\u0259kistan Respublikas\u0131n\u0131n Prezidenti \u015eavkat Mirziyoyev\u0259 &#8220;M\u0259rk\u0259zi Asiya D\u00f6vl\u0259t Ba\u015f\u00e7\u0131lar\u0131n\u0131n F\u0259xri ni\u015fan\u0131&#8221;n\u0131n t\u0259nt\u0259n\u0259li t\u0259qdim edilm\u0259si m\u0259rasimi ke\u00e7irilib. ARANTV.AZ \u00a0x\u0259b\u0259r verir ki, Az\u0259rbaycan Respublikas\u0131n\u0131n Prezidenti \u0130lham \u018fliyev v\u0259 dig\u0259r d\u00f6vl\u0259t ba\u015f\u00e7\u0131lar\u0131 t\u0259dbird\u0259 i\u015ftirak edibl\u0259r.<\/p>\n","protected":false},"author":2,"featured_media":743370,"comment_status":"closed","ping_status":"closed","sticky":false,"template":"","format":"standard","meta":{"om_disable_all_campaigns":false,"_monsterinsights_skip_tracking":false,"_monsterinsights_sitenote_active":false,"_monsterinsights_sitenote_note":"","_monsterinsights_sitenote_category":0},"categories":[4],"tags":[],"aioseo_notices":[],"gutentor_comment":0,"rttpg_featured_image_url":{"full":["https:\/\/arantv.az\/wp-content\/uploads\/2024\/08\/45894497038c0018499d3b182c244423.jpg",850,500,false],"landscape":["https:\/\/arantv.az\/wp-content\/uploads\/2024\/08\/45894497038c0018499d3b182c244423.jpg",850,500,false],"portraits":["https:\/\/arantv.az\/wp-content\/uploads\/2024\/08\/45894497038c0018499d3b182c244423.jpg",850,500,false],"thumbnail":["https:\/\/arantv.az\/wp-content\/uploads\/2024\/08\/45894497038c0018499d3b182c244423-500x280.jpg",500,280,true],"medium":["https:\/\/arantv.az\/wp-content\/uploads\/2024\/08\/45894497038c0018499d3b182c244423-621x365.jpg",621,365,true],"large":["https:\/\/arantv.az\/wp-content\/uploads\/2024\/08\/45894497038c0018499d3b182c244423-840x494.jpg",640,376,true],"1536x1536":["https:\/\/arantv.az\/wp-content\/uploads\/2024\/08\/45894497038c0018499d3b182c244423.jpg",850,500,false],"2048x2048":["https:\/\/arantv.az\/wp-content\/uploads\/2024\/08\/45894497038c0018499d3b182c244423.jpg",850,500,false],"post-thumbnail":["https:\/\/arantv.az\/wp-content\/uploads\/2024\/08\/45894497038c0018499d3b182c244423-240x172.jpg",240,172,true],"advps-thumb-one":["https:\/\/arantv.az\/wp-content\/uploads\/2024\/08\/45894497038c0018499d3b182c244423.jpg",850,500,false]},"rttpg_author":{"display_name":"V\u00fcsal Rafiqo\u011flu","author_link":"https:\/\/arantv.az\/?author=2"},"rttpg_comment":0,"rttpg_category":"<a href=\"https:\/\/arantv.az\/?cat=4\" rel=\"category\">Siyas\u0259t<\/a>","rttpg_excerpt":"Avqustun 9-da Astanada \u00d6zb\u0259kistan Respublikas\u0131n\u0131n Prezidenti \u015eavkat Mirziyoyev\u0259 &#8220;M\u0259rk\u0259zi Asiya D\u00f6vl\u0259t Ba\u015f\u00e7\u0131lar\u0131n\u0131n F\u0259xri ni\u015fan\u0131&#8221;n\u0131n t\u0259nt\u0259n\u0259li t\u0259qdim edilm\u0259si m\u0259rasimi ke\u00e7irilib. ARANTV.AZ \u00a0x\u0259b\u0259r verir ki, Az\u0259rbaycan Respublikas\u0131n\u0131n Prezidenti \u0130lham \u018fliyev v\u0259 dig\u0259r d\u00f6vl\u0259t ba\u015f\u00e7\u0131lar\u0131 t\u0259dbird\u0259 i\u015ftirak edibl\u0259r.","_links":{"self":[{"href":"https:\/\/arantv.az\/index.php?rest_route=\/wp\/v2\/posts\/743369"}],"collection":[{"href":"https:\/\/arantv.az\/index.php?rest_route=\/wp\/v2\/posts"}],"about":[{"href":"https:\/\/arantv.az\/index.php?rest_route=\/wp\/v2\/types\/post"}],"author":[{"embeddable":true,"href":"https:\/\/arantv.az\/index.php?rest_route=\/wp\/v2\/users\/2"}],"replies":[{"embeddable":true,"href":"https:\/\/arantv.az\/index.php?rest_route=%2Fwp%2Fv2%2Fcomments&post=743369"}],"version-history":[{"count":2,"href":"https:\/\/arantv.az\/index.php?rest_route=\/wp\/v2\/posts\/743369\/revisions"}],"predecessor-version":[{"id":743372,"href":"https:\/\/arantv.az\/index.php?rest_route=\/wp\/v2\/posts\/743369\/revisions\/743372"}],"wp:featuredmedia":[{"embeddable":true,"href":"https:\/\/arantv.az\/index.php?rest_route=\/wp\/v2\/media\/743370"}],"wp:attachment":[{"href":"https:\/\/arantv.az\/index.php?rest_route=%2Fwp%2Fv2%2Fmedia&parent=743369"}],"wp:term":[{"taxonomy":"category","embeddable":true,"href":"https:\/\/arantv.az\/index.php?rest_route=%2Fwp%2Fv2%2Fcategories&post=743369"},{"taxonomy":"post_tag","embeddable":true,"href":"https:\/\/arantv.az\/index.php?rest_route=%2Fwp%2Fv2%2Ftags&post=743369"}],"curies":[{"name":"wp","href":"https:\/\/api.w.org\/{rel}","templated":true}]}}