{"id":743373,"date":"2024-08-09T13:45:37","date_gmt":"2024-08-09T09:45:37","guid":{"rendered":"https:\/\/arantv.az\/?p=743373"},"modified":"2024-08-09T13:45:37","modified_gmt":"2024-08-09T09:45:37","slug":"prezident-ilham-%c9%99liyev-astanada-muhum-gorusd%c9%99-cixis-edibfotoyenil%c9%99nib","status":"publish","type":"post","link":"https:\/\/arantv.az\/?p=743373","title":{"rendered":"Prezident \u0130lham \u018fliyev Astanada m\u00fch\u00fcm g\u00f6r\u00fc\u015fd\u0259 \u00e7\u0131x\u0131\u015f edibFOTOYEN\u0130L\u018fN\u0130B"},"content":{"rendered":"<p><strong>Az\u0259rbaycan Respublikas\u0131n\u0131n Prezidenti \u0130lham \u018fliyev avqustun 9-da Qazax\u0131stan\u0131n paytaxt\u0131 Astanada M\u0259rk\u0259zi Asiya v\u0259 Az\u0259rbaycan Respublikas\u0131n\u0131n D\u00f6vl\u0259t Ba\u015f\u00e7\u0131lar\u0131n\u0131n g\u00f6r\u00fc\u015f\u00fcnd\u0259 i\u015ftirak edib.<\/strong><\/p>\n<p><strong>ARANTV.AZ <\/strong>\u00a0x\u0259b\u0259r verir ki, Az\u0259rbaycan Prezidenti t\u0259dbird\u0259 \u00e7\u0131x\u0131\u015f edib.<\/p>\n<p>***<\/p>\n<p><strong>Az\u0259rbaycan Respublikas\u0131n\u0131n Prezidenti \u0130lham \u018fliyev M\u0259rk\u0259zi Asiya v\u0259 Az\u0259rbaycan Respublikas\u0131n\u0131n D\u00f6vl\u0259t Ba\u015f\u00e7\u0131lar\u0131n\u0131n Qazax\u0131stan\u0131n paytaxt\u0131 Astanada ke\u00e7iril\u0259n g\u00f6r\u00fc\u015f\u00fcnd\u0259 i\u015ftirak edir.<\/strong><\/p>\n<p><strong>ARANTV.AZ <\/strong>\u00a0x\u0259b\u0259r verir ki, bu bar\u0259d\u0259 Prezidentin M\u0259tbuat Xidm\u0259ti m\u0259lumat yay\u0131b.<\/p>\n<p><img src=\"https:\/\/images.oxu.az\/2024\/08\/09\/Gqu8SmqN3XCcA4GhIpNkieziE80s7yenpjjYt2Zc:1200.jpg\" \/><\/p>\n<p><img src=\"https:\/\/images.oxu.az\/2024\/08\/09\/bwOPGHxY9VbF3kEWGOd2CTmB1H0GMm60KB1nBArX:1200.jpg\" \/><\/p>\n","protected":false},"excerpt":{"rendered":"<p>Az\u0259rbaycan Respublikas\u0131n\u0131n Prezidenti \u0130lham \u018fliyev avqustun 9-da Qazax\u0131stan\u0131n paytaxt\u0131 Astanada M\u0259rk\u0259zi Asiya v\u0259 Az\u0259rbaycan Respublikas\u0131n\u0131n D\u00f6vl\u0259t Ba\u015f\u00e7\u0131lar\u0131n\u0131n g\u00f6r\u00fc\u015f\u00fcnd\u0259 i\u015ftirak edib. ARANTV.AZ \u00a0x\u0259b\u0259r verir ki, Az\u0259rbaycan Prezidenti t\u0259dbird\u0259 \u00e7\u0131x\u0131\u015f edib. *** Az\u0259rbaycan Respublikas\u0131n\u0131n Prezidenti \u0130lham \u018fliyev M\u0259rk\u0259zi Asiya v\u0259 Az\u0259rbaycan Respublikas\u0131n\u0131n D\u00f6vl\u0259t Ba\u015f\u00e7\u0131lar\u0131n\u0131n Qazax\u0131stan\u0131n paytaxt\u0131 Astanada ke\u00e7iril\u0259n g\u00f6r\u00fc\u015f\u00fcnd\u0259 i\u015ftirak edir. ARANTV.AZ \u00a0x\u0259b\u0259r verir ki, bu bar\u0259d\u0259 Prezidentin M\u0259tbuat Xidm\u0259ti m\u0259lumat yay\u0131b.<\/p>\n","protected":false},"author":2,"featured_media":743375,"comment_status":"closed","ping_status":"closed","sticky":false,"template":"","format":"standard","meta":{"om_disable_all_campaigns":false,"_monsterinsights_skip_tracking":false,"_monsterinsights_sitenote_active":false,"_monsterinsights_sitenote_note":"","_monsterinsights_sitenote_category":0},"categories":[4],"tags":[],"aioseo_notices":[],"gutentor_comment":0,"rttpg_featured_image_url":{"full":["https:\/\/arantv.az\/wp-content\/uploads\/2024\/08\/f8f5743398f6af37bc75b0c55d898280-1.jpg",870,500,false],"landscape":["https:\/\/arantv.az\/wp-content\/uploads\/2024\/08\/f8f5743398f6af37bc75b0c55d898280-1.jpg",870,500,false],"portraits":["https:\/\/arantv.az\/wp-content\/uploads\/2024\/08\/f8f5743398f6af37bc75b0c55d898280-1.jpg",870,500,false],"thumbnail":["https:\/\/arantv.az\/wp-content\/uploads\/2024\/08\/f8f5743398f6af37bc75b0c55d898280-1-500x280.jpg",500,280,true],"medium":["https:\/\/arantv.az\/wp-content\/uploads\/2024\/08\/f8f5743398f6af37bc75b0c55d898280-1-635x365.jpg",635,365,true],"large":["https:\/\/arantv.az\/wp-content\/uploads\/2024\/08\/f8f5743398f6af37bc75b0c55d898280-1-840x483.jpg",640,368,true],"1536x1536":["https:\/\/arantv.az\/wp-content\/uploads\/2024\/08\/f8f5743398f6af37bc75b0c55d898280-1.jpg",870,500,false],"2048x2048":["https:\/\/arantv.az\/wp-content\/uploads\/2024\/08\/f8f5743398f6af37bc75b0c55d898280-1.jpg",870,500,false],"post-thumbnail":["https:\/\/arantv.az\/wp-content\/uploads\/2024\/08\/f8f5743398f6af37bc75b0c55d898280-1-240x172.jpg",240,172,true],"advps-thumb-one":["https:\/\/arantv.az\/wp-content\/uploads\/2024\/08\/f8f5743398f6af37bc75b0c55d898280-1.jpg",870,500,false]},"rttpg_author":{"display_name":"V\u00fcsal Rafiqo\u011flu","author_link":"https:\/\/arantv.az\/?author=2"},"rttpg_comment":0,"rttpg_category":"<a href=\"https:\/\/arantv.az\/?cat=4\" rel=\"category\">Siyas\u0259t<\/a>","rttpg_excerpt":"Az\u0259rbaycan Respublikas\u0131n\u0131n Prezidenti \u0130lham \u018fliyev avqustun 9-da Qazax\u0131stan\u0131n paytaxt\u0131 Astanada M\u0259rk\u0259zi Asiya v\u0259 Az\u0259rbaycan Respublikas\u0131n\u0131n D\u00f6vl\u0259t Ba\u015f\u00e7\u0131lar\u0131n\u0131n g\u00f6r\u00fc\u015f\u00fcnd\u0259 i\u015ftirak edib. ARANTV.AZ \u00a0x\u0259b\u0259r verir ki, Az\u0259rbaycan Prezidenti t\u0259dbird\u0259 \u00e7\u0131x\u0131\u015f edib. *** Az\u0259rbaycan Respublikas\u0131n\u0131n Prezidenti \u0130lham \u018fliyev M\u0259rk\u0259zi Asiya v\u0259 Az\u0259rbaycan Respublikas\u0131n\u0131n D\u00f6vl\u0259t Ba\u015f\u00e7\u0131lar\u0131n\u0131n Qazax\u0131stan\u0131n paytaxt\u0131 Astanada ke\u00e7iril\u0259n g\u00f6r\u00fc\u015f\u00fcnd\u0259 i\u015ftirak edir. ARANTV.AZ \u00a0x\u0259b\u0259r verir ki, bu bar\u0259d\u0259&hellip;","_links":{"self":[{"href":"https:\/\/arantv.az\/index.php?rest_route=\/wp\/v2\/posts\/743373"}],"collection":[{"href":"https:\/\/arantv.az\/index.php?rest_route=\/wp\/v2\/posts"}],"about":[{"href":"https:\/\/arantv.az\/index.php?rest_route=\/wp\/v2\/types\/post"}],"author":[{"embeddable":true,"href":"https:\/\/arantv.az\/index.php?rest_route=\/wp\/v2\/users\/2"}],"replies":[{"embeddable":true,"href":"https:\/\/arantv.az\/index.php?rest_route=%2Fwp%2Fv2%2Fcomments&post=743373"}],"version-history":[{"count":2,"href":"https:\/\/arantv.az\/index.php?rest_route=\/wp\/v2\/posts\/743373\/revisions"}],"predecessor-version":[{"id":743377,"href":"https:\/\/arantv.az\/index.php?rest_route=\/wp\/v2\/posts\/743373\/revisions\/743377"}],"wp:featuredmedia":[{"embeddable":true,"href":"https:\/\/arantv.az\/index.php?rest_route=\/wp\/v2\/media\/743375"}],"wp:attachment":[{"href":"https:\/\/arantv.az\/index.php?rest_route=%2Fwp%2Fv2%2Fmedia&parent=743373"}],"wp:term":[{"taxonomy":"category","embeddable":true,"href":"https:\/\/arantv.az\/index.php?rest_route=%2Fwp%2Fv2%2Fcategories&post=743373"},{"taxonomy":"post_tag","embeddable":true,"href":"https:\/\/arantv.az\/index.php?rest_route=%2Fwp%2Fv2%2Ftags&post=743373"}],"curies":[{"name":"wp","href":"https:\/\/api.w.org\/{rel}","templated":true}]}}