{"id":743378,"date":"2024-08-09T13:47:25","date_gmt":"2024-08-09T09:47:25","guid":{"rendered":"https:\/\/arantv.az\/?p=743378"},"modified":"2024-08-09T13:47:25","modified_gmt":"2024-08-09T09:47:25","slug":"ukraynanin-kurska-hucumla-baslayan-boyuk-plani-h%c9%99d%c9%99fd%c9%99-bu-%c9%99razil%c9%99r-var","status":"publish","type":"post","link":"https:\/\/arantv.az\/?p=743378","title":{"rendered":"Ukraynan\u0131n Kurska h\u00fccumla ba\u015flayan b\u00f6y\u00fck plan\u0131: H\u0259d\u0259fd\u0259 bu \u0259razil\u0259r var"},"content":{"rendered":"<p><strong>Ukrayna Silahl\u0131 Q\u00fcvv\u0259l\u0259ri Belqorod vilay\u0259ti istiqam\u0259tind\u0259 \u0259ks h\u00fccuma haz\u0131rla\u015f\u0131r.\u00a0 Rusiyan\u0131n h\u0259rbi jurnalisti Kirill Fedorov bu m\u0259lumat\u0131 d\u0259rc edib v\u0259 onun dig\u0259r h\u0259mkar\u0131 Vladimir Romanov da fakt\u0131 t\u0259sdiql\u0259yib.<\/strong><\/p>\n<p>\u201cBelqorod vilay\u0259ti il\u0259 \u00fczb\u0259\u00fcz, Ukrayna Silahl\u0131 Q\u00fcvv\u0259l\u0259rinin yax\u0131nl\u0131\u011f\u0131nda h\u0259rbi topla\u015fmalar m\u00fc\u015fahid\u0259 olunur. Orada da h\u00fccuma haz\u0131rla\u015f\u0131rlar. Bizimkil\u0259r\u00a0 d\u0259 bundan x\u0259b\u0259rdard\u0131r\u201d, &#8211; Fedorov bildirib.<\/p>\n<p>Ukrayna Ordusunun Belqorod istiqam\u0259tin\u0259 n\u0259 q\u0259d\u0259r qo\u015fun c\u0259ml\u0259\u015fdirdiyi is\u0259 bilinmir. Sad\u0259c\u0259, o b\u0259llidir ki, v\u0259ziyy\u0259t getdikc\u0259 g\u0259rginl\u0259\u015fir, \u00e7\u00fcnki Ukrayna q\u00fcvv\u0259l\u0259ri ba\u015fqa istiqam\u0259tl\u0259rd\u0259n d\u0259 h\u00fccuma ke\u00e7\u0259 bil\u0259rl\u0259r. Qeyd ed\u0259k ki, avqustun 6-da s\u0259h\u0259r saatlar\u0131nda Ukrayna qo\u015funlar\u0131 Rusiyan\u0131n Kursk vilay\u0259ti istiqam\u0259tind\u0259 h\u00fccuma ba\u015flam\u0131\u015f v\u0259 q\u0131sa m\u00fcdd\u0259t \u0259rzind\u0259 s\u0259rh\u0259di yara bilmi\u015fdi. M\u00fcxt\u0259lif m\u0259nb\u0259l\u0259rin iddialar\u0131na g\u00f6r\u0259,\u00a0 g\u00fcn \u0259rzind\u0259 Ukrayna Silahl\u0131 Q\u00fcvv\u0259l\u0259ri Rusiyan\u0131n 15 v\u0259 ya 25 km. d\u0259rinliyin\u0259 q\u0259d\u0259r ir\u0259lil\u0259mi\u015fl\u0259r. Rusiyan\u0131n \u0259n az\u0131 iki b\u00f6y\u00fck h\u0259rbi birl\u0259\u015fm\u0259sinin m\u00fchasir\u0259y\u0259 d\u00fc\u015fd\u00fcy\u00fc v\u0259 Ukraynan\u0131n b\u0259zi strateji obyektl\u0259ri \u0259l\u0259 ke\u00e7irdiyi vur\u011fulan\u0131r.\u00a0 Maraql\u0131d\u0131r ki, Ukraynan\u0131n q\u0259rb istiqam\u0259tind\u0259 is\u0259 Rusiya qo\u015funlar\u0131 l\u0259ng d\u0259 olsa ir\u0259lil\u0259yirl\u0259r. Bu da b\u0259zi suallara yol a\u00e7\u0131r: Ukrayna b\u00fct\u00fcn q\u00fcvv\u0259l\u0259rini niy\u0259 \u00f6z \u0259razil\u0259rini i\u015f\u011faldan azad etm\u0259y\u0259 yox, Rusiyaya h\u00fccum \u0259m\u0259liyyat\u0131na s\u0259rf edir?<\/p>\n<p>Siyasi \u015f\u0259rh\u00e7i Heyd\u0259r O\u011fuz Musavat.com-a deyib ki, Ukrayna qo\u015funlar\u0131n\u0131n Kursk v\u0259 Belqorod istiqam\u0259tind\u0259 h\u00fccuma ke\u00e7m\u0259sinin \u0259sas m\u0259qs\u0259di \u00f6z \u0259razil\u0259rini i\u015f\u011faldan qurtarmaqd\u0131r. Onun s\u00f6zl\u0259rin\u0259 g\u00f6r\u0259, Ukrayna Rusiyan\u0131n d\u0259rinlikl\u0259rin\u0259 h\u00fccum etm\u0259kl\u0259 \u0259slind\u0259 Donbass v\u0259 Xarkov istiqam\u0259tind\u0259 l\u0259ng add\u0131mlarla ir\u0259lil\u0259y\u0259n rus ordusunun diqq\u0259tini \u00f6z daxilin\u0259 \u00e7\u0259km\u0259k v\u0259 onun i\u015f\u011fal \u0259m\u0259liyyatlar\u0131n\u0131 dayand\u0131rmaq ist\u0259yir:<\/p>\n<p>\u201cBunun \u00fc\u00e7\u00fcn d\u0259 \u201c\u0259n yax\u015f\u0131 m\u00fcdafi\u0259 h\u00fccumdur\u201d taktikas\u0131ndan istifad\u0259 etm\u0259y\u0259 \u00e7al\u0131\u015f\u0131r. M\u0259qs\u0259d, s\u00f6zs\u00fcz ki, Ukraynan\u0131n i\u00e7\u0259risind\u0259 c\u0259ml\u0259\u015f\u0259n rus ordusunun bir hiss\u0259sini \u00f6z s\u0259rh\u0259dl\u0259rin\u0259 \u00e7\u0259km\u0259kdir. Ukrayna bu h\u00fccumlar\u0131n\u0131 u\u011furla davam etdirs\u0259, \u00f6z h\u0259d\u0259fin\u0259 rahatl\u0131qla vara bil\u0259r. Rus qo\u015funlar\u0131 Ukraynadak\u0131 c\u0259bh\u0259 x\u0259ttind\u0259 seyr\u0259ls\u0259, haz\u0131rda a\u011f\u0131r d\u00f6y\u00fc\u015fl\u0259rin getdiyi \u0259razil\u0259rd\u0259 v\u0259ziyy\u0259ti \u00f6z xeyrin\u0259 d\u0259yi\u015fdir\u0259r. Haz\u0131rk\u0131 q\u00fcvv\u0259 il\u0259 q\u0259rb c\u0259bh\u0259sini yara v\u0259 \u0259razil\u0259rini i\u015f\u011faldan azad ed\u0259r\u201d.<\/p>\n<p><img loading=\"lazy\" src=\"https:\/\/cdn.musavat.com\/news\/video\/NewFolder\/ali-fotolar\/f5ce6e2915e7ae1d337069f920b9ef3e.jpg\" alt=\"f5ce6e2915e7ae1d337069f920b9ef3e.jpg (101 KB)\" width=\"870\" height=\"500\" \/><\/p>\n<p><strong>Ukrayna sava\u015f\u0131 ba\u015flayandan b\u0259ri, NATO m\u00fctt\u0259fiql\u0259rinin ciddi \u015f\u0259kild\u0259 Rusiyaya qar\u015f\u0131 ikinci c\u0259bh\u0259 a\u00e7ma\u011fa \u00e7al\u0131\u015fd\u0131qlar\u0131n\u0131 xat\u0131rladan Heyd\u0259r O\u011fuzun fikrinc\u0259, \u0259slind\u0259 Kursk v\u0259 Belqorod istiqam\u0259tind\u0259 h\u00fccum da bu m\u0259qs\u0259d\u0259 qulluq edir:<\/strong>\u00a0\u201cBilirsiniz ki, Ukrayna-Rusiya m\u00fcharib\u0259si 1100 km-lik \u0259razid\u0259 gedir. Rusiya \u00f6z canl\u0131 q\u00fcvv\u0259sini v\u0259 texnikas\u0131n\u0131 bu \u0259razil\u0259r\u0259 y\u0131\u011fmaqla Ukrayna qar\u015f\u0131s\u0131nda \u00fcst\u00fcnl\u00fck qazan\u0131b. Tamamil\u0259 f\u0259rqli istiqam\u0259td\u0259 bir ba\u015fqa c\u0259bh\u0259 a\u00e7\u0131larsa, Rusiya qo\u015funlar\u0131n\u0131 h\u0259min istiqam\u0259t\u0259 y\u00f6nl\u0259ndir\u0259 v\u0259 bel\u0259c\u0259, Ukrayna x\u0259ttind\u0259ki rus h\u00fccum s\u0259fl\u0259ri azalar. M\u0259hz bunun \u00fc\u00e7\u00fcn d\u0259 NATO q\u00fcvv\u0259l\u0259ri G\u00fcrc\u00fcstandan bel\u0259 bir add\u0131m\u0131n at\u0131lmas\u0131n\u0131 g\u00f6zl\u0259yirdi. R\u0259smi Tiflis is\u0259 bu t\u0259l\u0259bl\u0259rd\u0259n boyun qa\u00e7\u0131r\u0131r, bacard\u0131\u011f\u0131 q\u0259d\u0259r rus qo\u015funlar\u0131 il\u0259 \u00fcz-\u00fcz\u0259 g\u0259lmirdi. Q\u0259rb \u00f6lk\u0259l\u0259ri m\u0259cbur\u0259n ikinci c\u0259bh\u0259ni Ukraynan\u0131n \u015fimal-q\u0259rbind\u0259 &#8211; Sumi s\u0259rh\u0259dl\u0259rind\u0259 a\u00e7d\u0131. Dolay\u0131s\u0131yla, c\u0259bh\u0259 x\u0259ttini bir ne\u00e7\u0259 y\u00fcz kilometr uzatd\u0131.<\/p>\n<p>Belqorodun Kursk vilay\u0259tinin c\u0259nubunda yerl\u0259\u015fdiyini n\u0259z\u0259r\u0259 alsaq, bu b\u00f6lg\u0259y\u0259 h\u00fccum haz\u0131rl\u0131qlar\u0131 da t\u0259sad\u00fcfi g\u00f6r\u00fcnm\u00fcr. M\u0259qs\u0259d Kurskla Donbass aras\u0131ndak\u0131 neytral zonan\u0131 da c\u0259bh\u0259 x\u0259ttin\u0259 birl\u0259\u015fdirm\u0259k v\u0259 rus qo\u015funlar\u0131n\u0131n Kurska ir\u0259lil\u0259m\u0259sinin qar\u015f\u0131s\u0131n\u0131 almaqd\u0131r. Z\u0259nninc\u0259, Ukrayna ordusuna ana v\u0259t\u0259nd\u0259n \u0259lav\u0259 q\u00fcvv\u0259l\u0259r g\u0259l\u0259rs\u0259, onun Smolenski istiqam\u0259tind\u0259 d\u0259 f\u0259aliyy\u0259t\u0259 ba\u015flayaca\u011f\u0131n\u0131 g\u00f6r\u0259 bil\u0259c\u0259yik\u201d.<\/p>\n<p><strong>Heyd\u0259r O\u011fuzun fikrinc\u0259, Ukraynan\u0131n c\u0259bh\u0259 x\u0259ttini Kursk, Belqorod v\u0259 Smolenski istiqam\u0259tind\u0259 yaymas\u0131n\u0131n dig\u0259r bir m\u0259qs\u0259di canl\u0131 q\u00fcvv\u0259 problemini d\u0259 h\u0259ll etm\u0259kdir:<\/strong>\u00a0\u201cB\u0259llidir ki, Belqorod 1918-ci ild\u0259 Ukrayna hetmanl\u0131\u011f\u0131 adlanan d\u00f6vl\u0259tin \u0259razisin\u0259 daxil idi. Hetmanl\u0131\u011fa h\u0259m\u00e7inin Voronej v\u0259 Kursk quberniyalar\u0131 da daxil idi. Ukraynan\u0131n milli d\u00f6vl\u0259t formas\u0131 say\u0131lan bu hetmanl\u0131\u011fa Sovet hakimiyy\u0259tinin ilk ill\u0259rind\u0259 son qoyuldu. Bununla bel\u0259, h\u0259m Belqorod, h\u0259m d\u0259 Kursk sakinl\u0259rinin xatir\u0259l\u0259rind\u0259 bu d\u00f6vl\u0259tin izl\u0259ri ya\u015fay\u0131r v\u0259 m\u0259hz bu s\u0259b\u0259bd\u0259n d\u0259 yerli \u0259hali Ukrayna h\u00fccumuna k\u0259skin reaksiya vermir. Q\u0259rb d\u00f6vl\u0259tl\u0259ri d\u0259 bu vilay\u0259tin \u0259halisi aras\u0131nda hetmanl\u0131q t\u0259bli\u011fat\u0131n\u0131 geni\u015fl\u0259ndirirl\u0259r. Y\u0259qin ki, h\u0259min \u0259razil\u0259rin \u0259l\u0259 ke\u00e7irilm\u0259si \u0259snas\u0131nda vilay\u0259tin bir \u00e7ox sakinl\u0259rind\u0259n d\u0259 Ukrayna ordusuna qat\u0131lanlar olacaq. Bel\u0259c\u0259, Ukraynan\u0131n son zamanlarda \u00fczl\u0259\u015fdiyi canl\u0131 q\u00fcvv\u0259 problemi d\u0259 qism\u0259n h\u0259llini tapacaq. \u018fn az\u0131 Ukrayna h\u0259rbi strateql\u0259ri buna \u00fcmid edirl\u0259r v\u0259 bu s\u0259b\u0259bd\u0259n d\u0259 h\u0259min \u0259razil\u0259rin i\u015f\u011fal olunmas\u0131n\u0131n yox, i\u015f\u011faldan qurtulmas\u0131n\u0131n t\u0259bli\u011fat\u0131n\u0131 apar\u0131rlar.<\/p>\n<p>Eyni \u015f\u0259kild\u0259 Smolenksd\u0259 d\u0259 xeyli sayda belarus ya\u015fay\u0131r. Tarix\u0259 n\u0259z\u0259r salsaq g\u00f6r\u0259rik ki, Smolensk torpa\u011f\u0131 1654-1667-ci ill\u0259r Rusiya-Pol\u015fa m\u00fcharib\u0259si n\u0259tic\u0259sind\u0259 i\u015f\u011fal olunub. V\u0259 bu vilay\u0259tin sakinl\u0259ri \u00f6z tarixl\u0259rini he\u00e7 bir zaman unutmay\u0131blar. T\u0259sad\u00fcfi deyil ki, Rusiya \u00e7arl\u0131\u011f\u0131 da\u011f\u0131ld\u0131qdan sonra Smolensk \u0259halisi D.F.Jilunovi\u00e7in ba\u015f\u00e7\u0131l\u0131\u011f\u0131 il\u0259 Belarus M\u00fcv\u0259qq\u0259ti \u0130nqilab\u00e7\u0131 F\u0259hl\u0259 v\u0259 K\u0259ndli H\u00f6kum\u0259ti yaratm\u0131\u015f v\u0259 uzun m\u00fcdd\u0259t Belarusun t\u0259rkibind\u0259 qalm\u0131\u015fd\u0131. 1938-ci ild\u0259 vilay\u0259t Belarusdan qopar\u0131l\u0131b Rusiyan\u0131n t\u0259rkibin\u0259 verilmi\u015fdi. AB\u015e v\u0259 Q\u0259rb d\u00f6vl\u0259tl\u0259ri Smolensk \u0259halisinin bu duy\u011fular\u0131ndan maksimum faydalanaraq, onu Rusiyadan ay\u0131rma\u011fa \u00e7al\u0131\u015f\u0131rlar. H\u0259tta bu m\u0259qs\u0259dl\u0259 21 mart 2024-c\u00fc il tarixind\u0259 Var\u015favadak\u0131 Belarus Evi adl\u0131 t\u0259\u015fkilatda \u201cSmolensk Respublikas\u0131\u201d adl\u0131 fikir m\u0259rk\u0259zi yarad\u0131l\u0131b. M\u0259rk\u0259zin ekspertl\u0259ri t\u0259r\u0259find\u0259n \u201cSmolensk Respublikas\u0131n\u0131n Konstitusiyas\u0131\u201dn\u0131n layih\u0259sinin t\u0259qdimat\u0131 ke\u00e7irilib. T\u0259dbir\u0259 qat\u0131lan \u201cSmolensk Respublika M\u0259rk\u0259zi\u201dnin s\u0259dri Vladislav Jivitsa, m\u0259rk\u0259zin n\u00fcmay\u0259nd\u0259l\u0259ri v\u0259 ictimai xadiml\u0259r g\u0259l\u0259c\u0259kd\u0259 Smolenskin Belarusa birl\u0259\u015fm\u0259sini d\u0259\u00a0 istisna etm\u0259yibl\u0259r. N\u0259z\u0259r\u0259 alsaq ki, 2020-ci ild\u0259 Belarusun b\u00f6y\u00fck \u0259ks\u0259riyy\u0259ti indiki prezident Luka\u015fenkonun \u0259leyhin\u0259 b\u00f6y\u00fck mitinql\u0259r ke\u00e7irirdi, Smolenskd\u0259 ortaya \u00e7\u0131xan q\u0131\u011f\u0131lc\u0131m\u0131n q\u0131sa m\u00fcdd\u0259t\u0259 Belarusa s\u0131\u00e7raya bil\u0259r. Q\u0131sas\u0131, Ukraynan\u0131n Kurska h\u00fccumla ba\u015flayan h\u0259ml\u0259sinin alt\u0131nda b\u00f6y\u00fck h\u0259d\u0259fl\u0259r yat\u0131r\u201d.<\/p>\n<p>&nbsp;<\/p>\n<p><strong>E.M\u018fMM\u018fD\u018fL\u0130YEV,<\/strong><\/p>\n<p><strong>Musavat.com<\/strong><\/p>\n","protected":false},"excerpt":{"rendered":"<p>Ukrayna Silahl\u0131 Q\u00fcvv\u0259l\u0259ri Belqorod vilay\u0259ti istiqam\u0259tind\u0259 \u0259ks h\u00fccuma haz\u0131rla\u015f\u0131r.\u00a0 Rusiyan\u0131n h\u0259rbi jurnalisti Kirill Fedorov bu m\u0259lumat\u0131 d\u0259rc edib v\u0259 onun dig\u0259r h\u0259mkar\u0131 Vladimir Romanov da fakt\u0131 t\u0259sdiql\u0259yib. \u201cBelqorod vilay\u0259ti il\u0259 \u00fczb\u0259\u00fcz, Ukrayna Silahl\u0131 Q\u00fcvv\u0259l\u0259rinin yax\u0131nl\u0131\u011f\u0131nda h\u0259rbi topla\u015fmalar m\u00fc\u015fahid\u0259 olunur. Orada da h\u00fccuma haz\u0131rla\u015f\u0131rlar. Bizimkil\u0259r\u00a0 d\u0259 bundan x\u0259b\u0259rdard\u0131r\u201d, &#8211; Fedorov bildirib. Ukrayna Ordusunun Belqorod istiqam\u0259tin\u0259 n\u0259 q\u0259d\u0259r qo\u015fun c\u0259ml\u0259\u015fdirdiyi is\u0259 bilinmir. Sad\u0259c\u0259, o b\u0259llidir ki, v\u0259ziyy\u0259t getdikc\u0259 g\u0259rginl\u0259\u015fir, \u00e7\u00fcnki Ukrayna q\u00fcvv\u0259l\u0259ri ba\u015fqa istiqam\u0259tl\u0259rd\u0259n d\u0259 h\u00fccuma ke\u00e7\u0259 bil\u0259rl\u0259r. Qeyd ed\u0259k ki, avqustun 6-da s\u0259h\u0259r saatlar\u0131nda Ukrayna qo\u015funlar\u0131 Rusiyan\u0131n Kursk vilay\u0259ti istiqam\u0259tind\u0259 h\u00fccuma&hellip;<\/p>\n","protected":false},"author":2,"featured_media":743380,"comment_status":"closed","ping_status":"closed","sticky":false,"template":"","format":"standard","meta":{"om_disable_all_campaigns":false,"_monsterinsights_skip_tracking":false,"_monsterinsights_sitenote_active":false,"_monsterinsights_sitenote_note":"","_monsterinsights_sitenote_category":0},"categories":[7],"tags":[],"aioseo_notices":[],"gutentor_comment":0,"rttpg_featured_image_url":{"full":["https:\/\/arantv.az\/wp-content\/uploads\/2024\/08\/40e437ef957fa46b305f29352bd8d227-1.jpg",870,500,false],"landscape":["https:\/\/arantv.az\/wp-content\/uploads\/2024\/08\/40e437ef957fa46b305f29352bd8d227-1.jpg",870,500,false],"portraits":["https:\/\/arantv.az\/wp-content\/uploads\/2024\/08\/40e437ef957fa46b305f29352bd8d227-1.jpg",870,500,false],"thumbnail":["https:\/\/arantv.az\/wp-content\/uploads\/2024\/08\/40e437ef957fa46b305f29352bd8d227-1-500x280.jpg",500,280,true],"medium":["https:\/\/arantv.az\/wp-content\/uploads\/2024\/08\/40e437ef957fa46b305f29352bd8d227-1-635x365.jpg",635,365,true],"large":["https:\/\/arantv.az\/wp-content\/uploads\/2024\/08\/40e437ef957fa46b305f29352bd8d227-1-840x483.jpg",640,368,true],"1536x1536":["https:\/\/arantv.az\/wp-content\/uploads\/2024\/08\/40e437ef957fa46b305f29352bd8d227-1.jpg",870,500,false],"2048x2048":["https:\/\/arantv.az\/wp-content\/uploads\/2024\/08\/40e437ef957fa46b305f29352bd8d227-1.jpg",870,500,false],"post-thumbnail":["https:\/\/arantv.az\/wp-content\/uploads\/2024\/08\/40e437ef957fa46b305f29352bd8d227-1-240x172.jpg",240,172,true],"advps-thumb-one":["https:\/\/arantv.az\/wp-content\/uploads\/2024\/08\/40e437ef957fa46b305f29352bd8d227-1.jpg",870,500,false]},"rttpg_author":{"display_name":"V\u00fcsal Rafiqo\u011flu","author_link":"https:\/\/arantv.az\/?author=2"},"rttpg_comment":0,"rttpg_category":"<a href=\"https:\/\/arantv.az\/?cat=7\" rel=\"category\">D\u00fcnya<\/a>","rttpg_excerpt":"Ukrayna Silahl\u0131 Q\u00fcvv\u0259l\u0259ri Belqorod vilay\u0259ti istiqam\u0259tind\u0259 \u0259ks h\u00fccuma haz\u0131rla\u015f\u0131r.\u00a0 Rusiyan\u0131n h\u0259rbi jurnalisti Kirill Fedorov bu m\u0259lumat\u0131 d\u0259rc edib v\u0259 onun dig\u0259r h\u0259mkar\u0131 Vladimir Romanov da fakt\u0131 t\u0259sdiql\u0259yib. \u201cBelqorod vilay\u0259ti il\u0259 \u00fczb\u0259\u00fcz, Ukrayna Silahl\u0131 Q\u00fcvv\u0259l\u0259rinin yax\u0131nl\u0131\u011f\u0131nda h\u0259rbi topla\u015fmalar m\u00fc\u015fahid\u0259 olunur. Orada da h\u00fccuma haz\u0131rla\u015f\u0131rlar. Bizimkil\u0259r\u00a0 d\u0259 bundan x\u0259b\u0259rdard\u0131r\u201d, &#8211; Fedorov bildirib. Ukrayna Ordusunun Belqorod istiqam\u0259tin\u0259 n\u0259&hellip;","_links":{"self":[{"href":"https:\/\/arantv.az\/index.php?rest_route=\/wp\/v2\/posts\/743378"}],"collection":[{"href":"https:\/\/arantv.az\/index.php?rest_route=\/wp\/v2\/posts"}],"about":[{"href":"https:\/\/arantv.az\/index.php?rest_route=\/wp\/v2\/types\/post"}],"author":[{"embeddable":true,"href":"https:\/\/arantv.az\/index.php?rest_route=\/wp\/v2\/users\/2"}],"replies":[{"embeddable":true,"href":"https:\/\/arantv.az\/index.php?rest_route=%2Fwp%2Fv2%2Fcomments&post=743378"}],"version-history":[{"count":1,"href":"https:\/\/arantv.az\/index.php?rest_route=\/wp\/v2\/posts\/743378\/revisions"}],"predecessor-version":[{"id":743381,"href":"https:\/\/arantv.az\/index.php?rest_route=\/wp\/v2\/posts\/743378\/revisions\/743381"}],"wp:featuredmedia":[{"embeddable":true,"href":"https:\/\/arantv.az\/index.php?rest_route=\/wp\/v2\/media\/743380"}],"wp:attachment":[{"href":"https:\/\/arantv.az\/index.php?rest_route=%2Fwp%2Fv2%2Fmedia&parent=743378"}],"wp:term":[{"taxonomy":"category","embeddable":true,"href":"https:\/\/arantv.az\/index.php?rest_route=%2Fwp%2Fv2%2Fcategories&post=743378"},{"taxonomy":"post_tag","embeddable":true,"href":"https:\/\/arantv.az\/index.php?rest_route=%2Fwp%2Fv2%2Ftags&post=743378"}],"curies":[{"name":"wp","href":"https:\/\/api.w.org\/{rel}","templated":true}]}}