{"id":743395,"date":"2024-08-09T14:03:37","date_gmt":"2024-08-09T10:03:37","guid":{"rendered":"https:\/\/arantv.az\/?p=743395"},"modified":"2024-08-09T14:03:37","modified_gmt":"2024-08-09T10:03:37","slug":"az%c9%99rbaycandan-bu-olk%c9%99y%c9%99-getm%c9%99k-ist%c9%99y%c9%99nl%c9%99r%c9%99-sad-x%c9%99b%c9%99r-avqustun-28-d%c9%99n","status":"publish","type":"post","link":"https:\/\/arantv.az\/?p=743395","title":{"rendered":"Az\u0259rbaycandan bu \u00f6lk\u0259y\u0259 getm\u0259k ist\u0259y\u0259nl\u0259r\u0259 \u015eAD X\u018fB\u018fR: avqustun 28-d\u0259n&#8230;"},"content":{"rendered":"<p><strong>M\u0259rake\u015f v\u0259 Az\u0259rbaycan aras\u0131nda vizadan azad edilm\u0259si haqq\u0131nda sazi\u015f avqustun 28-d\u0259n r\u0259smi olaraq q\u00fcvv\u0259y\u0259 min\u0259c\u0259k.<\/strong><\/p>\n<p>Bu bar\u0259d\u0259\u00a0<strong>Musavat.com<\/strong>-a M\u0259rake\u015fin Az\u0259rbaycandak\u0131 s\u0259firliyind\u0259n m\u0259lumat verilib.<\/p>\n<p>Bildirilib ki, s\u00f6z\u00fcged\u0259n tarixd\u0259n etibar\u0259n Az\u0259rbaycan v\u0259t\u0259nda\u015flar\u0131 pasportlar\u0131n\u0131n \u00f6lk\u0259y\u0259 giri\u015f tarixind\u0259n \u0259n az\u0131 180 g\u00fcn m\u00fcdd\u0259tind\u0259 etibarl\u0131 olmas\u0131 \u015f\u0259rtil\u0259 M\u0259raake\u015f\u0259 90 g\u00fcn\u0259 q\u0259d\u0259r qalma m\u00fcdd\u0259ti il\u0259 vizas\u0131z ged\u0259 bil\u0259c\u0259kl\u0259r. Eynil\u0259, M\u0259rake\u015f v\u0259t\u0259nda\u015flar\u0131 da Az\u0259rbaycana s\u0259f\u0259r etdikl\u0259ri zaman vizas\u0131z imtiyazlardan yararlanacaqlar.<\/p>\n<p>&#8220;Bu viza azadl\u0131\u011f\u0131n\u0131n M\u0259rake\u015f v\u0259 Az\u0259rbaycan aras\u0131nda m\u00f6vcud s\u0259yah\u0259t, turizm v\u0259 biznes m\u00fcbadil\u0259sini \u0259h\u0259miyy\u0259tli d\u0259r\u0259c\u0259d\u0259 art\u0131rmas\u0131 g\u00f6zl\u0259nilir. Diqq\u0259t\u0259layiqdir ki, avqustun 28-d\u0259 M\u0259rake\u015f il\u0259 Az\u0259rbaycan aras\u0131nda diplomatik m\u00fcnasib\u0259tl\u0259rin qurulmas\u0131n\u0131n 32-ci ild\u00f6n\u00fcm\u00fc (28 avqust 1992-ci il) d\u0259 qeyd olunur. Vizas\u0131z rejimin t\u0259tbiqinin bu tarixd\u0259 olmas\u0131 da bu iki \u00f6lk\u0259ni birl\u0259\u015fdir\u0259n qarda\u015fl\u0131q m\u00fcnasib\u0259tl\u0259rinin d\u0259rinl\u0259\u015fm\u0259sin\u0259 olan qar\u015f\u0131l\u0131ql\u0131 sadiqliyin s\u00fcbutudur&#8221;,- m\u0259lumatda qeyd olunub.<\/p>\n","protected":false},"excerpt":{"rendered":"<p>M\u0259rake\u015f v\u0259 Az\u0259rbaycan aras\u0131nda vizadan azad edilm\u0259si haqq\u0131nda sazi\u015f avqustun 28-d\u0259n r\u0259smi olaraq q\u00fcvv\u0259y\u0259 min\u0259c\u0259k. Bu bar\u0259d\u0259\u00a0Musavat.com-a M\u0259rake\u015fin Az\u0259rbaycandak\u0131 s\u0259firliyind\u0259n m\u0259lumat verilib. Bildirilib ki, s\u00f6z\u00fcged\u0259n tarixd\u0259n etibar\u0259n Az\u0259rbaycan v\u0259t\u0259nda\u015flar\u0131 pasportlar\u0131n\u0131n \u00f6lk\u0259y\u0259 giri\u015f tarixind\u0259n \u0259n az\u0131 180 g\u00fcn m\u00fcdd\u0259tind\u0259 etibarl\u0131 olmas\u0131 \u015f\u0259rtil\u0259 M\u0259raake\u015f\u0259 90 g\u00fcn\u0259 q\u0259d\u0259r qalma m\u00fcdd\u0259ti il\u0259 vizas\u0131z ged\u0259 bil\u0259c\u0259kl\u0259r. Eynil\u0259, M\u0259rake\u015f v\u0259t\u0259nda\u015flar\u0131 da Az\u0259rbaycana s\u0259f\u0259r etdikl\u0259ri zaman vizas\u0131z imtiyazlardan yararlanacaqlar. &#8220;Bu viza azadl\u0131\u011f\u0131n\u0131n M\u0259rake\u015f v\u0259 Az\u0259rbaycan aras\u0131nda m\u00f6vcud s\u0259yah\u0259t, turizm v\u0259 biznes m\u00fcbadil\u0259sini \u0259h\u0259miyy\u0259tli d\u0259r\u0259c\u0259d\u0259 art\u0131rmas\u0131 g\u00f6zl\u0259nilir. Diqq\u0259t\u0259layiqdir ki, avqustun 28-d\u0259 M\u0259rake\u015f il\u0259 Az\u0259rbaycan aras\u0131nda diplomatik m\u00fcnasib\u0259tl\u0259rin qurulmas\u0131n\u0131n&hellip;<\/p>\n","protected":false},"author":2,"featured_media":743396,"comment_status":"closed","ping_status":"closed","sticky":false,"template":"","format":"standard","meta":{"om_disable_all_campaigns":false,"_monsterinsights_skip_tracking":false,"_monsterinsights_sitenote_active":false,"_monsterinsights_sitenote_note":"","_monsterinsights_sitenote_category":0},"categories":[1],"tags":[],"aioseo_notices":[],"gutentor_comment":0,"rttpg_featured_image_url":{"full":["https:\/\/arantv.az\/wp-content\/uploads\/2024\/08\/fe794eca827c5df71873273292ace5fd.jpg",560,372,false],"landscape":["https:\/\/arantv.az\/wp-content\/uploads\/2024\/08\/fe794eca827c5df71873273292ace5fd.jpg",560,372,false],"portraits":["https:\/\/arantv.az\/wp-content\/uploads\/2024\/08\/fe794eca827c5df71873273292ace5fd.jpg",560,372,false],"thumbnail":["https:\/\/arantv.az\/wp-content\/uploads\/2024\/08\/fe794eca827c5df71873273292ace5fd-500x280.jpg",500,280,true],"medium":["https:\/\/arantv.az\/wp-content\/uploads\/2024\/08\/fe794eca827c5df71873273292ace5fd-549x365.jpg",549,365,true],"large":["https:\/\/arantv.az\/wp-content\/uploads\/2024\/08\/fe794eca827c5df71873273292ace5fd.jpg",560,372,false],"1536x1536":["https:\/\/arantv.az\/wp-content\/uploads\/2024\/08\/fe794eca827c5df71873273292ace5fd.jpg",560,372,false],"2048x2048":["https:\/\/arantv.az\/wp-content\/uploads\/2024\/08\/fe794eca827c5df71873273292ace5fd.jpg",560,372,false],"post-thumbnail":["https:\/\/arantv.az\/wp-content\/uploads\/2024\/08\/fe794eca827c5df71873273292ace5fd-240x172.jpg",240,172,true],"advps-thumb-one":["https:\/\/arantv.az\/wp-content\/uploads\/2024\/08\/fe794eca827c5df71873273292ace5fd.jpg",560,372,false]},"rttpg_author":{"display_name":"V\u00fcsal Rafiqo\u011flu","author_link":"https:\/\/arantv.az\/?author=2"},"rttpg_comment":0,"rttpg_category":"<a href=\"https:\/\/arantv.az\/?cat=1\" rel=\"category\">C\u0259miyy\u0259t<\/a>","rttpg_excerpt":"M\u0259rake\u015f v\u0259 Az\u0259rbaycan aras\u0131nda vizadan azad edilm\u0259si haqq\u0131nda sazi\u015f avqustun 28-d\u0259n r\u0259smi olaraq q\u00fcvv\u0259y\u0259 min\u0259c\u0259k. Bu bar\u0259d\u0259\u00a0Musavat.com-a M\u0259rake\u015fin Az\u0259rbaycandak\u0131 s\u0259firliyind\u0259n m\u0259lumat verilib. Bildirilib ki, s\u00f6z\u00fcged\u0259n tarixd\u0259n etibar\u0259n Az\u0259rbaycan v\u0259t\u0259nda\u015flar\u0131 pasportlar\u0131n\u0131n \u00f6lk\u0259y\u0259 giri\u015f tarixind\u0259n \u0259n az\u0131 180 g\u00fcn m\u00fcdd\u0259tind\u0259 etibarl\u0131 olmas\u0131 \u015f\u0259rtil\u0259 M\u0259raake\u015f\u0259 90 g\u00fcn\u0259 q\u0259d\u0259r qalma m\u00fcdd\u0259ti il\u0259 vizas\u0131z ged\u0259 bil\u0259c\u0259kl\u0259r. Eynil\u0259, M\u0259rake\u015f v\u0259t\u0259nda\u015flar\u0131 da&hellip;","_links":{"self":[{"href":"https:\/\/arantv.az\/index.php?rest_route=\/wp\/v2\/posts\/743395"}],"collection":[{"href":"https:\/\/arantv.az\/index.php?rest_route=\/wp\/v2\/posts"}],"about":[{"href":"https:\/\/arantv.az\/index.php?rest_route=\/wp\/v2\/types\/post"}],"author":[{"embeddable":true,"href":"https:\/\/arantv.az\/index.php?rest_route=\/wp\/v2\/users\/2"}],"replies":[{"embeddable":true,"href":"https:\/\/arantv.az\/index.php?rest_route=%2Fwp%2Fv2%2Fcomments&post=743395"}],"version-history":[{"count":2,"href":"https:\/\/arantv.az\/index.php?rest_route=\/wp\/v2\/posts\/743395\/revisions"}],"predecessor-version":[{"id":743398,"href":"https:\/\/arantv.az\/index.php?rest_route=\/wp\/v2\/posts\/743395\/revisions\/743398"}],"wp:featuredmedia":[{"embeddable":true,"href":"https:\/\/arantv.az\/index.php?rest_route=\/wp\/v2\/media\/743396"}],"wp:attachment":[{"href":"https:\/\/arantv.az\/index.php?rest_route=%2Fwp%2Fv2%2Fmedia&parent=743395"}],"wp:term":[{"taxonomy":"category","embeddable":true,"href":"https:\/\/arantv.az\/index.php?rest_route=%2Fwp%2Fv2%2Fcategories&post=743395"},{"taxonomy":"post_tag","embeddable":true,"href":"https:\/\/arantv.az\/index.php?rest_route=%2Fwp%2Fv2%2Ftags&post=743395"}],"curies":[{"name":"wp","href":"https:\/\/api.w.org\/{rel}","templated":true}]}}