{"id":743399,"date":"2024-08-09T14:05:20","date_gmt":"2024-08-09T10:05:20","guid":{"rendered":"https:\/\/arantv.az\/?p=743399"},"modified":"2024-08-09T14:05:20","modified_gmt":"2024-08-09T10:05:20","slug":"nazir-onu-r%c9%99is-muavini-t%c9%99yin-etdi","status":"publish","type":"post","link":"https:\/\/arantv.az\/?p=743399","title":{"rendered":"Nazir onu r\u0259is m\u00fcavini t\u0259yin etdi"},"content":{"rendered":"<p><strong>F\u00f6vq\u0259lad\u0259 Hallar Nazirliyinin (FHN) Bak\u0131 Regional M\u0259rk\u0259zin\u0259 yeni r\u0259is m\u00fcavini t\u0259yin edilib.<\/strong><\/p>\n<p>F\u00f6vq\u0259lad\u0259 hallar naziri general-polkovnik K\u0259mal\u0259ddin Heyd\u0259rovun m\u00fcvafiq \u0259mri il\u0259 polkovnik Elvin Xanlar o\u011flu Mehdiyev t\u0259minat \u00fczr\u0259 r\u0259is m\u00fcavini t\u0259yin olunub.<\/p>\n<p>Qeyd ed\u0259k ki, Elvin Mehdiyev bir m\u00fcdd\u0259t \u0259vv\u0259l D\u00f6vl\u0259t Yan\u011f\u0131ndan M\u00fchafiz\u0259 Xidm\u0259tinin Maliyy\u0259 \u0130dar\u0259sinin r\u0259isi v\u0259zif\u0259sind\u0259n azad edilib. O, Prezident Administrasiyas\u0131n\u0131n sabiq r\u0259hb\u0259ri Ramiz Mehdiyevin qohumudur. R.Mehdiyevin o\u011flu general-mayor Teymur Mehdiyev is\u0259 FHN r\u0259hb\u0259rinin m\u00fcavinidir.<\/p>\n<p>M\u0259lumat \u00fc\u00e7\u00fcn bildir\u0259k ki, E.Mehdiyev \u0259vv\u0259ll\u0259r D\u00f6vl\u0259t G\u00f6mr\u00fck Komit\u0259sind\u0259 d\u0259 y\u00fcks\u0259k v\u0259zif\u0259d\u0259 \u00e7al\u0131\u015f\u0131b.\/Qaynarinfo<\/p>\n","protected":false},"excerpt":{"rendered":"<p>F\u00f6vq\u0259lad\u0259 Hallar Nazirliyinin (FHN) Bak\u0131 Regional M\u0259rk\u0259zin\u0259 yeni r\u0259is m\u00fcavini t\u0259yin edilib. F\u00f6vq\u0259lad\u0259 hallar naziri general-polkovnik K\u0259mal\u0259ddin Heyd\u0259rovun m\u00fcvafiq \u0259mri il\u0259 polkovnik Elvin Xanlar o\u011flu Mehdiyev t\u0259minat \u00fczr\u0259 r\u0259is m\u00fcavini t\u0259yin olunub. Qeyd ed\u0259k ki, Elvin Mehdiyev bir m\u00fcdd\u0259t \u0259vv\u0259l D\u00f6vl\u0259t Yan\u011f\u0131ndan M\u00fchafiz\u0259 Xidm\u0259tinin Maliyy\u0259 \u0130dar\u0259sinin r\u0259isi v\u0259zif\u0259sind\u0259n azad edilib. O, Prezident Administrasiyas\u0131n\u0131n sabiq r\u0259hb\u0259ri Ramiz Mehdiyevin qohumudur. R.Mehdiyevin o\u011flu general-mayor Teymur Mehdiyev is\u0259 FHN r\u0259hb\u0259rinin m\u00fcavinidir. M\u0259lumat \u00fc\u00e7\u00fcn bildir\u0259k ki, E.Mehdiyev \u0259vv\u0259ll\u0259r D\u00f6vl\u0259t G\u00f6mr\u00fck Komit\u0259sind\u0259 d\u0259 y\u00fcks\u0259k v\u0259zif\u0259d\u0259 \u00e7al\u0131\u015f\u0131b.\/Qaynarinfo<\/p>\n","protected":false},"author":2,"featured_media":743400,"comment_status":"closed","ping_status":"closed","sticky":false,"template":"","format":"standard","meta":{"om_disable_all_campaigns":false,"_monsterinsights_skip_tracking":false,"_monsterinsights_sitenote_active":false,"_monsterinsights_sitenote_note":"","_monsterinsights_sitenote_category":0},"categories":[1],"tags":[],"aioseo_notices":[],"gutentor_comment":0,"rttpg_featured_image_url":{"full":["https:\/\/arantv.az\/wp-content\/uploads\/2024\/08\/308e58264c9b7943d511f06694cd2faa.jpg",637,400,false],"landscape":["https:\/\/arantv.az\/wp-content\/uploads\/2024\/08\/308e58264c9b7943d511f06694cd2faa.jpg",637,400,false],"portraits":["https:\/\/arantv.az\/wp-content\/uploads\/2024\/08\/308e58264c9b7943d511f06694cd2faa.jpg",637,400,false],"thumbnail":["https:\/\/arantv.az\/wp-content\/uploads\/2024\/08\/308e58264c9b7943d511f06694cd2faa-500x280.jpg",500,280,true],"medium":["https:\/\/arantv.az\/wp-content\/uploads\/2024\/08\/308e58264c9b7943d511f06694cd2faa-581x365.jpg",581,365,true],"large":["https:\/\/arantv.az\/wp-content\/uploads\/2024\/08\/308e58264c9b7943d511f06694cd2faa.jpg",637,400,false],"1536x1536":["https:\/\/arantv.az\/wp-content\/uploads\/2024\/08\/308e58264c9b7943d511f06694cd2faa.jpg",637,400,false],"2048x2048":["https:\/\/arantv.az\/wp-content\/uploads\/2024\/08\/308e58264c9b7943d511f06694cd2faa.jpg",637,400,false],"post-thumbnail":["https:\/\/arantv.az\/wp-content\/uploads\/2024\/08\/308e58264c9b7943d511f06694cd2faa-240x172.jpg",240,172,true],"advps-thumb-one":["https:\/\/arantv.az\/wp-content\/uploads\/2024\/08\/308e58264c9b7943d511f06694cd2faa.jpg",637,400,false]},"rttpg_author":{"display_name":"V\u00fcsal Rafiqo\u011flu","author_link":"https:\/\/arantv.az\/?author=2"},"rttpg_comment":0,"rttpg_category":"<a href=\"https:\/\/arantv.az\/?cat=1\" rel=\"category\">C\u0259miyy\u0259t<\/a>","rttpg_excerpt":"F\u00f6vq\u0259lad\u0259 Hallar Nazirliyinin (FHN) Bak\u0131 Regional M\u0259rk\u0259zin\u0259 yeni r\u0259is m\u00fcavini t\u0259yin edilib. F\u00f6vq\u0259lad\u0259 hallar naziri general-polkovnik K\u0259mal\u0259ddin Heyd\u0259rovun m\u00fcvafiq \u0259mri il\u0259 polkovnik Elvin Xanlar o\u011flu Mehdiyev t\u0259minat \u00fczr\u0259 r\u0259is m\u00fcavini t\u0259yin olunub. Qeyd ed\u0259k ki, Elvin Mehdiyev bir m\u00fcdd\u0259t \u0259vv\u0259l D\u00f6vl\u0259t Yan\u011f\u0131ndan M\u00fchafiz\u0259 Xidm\u0259tinin Maliyy\u0259 \u0130dar\u0259sinin r\u0259isi v\u0259zif\u0259sind\u0259n azad edilib. O, Prezident Administrasiyas\u0131n\u0131n sabiq r\u0259hb\u0259ri&hellip;","_links":{"self":[{"href":"https:\/\/arantv.az\/index.php?rest_route=\/wp\/v2\/posts\/743399"}],"collection":[{"href":"https:\/\/arantv.az\/index.php?rest_route=\/wp\/v2\/posts"}],"about":[{"href":"https:\/\/arantv.az\/index.php?rest_route=\/wp\/v2\/types\/post"}],"author":[{"embeddable":true,"href":"https:\/\/arantv.az\/index.php?rest_route=\/wp\/v2\/users\/2"}],"replies":[{"embeddable":true,"href":"https:\/\/arantv.az\/index.php?rest_route=%2Fwp%2Fv2%2Fcomments&post=743399"}],"version-history":[{"count":1,"href":"https:\/\/arantv.az\/index.php?rest_route=\/wp\/v2\/posts\/743399\/revisions"}],"predecessor-version":[{"id":743401,"href":"https:\/\/arantv.az\/index.php?rest_route=\/wp\/v2\/posts\/743399\/revisions\/743401"}],"wp:featuredmedia":[{"embeddable":true,"href":"https:\/\/arantv.az\/index.php?rest_route=\/wp\/v2\/media\/743400"}],"wp:attachment":[{"href":"https:\/\/arantv.az\/index.php?rest_route=%2Fwp%2Fv2%2Fmedia&parent=743399"}],"wp:term":[{"taxonomy":"category","embeddable":true,"href":"https:\/\/arantv.az\/index.php?rest_route=%2Fwp%2Fv2%2Fcategories&post=743399"},{"taxonomy":"post_tag","embeddable":true,"href":"https:\/\/arantv.az\/index.php?rest_route=%2Fwp%2Fv2%2Ftags&post=743399"}],"curies":[{"name":"wp","href":"https:\/\/api.w.org\/{rel}","templated":true}]}}