{"id":743424,"date":"2024-08-09T17:05:54","date_gmt":"2024-08-09T13:05:54","guid":{"rendered":"https:\/\/arantv.az\/?p=743424"},"modified":"2024-08-09T17:05:54","modified_gmt":"2024-08-09T13:05:54","slug":"vladimir-putin-az%c9%99rbaycana-g%c9%99l%c9%99-bil%c9%99r-kiv","status":"publish","type":"post","link":"https:\/\/arantv.az\/?p=743424","title":{"rendered":"Vladimir Putin Az\u0259rbaycana g\u0259l\u0259 bil\u0259r &#8211; K\u0130V"},"content":{"rendered":"<p><strong>Rusiya prezidenti Vladimir Putin avqustun 19-da Bak\u0131ya s\u0259f\u0259r ed\u0259 bil\u0259r.<\/strong><\/p>\n<p>Bu bar\u0259d\u0259 &#8220;BR\u0130EF&#8221; teleqram kanal\u0131 \u00f6z m\u0259nb\u0259l\u0259rin\u0259 istinad\u0259n m\u0259lumat yay\u0131b.<\/p>\n<p>Haz\u0131rda bu s\u0259f\u0259r\u0259 haz\u0131rl\u0131q gedir. Rusiya liderinin az\u0259rbaycanl\u0131 h\u0259mkar\u0131 \u0130lham \u018fliyevl\u0259 m\u00fczakir\u0259 ed\u0259c\u0259yi m\u0259s\u0259l\u0259l\u0259rd\u0259n biri d\u0259 Rusiya t\u0259bii qaz\u0131n\u0131n Zaqafqaziya respublikas\u0131na n\u0259qli olacaq. M\u0259nb\u0259l\u0259rin bildirdiyin\u0259 g\u00f6r\u0259, Moskva v\u0259 Bak\u0131 bir ne\u00e7\u0259 ayd\u0131r ki, bu m\u0259s\u0259l\u0259ni m\u00fczakir\u0259 edir v\u0259 T\u00fcrkiy\u0259 s\u00f6vd\u0259l\u0259\u015fm\u0259nin qarant\u0131d\u0131r.<\/p>\n<p>\u0130yulun \u0259vv\u0259lind\u0259 Ukrayna prezidenti Vladimir Zelenski Bloomberg-\u0259 m\u00fcsahib\u0259sind\u0259 bildirib ki, Kiyev bu ilin sonunda Qazprom il\u0259 tranzit sazi\u015fi ba\u015fa \u00e7atd\u0131qdan sonra Az\u0259rbaycan qaz\u0131n\u0131n \u00f6z \u0259razisi il\u0259 A\u0130-y\u0259 n\u0259qli imkanlar\u0131n\u0131 ara\u015fd\u0131r\u0131r. \u201cAvropaya g\u00f6nd\u0259ril\u0259n Az\u0259rbaycan qaz\u0131n\u0131n y\u0259qin ki, yar\u0131s\u0131 Rusiya qaz\u0131n\u0131n pay\u0131na d\u00fc\u015f\u0259c\u0259k\u201d, &#8211; dey\u0259 qaz s\u0259nayesi \u00fczr\u0259 ekspert bir m\u00fcdd\u0259t \u0259vv\u0259l bildirib.\/News24.az<\/p>\n","protected":false},"excerpt":{"rendered":"<p>Rusiya prezidenti Vladimir Putin avqustun 19-da Bak\u0131ya s\u0259f\u0259r ed\u0259 bil\u0259r. Bu bar\u0259d\u0259 &#8220;BR\u0130EF&#8221; teleqram kanal\u0131 \u00f6z m\u0259nb\u0259l\u0259rin\u0259 istinad\u0259n m\u0259lumat yay\u0131b. Haz\u0131rda bu s\u0259f\u0259r\u0259 haz\u0131rl\u0131q gedir. Rusiya liderinin az\u0259rbaycanl\u0131 h\u0259mkar\u0131 \u0130lham \u018fliyevl\u0259 m\u00fczakir\u0259 ed\u0259c\u0259yi m\u0259s\u0259l\u0259l\u0259rd\u0259n biri d\u0259 Rusiya t\u0259bii qaz\u0131n\u0131n Zaqafqaziya respublikas\u0131na n\u0259qli olacaq. M\u0259nb\u0259l\u0259rin bildirdiyin\u0259 g\u00f6r\u0259, Moskva v\u0259 Bak\u0131 bir ne\u00e7\u0259 ayd\u0131r ki, bu m\u0259s\u0259l\u0259ni m\u00fczakir\u0259 edir v\u0259 T\u00fcrkiy\u0259 s\u00f6vd\u0259l\u0259\u015fm\u0259nin qarant\u0131d\u0131r. \u0130yulun \u0259vv\u0259lind\u0259 Ukrayna prezidenti Vladimir Zelenski Bloomberg-\u0259 m\u00fcsahib\u0259sind\u0259 bildirib ki, Kiyev bu ilin sonunda Qazprom il\u0259 tranzit sazi\u015fi ba\u015fa \u00e7atd\u0131qdan sonra Az\u0259rbaycan qaz\u0131n\u0131n \u00f6z \u0259razisi il\u0259 A\u0130-y\u0259 n\u0259qli imkanlar\u0131n\u0131&hellip;<\/p>\n","protected":false},"author":2,"featured_media":743425,"comment_status":"closed","ping_status":"closed","sticky":false,"template":"","format":"standard","meta":{"om_disable_all_campaigns":false,"_monsterinsights_skip_tracking":false,"_monsterinsights_sitenote_active":false,"_monsterinsights_sitenote_note":"","_monsterinsights_sitenote_category":0},"categories":[4],"tags":[],"aioseo_notices":[],"gutentor_comment":0,"rttpg_featured_image_url":{"full":["https:\/\/arantv.az\/wp-content\/uploads\/2024\/08\/adbcbefa4e488ae1bd402d6937d7e2cd.jpg",870,500,false],"landscape":["https:\/\/arantv.az\/wp-content\/uploads\/2024\/08\/adbcbefa4e488ae1bd402d6937d7e2cd.jpg",870,500,false],"portraits":["https:\/\/arantv.az\/wp-content\/uploads\/2024\/08\/adbcbefa4e488ae1bd402d6937d7e2cd.jpg",870,500,false],"thumbnail":["https:\/\/arantv.az\/wp-content\/uploads\/2024\/08\/adbcbefa4e488ae1bd402d6937d7e2cd-500x280.jpg",500,280,true],"medium":["https:\/\/arantv.az\/wp-content\/uploads\/2024\/08\/adbcbefa4e488ae1bd402d6937d7e2cd-635x365.jpg",635,365,true],"large":["https:\/\/arantv.az\/wp-content\/uploads\/2024\/08\/adbcbefa4e488ae1bd402d6937d7e2cd-840x483.jpg",640,368,true],"1536x1536":["https:\/\/arantv.az\/wp-content\/uploads\/2024\/08\/adbcbefa4e488ae1bd402d6937d7e2cd.jpg",870,500,false],"2048x2048":["https:\/\/arantv.az\/wp-content\/uploads\/2024\/08\/adbcbefa4e488ae1bd402d6937d7e2cd.jpg",870,500,false],"post-thumbnail":["https:\/\/arantv.az\/wp-content\/uploads\/2024\/08\/adbcbefa4e488ae1bd402d6937d7e2cd-240x172.jpg",240,172,true],"advps-thumb-one":["https:\/\/arantv.az\/wp-content\/uploads\/2024\/08\/adbcbefa4e488ae1bd402d6937d7e2cd.jpg",870,500,false]},"rttpg_author":{"display_name":"V\u00fcsal Rafiqo\u011flu","author_link":"https:\/\/arantv.az\/?author=2"},"rttpg_comment":0,"rttpg_category":"<a href=\"https:\/\/arantv.az\/?cat=4\" rel=\"category\">Siyas\u0259t<\/a>","rttpg_excerpt":"Rusiya prezidenti Vladimir Putin avqustun 19-da Bak\u0131ya s\u0259f\u0259r ed\u0259 bil\u0259r. Bu bar\u0259d\u0259 &#8220;BR\u0130EF&#8221; teleqram kanal\u0131 \u00f6z m\u0259nb\u0259l\u0259rin\u0259 istinad\u0259n m\u0259lumat yay\u0131b. Haz\u0131rda bu s\u0259f\u0259r\u0259 haz\u0131rl\u0131q gedir. Rusiya liderinin az\u0259rbaycanl\u0131 h\u0259mkar\u0131 \u0130lham \u018fliyevl\u0259 m\u00fczakir\u0259 ed\u0259c\u0259yi m\u0259s\u0259l\u0259l\u0259rd\u0259n biri d\u0259 Rusiya t\u0259bii qaz\u0131n\u0131n Zaqafqaziya respublikas\u0131na n\u0259qli olacaq. M\u0259nb\u0259l\u0259rin bildirdiyin\u0259 g\u00f6r\u0259, Moskva v\u0259 Bak\u0131 bir ne\u00e7\u0259 ayd\u0131r ki, bu m\u0259s\u0259l\u0259ni&hellip;","_links":{"self":[{"href":"https:\/\/arantv.az\/index.php?rest_route=\/wp\/v2\/posts\/743424"}],"collection":[{"href":"https:\/\/arantv.az\/index.php?rest_route=\/wp\/v2\/posts"}],"about":[{"href":"https:\/\/arantv.az\/index.php?rest_route=\/wp\/v2\/types\/post"}],"author":[{"embeddable":true,"href":"https:\/\/arantv.az\/index.php?rest_route=\/wp\/v2\/users\/2"}],"replies":[{"embeddable":true,"href":"https:\/\/arantv.az\/index.php?rest_route=%2Fwp%2Fv2%2Fcomments&post=743424"}],"version-history":[{"count":1,"href":"https:\/\/arantv.az\/index.php?rest_route=\/wp\/v2\/posts\/743424\/revisions"}],"predecessor-version":[{"id":743426,"href":"https:\/\/arantv.az\/index.php?rest_route=\/wp\/v2\/posts\/743424\/revisions\/743426"}],"wp:featuredmedia":[{"embeddable":true,"href":"https:\/\/arantv.az\/index.php?rest_route=\/wp\/v2\/media\/743425"}],"wp:attachment":[{"href":"https:\/\/arantv.az\/index.php?rest_route=%2Fwp%2Fv2%2Fmedia&parent=743424"}],"wp:term":[{"taxonomy":"category","embeddable":true,"href":"https:\/\/arantv.az\/index.php?rest_route=%2Fwp%2Fv2%2Fcategories&post=743424"},{"taxonomy":"post_tag","embeddable":true,"href":"https:\/\/arantv.az\/index.php?rest_route=%2Fwp%2Fv2%2Ftags&post=743424"}],"curies":[{"name":"wp","href":"https:\/\/api.w.org\/{rel}","templated":true}]}}