{"id":743437,"date":"2024-08-09T17:33:53","date_gmt":"2024-08-09T13:33:53","guid":{"rendered":"https:\/\/arantv.az\/?p=743437"},"modified":"2024-08-09T17:33:53","modified_gmt":"2024-08-09T13:33:53","slug":"baki-sumqayit-v%c9%99-abseronda-pensiyalar-od%c9%99nildi","status":"publish","type":"post","link":"https:\/\/arantv.az\/?p=743437","title":{"rendered":"Bak\u0131, Sumqay\u0131t v\u0259 Ab\u015feronda pensiyalar \u00d6D\u018fN\u0130LD\u0130"},"content":{"rendered":"<p><strong>Bu g\u00fcn Bak\u0131, Sumqay\u0131t \u015f\u0259h\u0259rl\u0259ri v\u0259 Ab\u015feron rayonu \u00fczr\u0259 avqust ay\u0131n\u0131n pensiyalar\u0131 \u00f6d\u0259nilib.<\/strong><\/p>\n<p>Bununla ba\u011fl\u0131\u00a0<strong>Musavat.com<\/strong>-a \u018fm\u0259k v\u0259 \u018fhalinin Sosial M\u00fcdafi\u0259si Nazirliyinin tabeliyind\u0259 D\u00f6vl\u0259t Sosial M\u00fcdafi\u0259 Fondundan m\u0259lumat verilib.<\/p>\n<p>Qeyd edilib ki, yax\u0131n g\u00fcnl\u0259rd\u0259 respublikam\u0131z\u0131n dig\u0259r b\u00f6lg\u0259l\u0259ri \u00fczr\u0259 bu ay\u0131n pensiyalar\u0131, h\u0259m\u00e7inin g\u00fcz\u0259\u015ftli \u015f\u0259rtl\u0259rl\u0259 pensiya h\u00fcququna malik \u015f\u0259xsl\u0259rin pensiyalar\u0131 da \u00f6d\u0259nil\u0259c\u0259k.<\/p>\n","protected":false},"excerpt":{"rendered":"<p>Bu g\u00fcn Bak\u0131, Sumqay\u0131t \u015f\u0259h\u0259rl\u0259ri v\u0259 Ab\u015feron rayonu \u00fczr\u0259 avqust ay\u0131n\u0131n pensiyalar\u0131 \u00f6d\u0259nilib. Bununla ba\u011fl\u0131\u00a0Musavat.com-a \u018fm\u0259k v\u0259 \u018fhalinin Sosial M\u00fcdafi\u0259si Nazirliyinin tabeliyind\u0259 D\u00f6vl\u0259t Sosial M\u00fcdafi\u0259 Fondundan m\u0259lumat verilib. Qeyd edilib ki, yax\u0131n g\u00fcnl\u0259rd\u0259 respublikam\u0131z\u0131n dig\u0259r b\u00f6lg\u0259l\u0259ri \u00fczr\u0259 bu ay\u0131n pensiyalar\u0131, h\u0259m\u00e7inin g\u00fcz\u0259\u015ftli \u015f\u0259rtl\u0259rl\u0259 pensiya h\u00fcququna malik \u015f\u0259xsl\u0259rin pensiyalar\u0131 da \u00f6d\u0259nil\u0259c\u0259k.<\/p>\n","protected":false},"author":2,"featured_media":743438,"comment_status":"closed","ping_status":"closed","sticky":false,"template":"","format":"standard","meta":{"om_disable_all_campaigns":false,"_monsterinsights_skip_tracking":false,"_monsterinsights_sitenote_active":false,"_monsterinsights_sitenote_note":"","_monsterinsights_sitenote_category":0},"categories":[1],"tags":[],"aioseo_notices":[],"gutentor_comment":0,"rttpg_featured_image_url":{"full":["https:\/\/arantv.az\/wp-content\/uploads\/2024\/08\/598ec58c7622d71d07733842c4e9b06e.jpg",850,500,false],"landscape":["https:\/\/arantv.az\/wp-content\/uploads\/2024\/08\/598ec58c7622d71d07733842c4e9b06e.jpg",850,500,false],"portraits":["https:\/\/arantv.az\/wp-content\/uploads\/2024\/08\/598ec58c7622d71d07733842c4e9b06e.jpg",850,500,false],"thumbnail":["https:\/\/arantv.az\/wp-content\/uploads\/2024\/08\/598ec58c7622d71d07733842c4e9b06e-500x280.jpg",500,280,true],"medium":["https:\/\/arantv.az\/wp-content\/uploads\/2024\/08\/598ec58c7622d71d07733842c4e9b06e-621x365.jpg",621,365,true],"large":["https:\/\/arantv.az\/wp-content\/uploads\/2024\/08\/598ec58c7622d71d07733842c4e9b06e-840x494.jpg",640,376,true],"1536x1536":["https:\/\/arantv.az\/wp-content\/uploads\/2024\/08\/598ec58c7622d71d07733842c4e9b06e.jpg",850,500,false],"2048x2048":["https:\/\/arantv.az\/wp-content\/uploads\/2024\/08\/598ec58c7622d71d07733842c4e9b06e.jpg",850,500,false],"post-thumbnail":["https:\/\/arantv.az\/wp-content\/uploads\/2024\/08\/598ec58c7622d71d07733842c4e9b06e-240x172.jpg",240,172,true],"advps-thumb-one":["https:\/\/arantv.az\/wp-content\/uploads\/2024\/08\/598ec58c7622d71d07733842c4e9b06e.jpg",850,500,false]},"rttpg_author":{"display_name":"V\u00fcsal Rafiqo\u011flu","author_link":"https:\/\/arantv.az\/?author=2"},"rttpg_comment":0,"rttpg_category":"<a href=\"https:\/\/arantv.az\/?cat=1\" rel=\"category\">C\u0259miyy\u0259t<\/a>","rttpg_excerpt":"Bu g\u00fcn Bak\u0131, Sumqay\u0131t \u015f\u0259h\u0259rl\u0259ri v\u0259 Ab\u015feron rayonu \u00fczr\u0259 avqust ay\u0131n\u0131n pensiyalar\u0131 \u00f6d\u0259nilib. Bununla ba\u011fl\u0131\u00a0Musavat.com-a \u018fm\u0259k v\u0259 \u018fhalinin Sosial M\u00fcdafi\u0259si Nazirliyinin tabeliyind\u0259 D\u00f6vl\u0259t Sosial M\u00fcdafi\u0259 Fondundan m\u0259lumat verilib. Qeyd edilib ki, yax\u0131n g\u00fcnl\u0259rd\u0259 respublikam\u0131z\u0131n dig\u0259r b\u00f6lg\u0259l\u0259ri \u00fczr\u0259 bu ay\u0131n pensiyalar\u0131, h\u0259m\u00e7inin g\u00fcz\u0259\u015ftli \u015f\u0259rtl\u0259rl\u0259 pensiya h\u00fcququna malik \u015f\u0259xsl\u0259rin pensiyalar\u0131 da \u00f6d\u0259nil\u0259c\u0259k.","_links":{"self":[{"href":"https:\/\/arantv.az\/index.php?rest_route=\/wp\/v2\/posts\/743437"}],"collection":[{"href":"https:\/\/arantv.az\/index.php?rest_route=\/wp\/v2\/posts"}],"about":[{"href":"https:\/\/arantv.az\/index.php?rest_route=\/wp\/v2\/types\/post"}],"author":[{"embeddable":true,"href":"https:\/\/arantv.az\/index.php?rest_route=\/wp\/v2\/users\/2"}],"replies":[{"embeddable":true,"href":"https:\/\/arantv.az\/index.php?rest_route=%2Fwp%2Fv2%2Fcomments&post=743437"}],"version-history":[{"count":1,"href":"https:\/\/arantv.az\/index.php?rest_route=\/wp\/v2\/posts\/743437\/revisions"}],"predecessor-version":[{"id":743439,"href":"https:\/\/arantv.az\/index.php?rest_route=\/wp\/v2\/posts\/743437\/revisions\/743439"}],"wp:featuredmedia":[{"embeddable":true,"href":"https:\/\/arantv.az\/index.php?rest_route=\/wp\/v2\/media\/743438"}],"wp:attachment":[{"href":"https:\/\/arantv.az\/index.php?rest_route=%2Fwp%2Fv2%2Fmedia&parent=743437"}],"wp:term":[{"taxonomy":"category","embeddable":true,"href":"https:\/\/arantv.az\/index.php?rest_route=%2Fwp%2Fv2%2Fcategories&post=743437"},{"taxonomy":"post_tag","embeddable":true,"href":"https:\/\/arantv.az\/index.php?rest_route=%2Fwp%2Fv2%2Ftags&post=743437"}],"curies":[{"name":"wp","href":"https:\/\/api.w.org\/{rel}","templated":true}]}}