{"id":743443,"date":"2024-08-09T17:48:08","date_gmt":"2024-08-09T13:48:08","guid":{"rendered":"https:\/\/arantv.az\/?p=743443"},"modified":"2024-08-09T17:48:08","modified_gmt":"2024-08-09T13:48:08","slug":"hava-il%c9%99-bagli-x%c9%99b%c9%99rdarliq-edildi","status":"publish","type":"post","link":"https:\/\/arantv.az\/?p=743443","title":{"rendered":"Hava il\u0259 ba\u011fl\u0131 X\u018fB\u018fRDARLIQ ED\u0130LD\u0130"},"content":{"rendered":"<p>Havan\u0131n d\u0259yi\u015f\u0259c\u0259yi il\u0259 ba\u011fl\u0131 x\u0259b\u0259rdarl\u0131q edilib.<\/p>\n<p>Milli Hidrometeorologiya Xidm\u0259tind\u0259n\u00a0<strong>Oxu.Az<\/strong>-a veril\u0259n m\u0259lumata g\u00f6r\u0259, avqustun 10-da g\u00fcnd\u00fcz da\u011fl\u0131q \u0259razil\u0259rd\u0259, 11-13-d\u0259 is\u0259 b\u0259zi yerl\u0259rd\u0259 fasil\u0259l\u0259rl\u0259 ya\u011f\u0131\u015f ya\u011faca\u011f\u0131, \u015fim\u015f\u0259k \u00e7axaca\u011f\u0131 g\u00f6zl\u0259nilir.<\/p>\n<p>Ayr\u0131-ayr\u0131 yerl\u0259rd\u0259 (Qaraba\u011f v\u0259 \u015e\u0259rqi Z\u0259ng\u0259zur, Da\u015fk\u0259s\u0259n-G\u0259d\u0259b\u0259y, Qazax-G\u0259nc\u0259, Balak\u0259n-\u015e\u0259ki, Da\u011fl\u0131q \u015eirvan, Quba-Qusar, M\u0259rk\u0259zi Aran) leysan xarakterli intensiv olaca\u011f\u0131, dolu d\u00fc\u015f\u0259c\u0259yi ehtimal\u0131 var.<\/p>\n<p>\u00c7aylarda sululu\u011fun artaca\u011f\u0131, B\u00f6y\u00fck v\u0259 Ki\u00e7ik Qafqaz\u0131n b\u0259zi da\u011f \u00e7aylar\u0131ndan q\u0131sam\u00fcdd\u0259tli da\u015fq\u0131n v\u0259 sel ke\u00e7\u0259c\u0259yi ehtimal\u0131 var.<\/p>\n","protected":false},"excerpt":{"rendered":"<p>Havan\u0131n d\u0259yi\u015f\u0259c\u0259yi il\u0259 ba\u011fl\u0131 x\u0259b\u0259rdarl\u0131q edilib. Milli Hidrometeorologiya Xidm\u0259tind\u0259n\u00a0Oxu.Az-a veril\u0259n m\u0259lumata g\u00f6r\u0259, avqustun 10-da g\u00fcnd\u00fcz da\u011fl\u0131q \u0259razil\u0259rd\u0259, 11-13-d\u0259 is\u0259 b\u0259zi yerl\u0259rd\u0259 fasil\u0259l\u0259rl\u0259 ya\u011f\u0131\u015f ya\u011faca\u011f\u0131, \u015fim\u015f\u0259k \u00e7axaca\u011f\u0131 g\u00f6zl\u0259nilir. Ayr\u0131-ayr\u0131 yerl\u0259rd\u0259 (Qaraba\u011f v\u0259 \u015e\u0259rqi Z\u0259ng\u0259zur, Da\u015fk\u0259s\u0259n-G\u0259d\u0259b\u0259y, Qazax-G\u0259nc\u0259, Balak\u0259n-\u015e\u0259ki, Da\u011fl\u0131q \u015eirvan, Quba-Qusar, M\u0259rk\u0259zi Aran) leysan xarakterli intensiv olaca\u011f\u0131, dolu d\u00fc\u015f\u0259c\u0259yi ehtimal\u0131 var. \u00c7aylarda sululu\u011fun artaca\u011f\u0131, B\u00f6y\u00fck v\u0259 Ki\u00e7ik Qafqaz\u0131n b\u0259zi da\u011f \u00e7aylar\u0131ndan q\u0131sam\u00fcdd\u0259tli da\u015fq\u0131n v\u0259 sel ke\u00e7\u0259c\u0259yi ehtimal\u0131 var.<\/p>\n","protected":false},"author":2,"featured_media":743444,"comment_status":"closed","ping_status":"closed","sticky":false,"template":"","format":"standard","meta":{"om_disable_all_campaigns":false,"_monsterinsights_skip_tracking":false,"_monsterinsights_sitenote_active":false,"_monsterinsights_sitenote_note":"","_monsterinsights_sitenote_category":0},"categories":[22],"tags":[],"aioseo_notices":[],"gutentor_comment":0,"rttpg_featured_image_url":{"full":["https:\/\/arantv.az\/wp-content\/uploads\/2024\/08\/images-5.jpg",303,166,false],"landscape":["https:\/\/arantv.az\/wp-content\/uploads\/2024\/08\/images-5.jpg",303,166,false],"portraits":["https:\/\/arantv.az\/wp-content\/uploads\/2024\/08\/images-5.jpg",303,166,false],"thumbnail":["https:\/\/arantv.az\/wp-content\/uploads\/2024\/08\/images-5.jpg",303,166,false],"medium":["https:\/\/arantv.az\/wp-content\/uploads\/2024\/08\/images-5.jpg",303,166,false],"large":["https:\/\/arantv.az\/wp-content\/uploads\/2024\/08\/images-5.jpg",303,166,false],"1536x1536":["https:\/\/arantv.az\/wp-content\/uploads\/2024\/08\/images-5.jpg",303,166,false],"2048x2048":["https:\/\/arantv.az\/wp-content\/uploads\/2024\/08\/images-5.jpg",303,166,false],"post-thumbnail":["https:\/\/arantv.az\/wp-content\/uploads\/2024\/08\/images-5-240x166.jpg",240,166,true],"advps-thumb-one":["https:\/\/arantv.az\/wp-content\/uploads\/2024\/08\/images-5.jpg",303,166,false]},"rttpg_author":{"display_name":"V\u00fcsal Rafiqo\u011flu","author_link":"https:\/\/arantv.az\/?author=2"},"rttpg_comment":0,"rttpg_category":"<a href=\"https:\/\/arantv.az\/?cat=22\" rel=\"category\">Hava<\/a>","rttpg_excerpt":"Havan\u0131n d\u0259yi\u015f\u0259c\u0259yi il\u0259 ba\u011fl\u0131 x\u0259b\u0259rdarl\u0131q edilib. Milli Hidrometeorologiya Xidm\u0259tind\u0259n\u00a0Oxu.Az-a veril\u0259n m\u0259lumata g\u00f6r\u0259, avqustun 10-da g\u00fcnd\u00fcz da\u011fl\u0131q \u0259razil\u0259rd\u0259, 11-13-d\u0259 is\u0259 b\u0259zi yerl\u0259rd\u0259 fasil\u0259l\u0259rl\u0259 ya\u011f\u0131\u015f ya\u011faca\u011f\u0131, \u015fim\u015f\u0259k \u00e7axaca\u011f\u0131 g\u00f6zl\u0259nilir. Ayr\u0131-ayr\u0131 yerl\u0259rd\u0259 (Qaraba\u011f v\u0259 \u015e\u0259rqi Z\u0259ng\u0259zur, Da\u015fk\u0259s\u0259n-G\u0259d\u0259b\u0259y, Qazax-G\u0259nc\u0259, Balak\u0259n-\u015e\u0259ki, Da\u011fl\u0131q \u015eirvan, Quba-Qusar, M\u0259rk\u0259zi Aran) leysan xarakterli intensiv olaca\u011f\u0131, dolu d\u00fc\u015f\u0259c\u0259yi ehtimal\u0131 var. \u00c7aylarda sululu\u011fun artaca\u011f\u0131, B\u00f6y\u00fck v\u0259 Ki\u00e7ik&hellip;","_links":{"self":[{"href":"https:\/\/arantv.az\/index.php?rest_route=\/wp\/v2\/posts\/743443"}],"collection":[{"href":"https:\/\/arantv.az\/index.php?rest_route=\/wp\/v2\/posts"}],"about":[{"href":"https:\/\/arantv.az\/index.php?rest_route=\/wp\/v2\/types\/post"}],"author":[{"embeddable":true,"href":"https:\/\/arantv.az\/index.php?rest_route=\/wp\/v2\/users\/2"}],"replies":[{"embeddable":true,"href":"https:\/\/arantv.az\/index.php?rest_route=%2Fwp%2Fv2%2Fcomments&post=743443"}],"version-history":[{"count":1,"href":"https:\/\/arantv.az\/index.php?rest_route=\/wp\/v2\/posts\/743443\/revisions"}],"predecessor-version":[{"id":743445,"href":"https:\/\/arantv.az\/index.php?rest_route=\/wp\/v2\/posts\/743443\/revisions\/743445"}],"wp:featuredmedia":[{"embeddable":true,"href":"https:\/\/arantv.az\/index.php?rest_route=\/wp\/v2\/media\/743444"}],"wp:attachment":[{"href":"https:\/\/arantv.az\/index.php?rest_route=%2Fwp%2Fv2%2Fmedia&parent=743443"}],"wp:term":[{"taxonomy":"category","embeddable":true,"href":"https:\/\/arantv.az\/index.php?rest_route=%2Fwp%2Fv2%2Fcategories&post=743443"},{"taxonomy":"post_tag","embeddable":true,"href":"https:\/\/arantv.az\/index.php?rest_route=%2Fwp%2Fv2%2Ftags&post=743443"}],"curies":[{"name":"wp","href":"https:\/\/api.w.org\/{rel}","templated":true}]}}