{"id":743609,"date":"2024-08-10T13:26:50","date_gmt":"2024-08-10T09:26:50","guid":{"rendered":"https:\/\/arantv.az\/?p=743609"},"modified":"2024-08-10T13:26:50","modified_gmt":"2024-08-10T09:26:50","slug":"s%c9%99hid-ceyranin-atasi-v%c9%99fat-etdi","status":"publish","type":"post","link":"https:\/\/arantv.az\/?p=743609","title":{"rendered":"\u015e\u0259hid Ceyran\u0131n atas\u0131 v\u0259fat etdi"},"content":{"rendered":"<p>Birinci Qaraba\u011f m\u00fcharib\u0259si \u015f\u0259hidi Ceyran Abdullayevan\u0131n atas\u0131 v\u0259fat edib.<\/p>\n<p><strong>ARANTV.AZ<\/strong>\u00a0 qafqazinfo-ya istinad\u0259n x\u0259b\u0259r verir ki, \u015f\u0259hidin atas\u0131 S\u0259yyaf Qarayev ya\u015fad\u0131\u011f\u0131 Z\u0259rdab rayonunda x\u0259st\u0259lik s\u0259b\u0259bind\u0259n \u00f6l\u00fcb.<\/p>\n<p>Qeyd ed\u0259k ki, Abdullayeva Ceyran S\u0259yyaf q\u0131z\u0131 1962-ci ild\u0259 Z\u0259rdab \u015f\u0259h\u0259rind\u0259 anadan olub. K\u00f6n\u00fcll\u00fc olaraq m\u00fcharib\u0259y\u0259 yollanan Ceyran rabit\u0259\u00e7i olub v\u0259 1992-ci ilin avqustun 15-i A\u011fdam rayonu \u0259razisind\u0259 \u015f\u0259hid olub. O, Bak\u0131da \u015e\u0259hidl\u0259r xiyaban\u0131nda d\u0259fn olunub.<\/p>\n","protected":false},"excerpt":{"rendered":"<p>Birinci Qaraba\u011f m\u00fcharib\u0259si \u015f\u0259hidi Ceyran Abdullayevan\u0131n atas\u0131 v\u0259fat edib. ARANTV.AZ\u00a0 qafqazinfo-ya istinad\u0259n x\u0259b\u0259r verir ki, \u015f\u0259hidin atas\u0131 S\u0259yyaf Qarayev ya\u015fad\u0131\u011f\u0131 Z\u0259rdab rayonunda x\u0259st\u0259lik s\u0259b\u0259bind\u0259n \u00f6l\u00fcb. Qeyd ed\u0259k ki, Abdullayeva Ceyran S\u0259yyaf q\u0131z\u0131 1962-ci ild\u0259 Z\u0259rdab \u015f\u0259h\u0259rind\u0259 anadan olub. K\u00f6n\u00fcll\u00fc olaraq m\u00fcharib\u0259y\u0259 yollanan Ceyran rabit\u0259\u00e7i olub v\u0259 1992-ci ilin avqustun 15-i A\u011fdam rayonu \u0259razisind\u0259 \u015f\u0259hid olub. O, Bak\u0131da \u015e\u0259hidl\u0259r xiyaban\u0131nda d\u0259fn olunub.<\/p>\n","protected":false},"author":2,"featured_media":743610,"comment_status":"closed","ping_status":"closed","sticky":false,"template":"","format":"standard","meta":{"om_disable_all_campaigns":false,"_monsterinsights_skip_tracking":false,"_monsterinsights_sitenote_active":false,"_monsterinsights_sitenote_note":"","_monsterinsights_sitenote_category":0},"categories":[5],"tags":[],"aioseo_notices":[],"gutentor_comment":0,"rttpg_featured_image_url":{"full":["https:\/\/arantv.az\/wp-content\/uploads\/2024\/08\/0d3a615f153cb66b768ceb7e34c624b5.jpg",637,400,false],"landscape":["https:\/\/arantv.az\/wp-content\/uploads\/2024\/08\/0d3a615f153cb66b768ceb7e34c624b5.jpg",637,400,false],"portraits":["https:\/\/arantv.az\/wp-content\/uploads\/2024\/08\/0d3a615f153cb66b768ceb7e34c624b5.jpg",637,400,false],"thumbnail":["https:\/\/arantv.az\/wp-content\/uploads\/2024\/08\/0d3a615f153cb66b768ceb7e34c624b5-500x280.jpg",500,280,true],"medium":["https:\/\/arantv.az\/wp-content\/uploads\/2024\/08\/0d3a615f153cb66b768ceb7e34c624b5-581x365.jpg",581,365,true],"large":["https:\/\/arantv.az\/wp-content\/uploads\/2024\/08\/0d3a615f153cb66b768ceb7e34c624b5.jpg",637,400,false],"1536x1536":["https:\/\/arantv.az\/wp-content\/uploads\/2024\/08\/0d3a615f153cb66b768ceb7e34c624b5.jpg",637,400,false],"2048x2048":["https:\/\/arantv.az\/wp-content\/uploads\/2024\/08\/0d3a615f153cb66b768ceb7e34c624b5.jpg",637,400,false],"post-thumbnail":["https:\/\/arantv.az\/wp-content\/uploads\/2024\/08\/0d3a615f153cb66b768ceb7e34c624b5-240x172.jpg",240,172,true],"advps-thumb-one":["https:\/\/arantv.az\/wp-content\/uploads\/2024\/08\/0d3a615f153cb66b768ceb7e34c624b5.jpg",637,400,false]},"rttpg_author":{"display_name":"V\u00fcsal Rafiqo\u011flu","author_link":"https:\/\/arantv.az\/?author=2"},"rttpg_comment":0,"rttpg_category":"<a href=\"https:\/\/arantv.az\/?cat=5\" rel=\"category\">Hadis\u0259<\/a>","rttpg_excerpt":"Birinci Qaraba\u011f m\u00fcharib\u0259si \u015f\u0259hidi Ceyran Abdullayevan\u0131n atas\u0131 v\u0259fat edib. ARANTV.AZ\u00a0 qafqazinfo-ya istinad\u0259n x\u0259b\u0259r verir ki, \u015f\u0259hidin atas\u0131 S\u0259yyaf Qarayev ya\u015fad\u0131\u011f\u0131 Z\u0259rdab rayonunda x\u0259st\u0259lik s\u0259b\u0259bind\u0259n \u00f6l\u00fcb. Qeyd ed\u0259k ki, Abdullayeva Ceyran S\u0259yyaf q\u0131z\u0131 1962-ci ild\u0259 Z\u0259rdab \u015f\u0259h\u0259rind\u0259 anadan olub. K\u00f6n\u00fcll\u00fc olaraq m\u00fcharib\u0259y\u0259 yollanan Ceyran rabit\u0259\u00e7i olub v\u0259 1992-ci ilin avqustun 15-i A\u011fdam rayonu \u0259razisind\u0259 \u015f\u0259hid olub.&hellip;","_links":{"self":[{"href":"https:\/\/arantv.az\/index.php?rest_route=\/wp\/v2\/posts\/743609"}],"collection":[{"href":"https:\/\/arantv.az\/index.php?rest_route=\/wp\/v2\/posts"}],"about":[{"href":"https:\/\/arantv.az\/index.php?rest_route=\/wp\/v2\/types\/post"}],"author":[{"embeddable":true,"href":"https:\/\/arantv.az\/index.php?rest_route=\/wp\/v2\/users\/2"}],"replies":[{"embeddable":true,"href":"https:\/\/arantv.az\/index.php?rest_route=%2Fwp%2Fv2%2Fcomments&post=743609"}],"version-history":[{"count":1,"href":"https:\/\/arantv.az\/index.php?rest_route=\/wp\/v2\/posts\/743609\/revisions"}],"predecessor-version":[{"id":743611,"href":"https:\/\/arantv.az\/index.php?rest_route=\/wp\/v2\/posts\/743609\/revisions\/743611"}],"wp:featuredmedia":[{"embeddable":true,"href":"https:\/\/arantv.az\/index.php?rest_route=\/wp\/v2\/media\/743610"}],"wp:attachment":[{"href":"https:\/\/arantv.az\/index.php?rest_route=%2Fwp%2Fv2%2Fmedia&parent=743609"}],"wp:term":[{"taxonomy":"category","embeddable":true,"href":"https:\/\/arantv.az\/index.php?rest_route=%2Fwp%2Fv2%2Fcategories&post=743609"},{"taxonomy":"post_tag","embeddable":true,"href":"https:\/\/arantv.az\/index.php?rest_route=%2Fwp%2Fv2%2Ftags&post=743609"}],"curies":[{"name":"wp","href":"https:\/\/api.w.org\/{rel}","templated":true}]}}