{"id":743615,"date":"2024-08-10T13:29:26","date_gmt":"2024-08-10T09:29:26","guid":{"rendered":"https:\/\/arantv.az\/?p=743615"},"modified":"2024-08-10T13:29:26","modified_gmt":"2024-08-10T09:29:26","slug":"prezident-ilham-%c9%99liyevd%c9%99n-qazaxistanda-muhum-mesajlar","status":"publish","type":"post","link":"https:\/\/arantv.az\/?p=743615","title":{"rendered":"Prezident \u0130lham \u018fliyevd\u0259n Qazax\u0131standa m\u00fch\u00fcm mesajlar"},"content":{"rendered":"<p><strong>\u201cD\u00fcnyada artan t\u0259hdid v\u0259 \u00e7a\u011f\u0131r\u0131\u015flar \u00f6lk\u0259l\u0259rimiz aras\u0131nda m\u00fcdafi\u0259 v\u0259 t\u0259hl\u00fck\u0259sizlik sah\u0259sind\u0259 \u0259m\u0259kda\u015fl\u0131\u011f\u0131n daha da g\u00fccl\u0259ndirilm\u0259sini t\u0259l\u0259b edir\u201d<\/strong><\/p>\n<p>Az\u0259rbaycan Respublikas\u0131n\u0131n Prezidenti \u0130lham \u018fliyev Qazax\u0131stan Respublikas\u0131n\u0131n Prezidenti Kas\u0131m-Jomart Tokayevin d\u0259v\u0259ti il\u0259 M\u0259rk\u0259zi Asiya v\u0259 Az\u0259rbaycan Respublikas\u0131n\u0131n D\u00f6vl\u0259t Ba\u015f\u00e7\u0131lar\u0131n\u0131n g\u00f6r\u00fc\u015f\u00fcnd\u0259 i\u015ftirak etm\u0259k \u00fc\u00e7\u00fcn avqustun 8-d\u0259 Qazax\u0131stana s\u0259f\u0259r edib.<\/p>\n<p>Astana \u015f\u0259h\u0259rinin Nursultan Nazarbayev Beyn\u0259lxalq Aeroportunda d\u00f6vl\u0259timizin ba\u015f\u00e7\u0131s\u0131n\u0131n \u015f\u0259r\u0259fin\u0259 f\u0259xri qarovul d\u0259st\u0259si d\u00fcz\u00fcl\u00fcb. Az\u0259rbaycan Prezidentini Qazax\u0131stan\u0131n ba\u015f naziri Oljas Bektenov v\u0259 dig\u0259r r\u0259smi \u015f\u0259xsl\u0259r qar\u015f\u0131lay\u0131b. El\u0259 h\u0259min g\u00fcn Qazax\u0131stan\u0131n paytaxt\u0131 Astana \u015f\u0259h\u0259rind\u0259 \u201cVe\u00e7er drucb\u0131\u201d adl\u0131 qala konsert ke\u00e7irilib, Prezident \u0130lham \u018fliyev t\u0259dbird\u0259 i\u015ftirak edib.<\/p>\n<p>Avqustun 9-da is\u0259 Astanada M\u0259rk\u0259zi Asiya v\u0259 Az\u0259rbaycan Respublikas\u0131n\u0131n D\u00f6vl\u0259t Ba\u015f\u00e7\u0131lar\u0131n\u0131n g\u00f6r\u00fc\u015f\u00fc ke\u00e7irilib. T\u0259dbird\u0259 Az\u0259rbaycan Respublikas\u0131n\u0131n Prezidenti \u0130lham \u018fliyev, Qazax\u0131stan prezidenti Kas\u0131m-Jomart Tokayev, Q\u0131r\u011f\u0131z\u0131stan prezidenti Sad\u0131r Japarov, Tacikistan prezidenti Emom\u0259li R\u0259hmon, T\u00fcrkm\u0259nistan prezidenti Serdar Berdim\u0259h\u0259mm\u0259dov v\u0259 \u00d6zb\u0259kistan prezidenti \u015eavkat Mirziyoyev \u00e7\u0131x\u0131\u015f edibl\u0259r.<\/p>\n<p><em>Prezident \u0130lham \u018fliyev \u00e7\u0131x\u0131\u015f\u0131nda \u00f6t\u0259n il Tacikistan prezidenti Emom\u0259li \u015earipovi\u00e7 R\u0259hmonun d\u0259v\u0259ti il\u0259 D\u00fc\u015f\u0259nb\u0259d\u0259 ke\u00e7iril\u0259n sammitd\u0259 i\u015ftirak\u0131n\u0131 xat\u0131rladaraq qeyd edib ki, Az\u0259rbaycan\u0131n bu g\u00f6r\u00fc\u015fl\u0259r\u0259 d\u0259v\u0259t olunmas\u0131 \u00f6lk\u0259l\u0259rimiz aras\u0131nda m\u00f6vcud dostluq, qarda\u015fl\u0131q m\u00fcnasib\u0259tl\u0259rind\u0259n v\u0259 inki\u015faf etm\u0259kd\u0259 olan \u0259m\u0259kda\u015fl\u0131qdan x\u0259b\u0259r verir:<\/em><\/p>\n<p>\u201cBu, son iki ild\u0259 m\u0259nim M\u0259rk\u0259zi Asiya \u00f6lk\u0259l\u0259rin\u0259 16-c\u0131 s\u0259f\u0259rimdir. H\u0259min m\u00fcdd\u0259td\u0259 Qazax\u0131stan, Q\u0131r\u011f\u0131z\u0131stan, Tacikistan v\u0259 \u00d6zb\u0259kistandan olan h\u0259mkarlar\u0131m Az\u0259rbaycan\u0131 \u00fcmumilikd\u0259 15 d\u0259f\u0259 ziyar\u0259t edibl\u0259r.<\/p>\n<p>Az\u0259rbaycan v\u0259 M\u0259rk\u0259zi Asiya \u00f6lk\u0259l\u0259ri artan strateji \u0259h\u0259miyy\u0259t\u0259 malik olan vahid tarixi-m\u0259d\u0259ni co\u011frafi regiondur. Xalqlar\u0131m\u0131z\u0131 \u00e7ox\u0259srlik tarix, m\u0259d\u0259niyy\u0259t, din v\u0259 ortaq d\u0259y\u0259rl\u0259r birl\u0259\u015fdirir&#8221;.<\/p>\n<p>\u0130lham \u018fliyev vur\u011fulay\u0131b ki, Erm\u0259nistan\u0131n i\u015f\u011fal\u0131ndan azad edilmi\u015f Qaraba\u011f\u0131n b\u0259rpas\u0131na d\u0259st\u0259k qarda\u015fl\u0131q m\u00fcnasib\u0259tl\u0259rinin t\u0259zah\u00fcrl\u0259rind\u0259n biridir: \u201cErm\u0259nistan t\u0259r\u0259find\u0259n t\u0259xmin\u0259n 30 illik i\u015f\u011fal d\u00f6vr\u00fcnd\u0259 bu \u0259razil\u0259rd\u0259 9 \u015f\u0259h\u0259r v\u0259 y\u00fczl\u0259rl\u0259 ya\u015fay\u0131\u015f m\u0259nt\u0259q\u0259si m\u0259hv edilib. \u0130\u015f\u011faldan azad olunmu\u015f \u0259razil\u0259rd\u0259 haz\u0131rda geni\u015fmiqyasl\u0131 b\u0259rpa i\u015fl\u0259ri apar\u0131l\u0131r v\u0259 ke\u00e7mi\u015f m\u0259cburi k\u00f6\u00e7k\u00fcnl\u0259rin \u00f6z do\u011fma yurdlar\u0131na qay\u0131d\u0131\u015f\u0131 davam edir. \u00d6t\u0259n il F\u00fczuli \u015f\u0259h\u0259rind\u0259 \u00d6zb\u0259kistan\u0131n h\u0259diyy\u0259si olan Mirz\u0259 Uluqb\u0259y ad\u0131na m\u0259kt\u0259bin, bu il is\u0259 Qazax\u0131stan\u0131n h\u0259diyy\u0259si olan Kurmanqaz\u0131 ad\u0131na U\u015faq Yarad\u0131c\u0131l\u0131q M\u0259rk\u0259zinin a\u00e7\u0131l\u0131\u015f\u0131 olub. H\u0259m\u00e7inin bu il A\u011fdam rayonunda Q\u0131r\u011f\u0131z\u0131stan\u0131n h\u0259diyy\u0259si olan orta m\u0259kt\u0259b binas\u0131n\u0131n t\u0259m\u0259lqoyma m\u0259rasimi ke\u00e7irilib. Bu qarda\u015fl\u0131q d\u0259st\u0259yin\u0259 g\u00f6r\u0259 \u00d6zb\u0259kistan, Qazax\u0131stan v\u0259 Q\u0131r\u011f\u0131z\u0131stan prezidentl\u0259rin\u0259 t\u0259\u015f\u0259kk\u00fcr\u00fcm\u00fc bildirir\u0259m.<\/p>\n<p>D\u00fcnyada artan t\u0259hdid v\u0259 \u00e7a\u011f\u0131r\u0131\u015flar \u00f6lk\u0259l\u0259rimiz aras\u0131nda m\u00fcdafi\u0259 v\u0259 t\u0259hl\u00fck\u0259sizlik sah\u0259sind\u0259 \u0259m\u0259kda\u015fl\u0131\u011f\u0131n daha da g\u00fccl\u0259ndirilm\u0259sini t\u0259l\u0259b edir. Bu x\u00fcsusda \u00f6t\u0259n ay Qazax\u0131standa ke\u00e7irilmi\u015f v\u0259 Az\u0259rbaycan\u0131n da i\u015ftirak etdiyi \u201cBirl\u0259\u015fdik-2024&#8243; beyn\u0259lxalq \u0259m\u0259liyyat-taktiki komanda-q\u0259rargah t\u0259limini x\u00fcsusil\u0259 vur\u011fulamaq ist\u0259rdim. H\u0259m\u00e7inin Az\u0259rbaycan\u0131n h\u0259rbi t\u0259hsil m\u00fc\u0259ssis\u0259l\u0259rind\u0259 M\u0259rk\u0259zi Asiya \u00f6lk\u0259l\u0259rind\u0259n olan m\u00fcdaviml\u0259rin t\u0259hsil almalar\u0131 bu sah\u0259d\u0259 m\u00fcnasib\u0259tl\u0259rin inki\u015faf\u0131n\u0131n g\u00f6st\u0259ricisidir.<\/p>\n<p><strong>Az\u0259rbaycan b\u0259rpaolunan enerji sah\u0259sind\u0259 M\u0259rk\u0259zi Asiya \u00f6lk\u0259l\u0259ri il\u0259 s\u0131x \u0259m\u0259kda\u015fl\u0131qda maraql\u0131d\u0131r. Bu ilin may ay\u0131nda imzalanm\u0131\u015f \u201cAz\u0259rbaycan, Qazax\u0131stan v\u0259 \u00d6zb\u0259kistan\u0131n enerji sisteml\u0259rinin birl\u0259\u015fdirilm\u0259si \u00fczr\u0259 \u018fm\u0259kda\u015fl\u0131q Memorandumu\u201d ya\u015f\u0131l enerji sah\u0259sind\u0259 \u0259m\u0259kda\u015fl\u0131\u011f\u0131m\u0131zda ilk add\u0131md\u0131r&#8221;.<\/strong><\/p>\n<p>Prezident h\u0259m\u00e7inin bildirib ki, qar\u015f\u0131l\u0131ql\u0131 f\u0259aliyy\u0259tin m\u00fch\u00fcm istiqam\u0259tl\u0259rind\u0259n biri d\u0259 n\u0259qliyyat-tranzit sah\u0259sind\u0259 \u0259m\u0259kda\u015fl\u0131qd\u0131r: \u201cBak\u0131-Tiflis-Qars d\u0259mir yolunun y\u00fcka\u015f\u0131rma qabiliyy\u0259tinin 1 milyon tondan 5 milyon tonad\u0259k art\u0131r\u0131lmas\u0131, \u018fl\u0259t Beyn\u0259lxalq Ticar\u0259t Liman\u0131n\u0131n illik \u00f6t\u00fcr\u00fcc\u00fcl\u00fck qabiliyy\u0259tinin 15 milyon tondan 25 milyon tonad\u0259k art\u0131r\u0131lmas\u0131 istiqam\u0259tind\u0259 g\u00f6r\u00fclm\u00fc\u015f i\u015fl\u0259r, X\u0259z\u0259r d\u0259nizind\u0259 Az\u0259rbaycan\u0131n ticar\u0259t donanmas\u0131 \u00fc\u00e7\u00fcn yeni g\u0259mil\u0259rin sifari\u015f edilm\u0259si, el\u0259c\u0259 d\u0259 M\u0259rk\u0259zi Asiya \u00f6lk\u0259l\u0259rind\u0259 infrastruktur layih\u0259l\u0259rinin h\u0259yata ke\u00e7irilm\u0259si Orta d\u0259hlizin praktiki c\u0259h\u0259td\u0259n \u00f6n\u0259mini daha da art\u0131r\u0131r.<\/p>\n<p>Qazax\u0131stan, Q\u0131r\u011f\u0131z\u0131stan v\u0259 \u00d6zb\u0259kistanla f\u0259al \u015f\u0259kild\u0259 investisiya layih\u0259l\u0259ri h\u0259yata ke\u00e7irilir. Art\u0131q Az\u0259rbaycan-Qazax\u0131stan, Az\u0259rbaycan-Q\u0131r\u011f\u0131z\u0131stan v\u0259 Az\u0259rbaycan-\u00d6zb\u0259kistan birg\u0259 investisiya fondlar\u0131 yarad\u0131l\u0131b. H\u0259yata ke\u00e7iril\u0259n \u201cR\u0259q\u0259msal \u0130p\u0259k Yolu\u201d layih\u0259si r\u0259q\u0259msal infrastrukturun inki\u015faf\u0131na v\u0259 r\u0259q\u0259msal t\u0259hl\u00fck\u0259sizliy\u0259 t\u00f6hf\u0259 ver\u0259c\u0259kdir.<\/p>\n<p>Az\u0259rbaycan v\u0259 M\u0259rk\u0259zi Asiya \u00f6lk\u0259l\u0259ri beyn\u0259lxalq t\u0259\u015fkilatlar \u00e7\u0259r\u00e7iv\u0259sind\u0259 u\u011furla \u0259m\u0259kda\u015fl\u0131q edirl\u0259r. Bu x\u00fcsusda, BMT-nin M\u0259rk\u0259zi Asiya \u00d6lk\u0259l\u0259rinin \u0130qtisadiyyatlar\u0131 \u00fc\u00e7\u00fcn X\u00fcsusi Proqram\u0131 &#8211; SPECA-n\u0131 qeyd etm\u0259k ist\u0259rdim. \u00d6t\u0259n ilin noyabr ay\u0131nda Bak\u0131da ke\u00e7irilmi\u015f, SPECA-n\u0131n 25 illiyin\u0259 h\u0259sr olunmu\u015f Zirv\u0259 g\u00f6r\u00fc\u015f\u00fcn\u00fcn n\u0259tic\u0259l\u0259ri \u0259m\u0259kda\u015fl\u0131\u011f\u0131m\u0131z\u0131n praktiki inki\u015faf\u0131 bax\u0131m\u0131ndan \u0259h\u0259miyy\u0259t k\u0259sb edir. SPECA-n\u0131n Bak\u0131da ke\u00e7iril\u0259n Sammitind\u0259 i\u015ftirak etdikl\u0259rin\u0259 g\u00f6r\u0259 Qazax\u0131stan, Q\u0131r\u011f\u0131z\u0131stan, Tacikistan v\u0259 \u00d6zb\u0259kistan prezidentl\u0259rin\u0259 bir daha t\u0259\u015f\u0259kk\u00fcr edir\u0259m&#8221;.<\/p>\n<p>\u0130lham \u018fliyev xat\u0131rlad\u0131b ki, Az\u0259rbaycan beyn\u0259lxalq ictimaiyy\u0259tin yekdil d\u0259st\u0259yini qazanaraq bu ilin noyabr ay\u0131nda COP29 iqlim konfrans\u0131na ev sahibliyi ed\u0259c\u0259k.<\/p>\n<p>Az\u0259rbaycan COP29-a s\u0259drliyi \u00e7\u0259r\u00e7iv\u0259sind\u0259 regionda iqlim d\u0259yi\u015fm\u0259l\u0259ri il\u0259 ba\u011fl\u0131 probleml\u0259rin h\u0259lli \u00fc\u00e7\u00fcn M\u0259rk\u0259zi Asiya \u00f6lk\u0259l\u0259ri il\u0259 birg\u0259 t\u0259\u015f\u0259bb\u00fcsl\u0259ri d\u0259st\u0259kl\u0259m\u0259y\u0259 haz\u0131rd\u0131r: \u201cM\u0259n art\u0131q M\u0259rk\u0259zi Asiya \u00f6lk\u0259l\u0259rinin prezidentl\u0259rin\u0259 r\u0259smi d\u0259v\u0259t m\u0259ktublar\u0131 g\u00f6nd\u0259rmi\u015f\u0259m v\u0259 noyabrda Bak\u0131da yenid\u0259n g\u00f6r\u00fc\u015fm\u0259yimiz\u0259 \u015fad olaram\u201d.<\/p>\n<p><strong>\u201cQazax\u0131stan M\u0259rk\u0259zi Asiyada ticar\u0259tin v\u0259 n\u0259qliyyat sah\u0259sind\u0259 \u0259m\u0259kda\u015fl\u0131\u011f\u0131n geni\u015fl\u0259ndirilm\u0259sinin t\u0259r\u0259fdar\u0131d\u0131r\u201d.<\/strong><\/p>\n<p>Bunu is\u0259 Qazax\u0131stan prezidenti Kas\u0131m-Jomart Tokayev bildirib. Onun fikrinc\u0259, birg\u0259 infrastruktur v\u0259 n\u0259qliyyat layih\u0259l\u0259rinin h\u0259yata ke\u00e7irilm\u0259si 5 M\u0259rk\u0259zi Asiya \u00f6lk\u0259sinin iqtisadiyyat\u0131n\u0131n daha da inki\u015faf\u0131na t\u00f6hf\u0259 ver\u0259c\u0259k: \u201cRegionun tranzit v\u0259 n\u0259qliyyat potensial\u0131n\u0131n daha da inki\u015faf etdirilm\u0259si, el\u0259c\u0259 d\u0259 M\u0259rk\u0259zi Asiyan\u0131n n\u0259qliyyat sisteminin inki\u015faf\u0131 \u00fczr\u0259 kompleks strategiyan\u0131n q\u0259bulu b\u00f6y\u00fck \u0259h\u0259miyy\u0259t k\u0259sb edir\u201d.<\/p>\n<p><img loading=\"lazy\" src=\"https:\/\/static.president.az\/upload\/1960x1292\/2023\/11\/24\/1700812444_1853efb024b481f138ddabeb01e82f23.jpg\" alt=\"\u0130lham \u018fliyev Qazax\u0131stan Prezidenti Kas\u0131m-Jomart Tokayev il\u0259 g\u00f6r\u00fc\u015f\u00fcb \u00bb  Az\u0259rbaycan Prezidentinin R\u0259smi internet s\u0259hif\u0259si\" width=\"1255\" height=\"923\" \/><\/p>\n<p>\u201cBurada M\u0259rk\u0259zi Asiya \u00f6lk\u0259l\u0259rinin bu v\u0259 yaxud dig\u0259r d\u0259r\u0259c\u0259d\u0259 c\u0259lb olundu\u011fu Transx\u0259z\u0259r Beyn\u0259lxalq N\u0259qliyyat Mar\u015frutu, &#8220;\u015eimal-C\u0259nub&#8221; d\u0259hlizi, \u201cBir k\u0259m\u0259r, bir yol\u201d t\u0259\u015f\u0259bb\u00fcs\u00fc kimi layih\u0259l\u0259r\u0259 x\u00fcsusi diqq\u0259t ayr\u0131l\u0131r. Birg\u0259 s\u0259yl\u0259r say\u0259sind\u0259 b\u00fct\u00fcn Qazax\u0131stan-T\u00fcrkm\u0259nistan-\u0130ran d\u0259mir yolu x\u0259ttinin potensial\u0131 ard\u0131c\u0131l olaraq art\u0131r. Bu g\u00fcn bu, Fars k\u00f6rf\u0259zi \u00f6lk\u0259l\u0259rin\u0259 \u0259n q\u0131sa mar\u015frutdur. Qazax\u0131standa 2030-cu il\u0259 q\u0259d\u0259r 11 min km-d\u0259n \u00e7ox d\u0259mir yolu x\u0259ttinin modernl\u0259\u015fdirilm\u0259si planla\u015fd\u0131r\u0131l\u0131r. Biz C\u0259nubi Asiya bazarlar\u0131na \u00e7\u0131x\u0131\u015f\u0131 t\u0259min ed\u0259c\u0259k Trans-\u018ffqan\u0131stan d\u0259mir yolu x\u0259ttinin tikintisini perspektivli hesab edirik. Qazax\u0131stan n\u0259qliyyat v\u0259 tranzit sektorunda geni\u015fmiqyasl\u0131 i\u015fl\u0259r apar\u0131r. 2030-cu il\u0259 q\u0259d\u0259r \u00f6lk\u0259miz 5 min km-d\u0259n \u00e7ox yeni d\u0259mir yolu x\u0259tti \u00e7\u0259km\u0259yi planla\u015fd\u0131r\u0131r&#8221;.<\/p>\n<p><strong>K.Tokayev \u0259lav\u0259 edib ki, s\u0259rh\u0259dyan\u0131 \u0259razil\u0259rd\u0259 ticar\u0259t, logistika v\u0259 s\u0259naye qov\u015faqlar\u0131 \u015f\u0259b\u0259k\u0259sinin inki\u015faf\u0131 da prioritet m\u0259s\u0259l\u0259dir: \u201cK\u0259nd t\u0259s\u0259rr\u00fcfat\u0131, logistika, tekstil v\u0259 kimya s\u0259nayesi, tikinti kimi perspektivli sah\u0259l\u0259rd\u0259 h\u0259rt\u0259r\u0259fli t\u0259r\u0259fda\u015fl\u0131\u011f\u0131m\u0131z\u0131 yeni m\u00fcqavil\u0259l\u0259rl\u0259 g\u00fccl\u0259ndirm\u0259k laz\u0131md\u0131r\u201d.<\/strong><\/p>\n<p>K.Tokayev M\u0259rk\u0259zi Asiya \u00f6lk\u0259l\u0259ri aras\u0131nda ticar\u0259t d\u00f6vriyy\u0259sinin art\u0131r\u0131lmas\u0131n\u0131n v\u0259 yax\u0131n g\u0259l\u0259c\u0259kd\u0259 15 milyard AB\u015e dollar\u0131na \u00e7atd\u0131r\u0131lmas\u0131n\u0131n vacibliyini vur\u011fulay\u0131b.<\/p>\n<p>T\u0259dbird\u0259 M\u0259rk\u0259zi Asiya D\u00f6vl\u0259t Ba\u015f\u00e7\u0131lar\u0131n\u0131n M\u0259\u015fv\u0259r\u0259t g\u00f6r\u00fc\u015f\u00fcn\u0259 s\u0259drliyin Qazax\u0131standan \u00d6zb\u0259kistana ke\u00e7diyi m\u0259lum olub. Bel\u0259 ki, K.Tokayev \u00e7\u0131x\u0131\u015f\u0131n\u0131n sonunda m\u0259\u015fv\u0259r\u0259t g\u00f6r\u00fc\u015f\u00fcn\u00fcn n\u00f6vb\u0259ti s\u0259dri postunda \u015e.Mirziyoyev\u0259 b\u00f6y\u00fck u\u011furlar arzulay\u0131b.<\/p>\n<p><strong>Prezidentl\u0259r h\u0259m\u00e7inin \u00fc\u00e7 s\u0259n\u0259d, o c\u00fcml\u0259d\u0259n VI M\u0259\u015fv\u0259r\u0259t g\u00f6r\u00fc\u015f\u00fcn\u00fcn yekunlar\u0131na dair Birg\u0259 B\u0259yanat, &#8220;M\u0259rk\u0259zi Asiya &#8211; 2040&#8221; Regional \u018fm\u0259kda\u015fl\u0131\u011f\u0131n \u0130nki\u015faf\u0131 Konsepsiyas\u0131 v\u0259 &#8220;\u00d6zb\u0259kistan Respublikas\u0131n\u0131n Prezidenti Mirziyoyev \u015eavkat Miromonovi\u00e7in M\u0259rk\u0259zi Asiya d\u00f6vl\u0259t ba\u015f\u00e7\u0131lar\u0131n\u0131n f\u0259xri ni\u015fan\u0131 il\u0259 t\u0259ltif edilm\u0259si haqq\u0131nda&#8221; VI M\u0259\u015fv\u0259r\u0259t g\u00f6r\u00fc\u015f\u00fcn\u00fcn q\u0259rar\u0131n\u0131 imzalay\u0131blar.<\/strong><\/p>\n<p>Bundan \u0259lav\u0259, g\u00f6r\u00fc\u015fd\u0259 M\u0259rk\u0259zi Asiya \u00f6lk\u0259l\u0259rinin liderl\u0259ri \u201c2025-2027-ci ill\u0259r \u00fc\u00e7\u00fcn regional \u0259m\u0259kda\u015fl\u0131\u011f\u0131n inki\u015faf\u0131na dair Yol X\u0259rit\u0259si\u201dni v\u0259 \u201cM\u0259rk\u0259zi Asiya d\u00f6vl\u0259tl\u0259rinin s\u0259naye \u0259m\u0259kda\u015fl\u0131\u011f\u0131n\u0131n inki\u015faf\u0131na dair 2025-2027-ci ill\u0259r \u00fc\u00e7\u00fcn F\u0259aliyy\u0259t Plan\u0131\u201dn\u0131 t\u0259sdiq edibl\u0259r.<\/p>\n<p><strong>Daha sonra \u00d6zb\u0259kistan Respublikas\u0131n\u0131n Prezidenti \u015eavkat Mirziyoyev\u0259 \u201cM\u0259rk\u0259zi Asiya D\u00f6vl\u0259t Ba\u015f\u00e7\u0131lar\u0131n\u0131n F\u0259xri ni\u015fan\u0131\u201dn\u0131n t\u0259nt\u0259n\u0259li t\u0259qdim edilm\u0259si m\u0259rasimi ke\u00e7irilib. Az\u0259rbaycan Respublikas\u0131n\u0131n Prezidenti \u0130lham \u018fliyev v\u0259 dig\u0259r d\u00f6vl\u0259t ba\u015f\u00e7\u0131lar\u0131 t\u0259dbird\u0259 i\u015ftirak edibl\u0259r.<\/strong><\/p>\n<p>\u201cM\u0259rk\u0259zi Asiyan\u0131n d\u00f6vl\u0259t ba\u015f\u00e7\u0131lar\u0131n\u0131n Qazax\u0131stan\u0131n paytax\u0131t Astanada ke\u00e7iril\u0259n VI M\u0259\u015fv\u0259r\u0259t g\u00f6r\u00fc\u015f\u00fcn\u0259 Az\u0259rbaycan Prezidenti \u0130lham \u018fliyevin d\u0259 d\u0259v\u0259t olunmas\u0131 \u00e7ox \u0259lam\u0259tdar hadis\u0259dir. Bu, haz\u0131rda T\u00fcrk d\u00fcnyas\u0131nda Az\u0259rbaycan\u0131n n\u0259 q\u0259d\u0259r \u00f6n\u0259mli oldu\u011funu bir daha g\u00f6st\u0259rir\u201d.<\/p>\n<p><img src=\"https:\/\/news365.az\/\/uploads\/images\/image_660x441_662aab2badd4e.jpg\" alt=\"Erm\u0259nistan Q\u0259rbl\u0259 g\u00fccl\u00fc \u0259m\u0259kda\u015fl\u0131q edir&quot;- Zeynal \u018fmr\u0259liyev News 365\" \/><\/p>\n<p><strong>Zeynal \u018fmr\u0259liyev<\/strong><\/p>\n<p><strong>Bu s\u00f6zl\u0259ri \u201cYeni M\u00fcsavat\u201da a\u00e7\u0131qlamas\u0131nda politoloq Zeynal \u018fmr\u0259liyev deyib. Politoloq qeyd edib ki, \u0130lham \u018fliyevin t\u00fcrk d\u00f6vl\u0259tl\u0259rinin inteqrasiyas\u0131ndak\u0131 rolu dan\u0131lmazd\u0131r:<\/strong>\u00a0\u201cY\u0259ni Prezident \u0130lham \u018fliyev t\u00fcrk birliyinin g\u00fccl\u0259ndirilm\u0259si \u00fc\u00e7\u00fcn var q\u00fcvv\u0259si il\u0259 \u00e7al\u0131\u015f\u0131r. Haz\u0131rda Az\u0259rbacyan T\u00fcrk d\u00fcnyas\u0131n\u0131n \u0259sas apar\u0131c\u0131 q\u00fcvv\u0259sidir. Buna g\u00f6r\u0259 d\u0259 M\u0259rk\u0259zi Asiyan\u0131n d\u00f6vl\u0259t ba\u015f\u00e7\u0131lar\u0131n\u0131n VI M\u0259\u015fv\u0259r\u0259t toplant\u0131s\u0131na Prezident \u0130lham \u018fliyev d\u0259v\u0259t olundu. \u015e\u00fch\u0259siz ki, bu s\u0259f\u0259r \u00e7ox m\u00fch\u00fcm \u0259h\u0259miyy\u0259t k\u0259sb edir. Bel\u0259 ki, s\u0259f\u0259r zaman\u0131 \u00e7ox m\u00fch\u00fcm g\u00f6r\u00fc\u015fl\u0259r ke\u00e7irildi, liderl\u0259r \u015fam yem\u0259yind\u0259 bir araya g\u0259ldi, h\u0259m\u00e7inin m\u00fcxt\u0259lif formatda iki t\u0259r\u0259fli g\u00f6r\u00fc\u015fl\u0259r ba\u015f tutdu. Haz\u0131rda Qazax\u0131stanla Az\u0259rbaycan aras\u0131nda iqtisadi v\u0259 siyasi \u0259laq\u0259l\u0259r y\u00fcks\u0259l\u0259n x\u0259tl\u0259 inki\u015faf edir. Son zamanlarda iki \u00f6lk\u0259 aras\u0131nda ticar\u0259t d\u00f6vriyy\u0259si x\u00fcsusil\u0259 art\u0131. H\u0259m\u00e7inin enerji m\u00fcbadil\u0259si sah\u0259sind\u0259 d\u0259 \u0259m\u0259kda\u015fl\u0131q geni\u015f v\u00fcs\u0259t al\u0131b\u201d.<\/p>\n<p>Politoloq qeyd edib ki, Az\u0259rbaycan liderinin q\u0259tiyy\u0259ti say\u0259sind\u0259 bu g\u00fcn t\u00fcrk d\u00f6vl\u0259tl\u0259ri m\u00fch\u00fcm m\u0259s\u0259l\u0259l\u0259rd\u0259 h\u0259mr\u0259ylik n\u00fcmayi\u015f etdir\u0259 bilirl\u0259r: \u201cM\u0259lum oldu\u011fu kimi, Az\u0259rbaycan Qo\u015fulmama H\u0259r\u0259kat\u0131n\u0131n s\u0259dri kimi bu h\u0259r\u0259k\u0259tda t\u0259msil olunan d\u00f6vl\u0259tl\u0259rin \u00fcmumi, qlobal m\u0259s\u0259l\u0259l\u0259rd\u0259 birliyin\u0259, h\u0259mr\u0259yliyin\u0259 nail oldu. Art\u0131q t\u00fcrk d\u00f6vl\u0259tl\u0259ri \u00f6n\u0259mli m\u0259s\u0259l\u0259l\u0259rd\u0259 bir-birin\u0259 d\u0259st\u0259k verirl\u0259r.<\/p>\n<p>\u00dcmumiyy\u0259tl\u0259, Az\u0259rbaycan lideri t\u00fcrk d\u00f6vl\u0259tl\u0259ri, M\u0259rk\u0259zi Asiya d\u00f6vl\u0259tl\u0259ri aras\u0131nda \u00e7ox g\u00fccl\u00fc n\u00fcfuza malikdir. T\u0259sad\u00fcfi deyil ki, Az\u0259rbaycan Prezidentini Qazax\u0131stana s\u0259f\u0259ri zaman\u0131 Astanada Nursultan Nazarbayev ad\u0131na beyn\u0259lxalq hava liman\u0131nda birba\u015fa \u00f6lk\u0259nin ba\u015f naziri qar\u015f\u0131lad\u0131. Bu bir daha Az\u0259rbaycana, onun liderin\u0259 veril\u0259n \u00f6n\u0259min g\u00f6st\u0259ricisidir&#8221;.<\/p>\n","protected":false},"excerpt":{"rendered":"<p>\u201cD\u00fcnyada artan t\u0259hdid v\u0259 \u00e7a\u011f\u0131r\u0131\u015flar \u00f6lk\u0259l\u0259rimiz aras\u0131nda m\u00fcdafi\u0259 v\u0259 t\u0259hl\u00fck\u0259sizlik sah\u0259sind\u0259 \u0259m\u0259kda\u015fl\u0131\u011f\u0131n daha da g\u00fccl\u0259ndirilm\u0259sini t\u0259l\u0259b edir\u201d Az\u0259rbaycan Respublikas\u0131n\u0131n Prezidenti \u0130lham \u018fliyev Qazax\u0131stan Respublikas\u0131n\u0131n Prezidenti Kas\u0131m-Jomart Tokayevin d\u0259v\u0259ti il\u0259 M\u0259rk\u0259zi Asiya v\u0259 Az\u0259rbaycan Respublikas\u0131n\u0131n D\u00f6vl\u0259t Ba\u015f\u00e7\u0131lar\u0131n\u0131n g\u00f6r\u00fc\u015f\u00fcnd\u0259 i\u015ftirak etm\u0259k \u00fc\u00e7\u00fcn avqustun 8-d\u0259 Qazax\u0131stana s\u0259f\u0259r edib. Astana \u015f\u0259h\u0259rinin Nursultan Nazarbayev Beyn\u0259lxalq Aeroportunda d\u00f6vl\u0259timizin ba\u015f\u00e7\u0131s\u0131n\u0131n \u015f\u0259r\u0259fin\u0259 f\u0259xri qarovul d\u0259st\u0259si d\u00fcz\u00fcl\u00fcb. Az\u0259rbaycan Prezidentini Qazax\u0131stan\u0131n ba\u015f naziri Oljas Bektenov v\u0259 dig\u0259r r\u0259smi \u015f\u0259xsl\u0259r qar\u015f\u0131lay\u0131b. El\u0259 h\u0259min g\u00fcn Qazax\u0131stan\u0131n paytaxt\u0131 Astana \u015f\u0259h\u0259rind\u0259 \u201cVe\u00e7er drucb\u0131\u201d adl\u0131 qala konsert ke\u00e7irilib, Prezident \u0130lham \u018fliyev t\u0259dbird\u0259 i\u015ftirak edib. Avqustun&hellip;<\/p>\n","protected":false},"author":2,"featured_media":743616,"comment_status":"closed","ping_status":"closed","sticky":false,"template":"","format":"standard","meta":{"om_disable_all_campaigns":false,"_monsterinsights_skip_tracking":false,"_monsterinsights_sitenote_active":false,"_monsterinsights_sitenote_note":"","_monsterinsights_sitenote_category":0},"categories":[4],"tags":[],"aioseo_notices":[],"gutentor_comment":0,"rttpg_featured_image_url":{"full":["https:\/\/arantv.az\/wp-content\/uploads\/2024\/08\/698097006ab75611620b6bbea3b73c21.jpg",850,500,false],"landscape":["https:\/\/arantv.az\/wp-content\/uploads\/2024\/08\/698097006ab75611620b6bbea3b73c21.jpg",850,500,false],"portraits":["https:\/\/arantv.az\/wp-content\/uploads\/2024\/08\/698097006ab75611620b6bbea3b73c21.jpg",850,500,false],"thumbnail":["https:\/\/arantv.az\/wp-content\/uploads\/2024\/08\/698097006ab75611620b6bbea3b73c21-500x280.jpg",500,280,true],"medium":["https:\/\/arantv.az\/wp-content\/uploads\/2024\/08\/698097006ab75611620b6bbea3b73c21-621x365.jpg",621,365,true],"large":["https:\/\/arantv.az\/wp-content\/uploads\/2024\/08\/698097006ab75611620b6bbea3b73c21-840x494.jpg",640,376,true],"1536x1536":["https:\/\/arantv.az\/wp-content\/uploads\/2024\/08\/698097006ab75611620b6bbea3b73c21.jpg",850,500,false],"2048x2048":["https:\/\/arantv.az\/wp-content\/uploads\/2024\/08\/698097006ab75611620b6bbea3b73c21.jpg",850,500,false],"post-thumbnail":["https:\/\/arantv.az\/wp-content\/uploads\/2024\/08\/698097006ab75611620b6bbea3b73c21-240x172.jpg",240,172,true],"advps-thumb-one":["https:\/\/arantv.az\/wp-content\/uploads\/2024\/08\/698097006ab75611620b6bbea3b73c21.jpg",850,500,false]},"rttpg_author":{"display_name":"V\u00fcsal Rafiqo\u011flu","author_link":"https:\/\/arantv.az\/?author=2"},"rttpg_comment":0,"rttpg_category":"<a href=\"https:\/\/arantv.az\/?cat=4\" rel=\"category\">Siyas\u0259t<\/a>","rttpg_excerpt":"\u201cD\u00fcnyada artan t\u0259hdid v\u0259 \u00e7a\u011f\u0131r\u0131\u015flar \u00f6lk\u0259l\u0259rimiz aras\u0131nda m\u00fcdafi\u0259 v\u0259 t\u0259hl\u00fck\u0259sizlik sah\u0259sind\u0259 \u0259m\u0259kda\u015fl\u0131\u011f\u0131n daha da g\u00fccl\u0259ndirilm\u0259sini t\u0259l\u0259b edir\u201d Az\u0259rbaycan Respublikas\u0131n\u0131n Prezidenti \u0130lham \u018fliyev Qazax\u0131stan Respublikas\u0131n\u0131n Prezidenti Kas\u0131m-Jomart Tokayevin d\u0259v\u0259ti il\u0259 M\u0259rk\u0259zi Asiya v\u0259 Az\u0259rbaycan Respublikas\u0131n\u0131n D\u00f6vl\u0259t Ba\u015f\u00e7\u0131lar\u0131n\u0131n g\u00f6r\u00fc\u015f\u00fcnd\u0259 i\u015ftirak etm\u0259k \u00fc\u00e7\u00fcn avqustun 8-d\u0259 Qazax\u0131stana s\u0259f\u0259r edib. Astana \u015f\u0259h\u0259rinin Nursultan Nazarbayev Beyn\u0259lxalq Aeroportunda d\u00f6vl\u0259timizin ba\u015f\u00e7\u0131s\u0131n\u0131n \u015f\u0259r\u0259fin\u0259 f\u0259xri&hellip;","_links":{"self":[{"href":"https:\/\/arantv.az\/index.php?rest_route=\/wp\/v2\/posts\/743615"}],"collection":[{"href":"https:\/\/arantv.az\/index.php?rest_route=\/wp\/v2\/posts"}],"about":[{"href":"https:\/\/arantv.az\/index.php?rest_route=\/wp\/v2\/types\/post"}],"author":[{"embeddable":true,"href":"https:\/\/arantv.az\/index.php?rest_route=\/wp\/v2\/users\/2"}],"replies":[{"embeddable":true,"href":"https:\/\/arantv.az\/index.php?rest_route=%2Fwp%2Fv2%2Fcomments&post=743615"}],"version-history":[{"count":1,"href":"https:\/\/arantv.az\/index.php?rest_route=\/wp\/v2\/posts\/743615\/revisions"}],"predecessor-version":[{"id":743617,"href":"https:\/\/arantv.az\/index.php?rest_route=\/wp\/v2\/posts\/743615\/revisions\/743617"}],"wp:featuredmedia":[{"embeddable":true,"href":"https:\/\/arantv.az\/index.php?rest_route=\/wp\/v2\/media\/743616"}],"wp:attachment":[{"href":"https:\/\/arantv.az\/index.php?rest_route=%2Fwp%2Fv2%2Fmedia&parent=743615"}],"wp:term":[{"taxonomy":"category","embeddable":true,"href":"https:\/\/arantv.az\/index.php?rest_route=%2Fwp%2Fv2%2Fcategories&post=743615"},{"taxonomy":"post_tag","embeddable":true,"href":"https:\/\/arantv.az\/index.php?rest_route=%2Fwp%2Fv2%2Ftags&post=743615"}],"curies":[{"name":"wp","href":"https:\/\/api.w.org\/{rel}","templated":true}]}}