{"id":743627,"date":"2024-08-10T17:07:32","date_gmt":"2024-08-10T13:07:32","guid":{"rendered":"https:\/\/arantv.az\/?p=743627"},"modified":"2024-08-10T17:07:32","modified_gmt":"2024-08-10T13:07:32","slug":"az%c9%99rbaycan-respublikasinin-m%c9%99rk%c9%99zi-asiya-dovl%c9%99tl%c9%99ri-il%c9%99-qardasliq-munasib%c9%99tl%c9%99ri-yuks%c9%99l%c9%99n-x%c9%99tl%c9%99-inkisaf-etdirilir","status":"publish","type":"post","link":"https:\/\/arantv.az\/?p=743627","title":{"rendered":"Az\u0259rbaycan Respublikas\u0131n\u0131n M\u0259rk\u0259zi Asiya d\u00f6vl\u0259tl\u0259ri il\u0259 qarda\u015fl\u0131q m\u00fcnasib\u0259tl\u0259ri y\u00fcks\u0259l\u0259n x\u0259tl\u0259 inki\u015faf etdirilir"},"content":{"rendered":"<div class=\"x11i5rnm xat24cr x1mh8g0r x1vvkbs xtlvy1s x126k92a\">\n<div dir=\"auto\">Az\u0259rbaycan\u0131n M\u0259rk\u0259zi Asiya d\u00f6vl\u0259tl\u0259ri il\u0259 \u0259laq\u0259l\u0259ri q\u0259dim tarix\u0259 malikdir. Eyni k\u00f6k\u0259, m\u0259d\u0259niyy\u0259t\u0259, q\u0259dim tarixi m\u00fcnasib\u0259tl\u0259r\u0259 v\u0259 \u0259n\u0259n\u0259l\u0259r\u0259 malik olmalar\u0131 bu \u0259laq\u0259l\u0259rin daha da inki\u015faf etm\u0259sin\u0259 s\u0259b\u0259b olur. Bundan ba\u015fqa bu xalqlar\u0131 bir-biri il\u0259 din eyniliyi d\u0259 birl\u0259\u015fdirir. Uzun m\u00fcdd\u0259t bu xalqlar bir imperiyan\u0131n t\u0259rkibind\u0259 olmu\u015f, vahid bir m\u0259rk\u0259zd\u0259n idar\u0259 olunmu\u015flar. SSR\u0130 da\u011f\u0131ld\u0131qdan sonra xalqlar aras\u0131nda m\u00fcnasib\u0259tl\u0259r daha da inki\u015faf etm\u0259y\u0259 ba\u015flam\u0131\u015fd\u0131r. Az\u0259rbaycan Respublikas\u0131n\u0131n M\u0259rk\u0259zi Asiya d\u00f6vl\u0259tl\u0259ri il\u0259 diplomatik \u0259laq\u0259l\u0259ri 1991-ci ild\u0259 m\u00fcst\u0259qillik \u0259ld\u0259 etdikd\u0259n sonra r\u0259smi s\u0259viyy\u0259d\u0259 qurulmu\u015f v\u0259 d\u00f6vl\u0259t ba\u015f\u00e7\u0131lar\u0131n\u0131n qar\u015f\u0131l\u0131ql\u0131 s\u0259f\u0259rl\u0259ri il\u0259 daha da inki\u015faf etdirilmi\u015fdir.<\/div>\n<div dir=\"auto\">Bel\u0259 ki, 1996-c\u0131 ilin ortalar\u0131nda Az\u0259rbaycan Respublikas\u0131n\u0131n \u00d6zb\u0259kistan Respublikas\u0131nda, 1997-ci ild\u0259 Qazax\u0131stan Respublikas\u0131nda, 2006-c\u0131 ild\u0259 is\u0259 Q\u0131r\u011f\u0131z\u0131stan Respublikas\u0131nda (Bi\u015fkek \u015f\u0259h\u0259rind\u0259), eyni ild\u0259 Taciksitan Respublikas\u0131nda (D\u00fc\u015f\u0259nb\u0259 \u015f\u0259h\u0259rind\u0259) s\u0259firlikl\u0259rin, eyni zamanda 2008-ci il tarixind\u0259 Az\u0259rbaycan Respublikas\u0131 Prezidentinin S\u0259r\u0259ncam\u0131 il\u0259 Qazax\u0131stan\u0131n Aktau \u015f\u0259h\u0259rind\u0259 Ba\u015f Konsulluq\u011fun t\u0259sis edilm\u0259sinin iki t\u0259r\u0259fli diplomatik \u0259laq\u0259l\u0259rin inki\u015faf etdirilm\u0259si v\u0259 g\u00fccl\u0259ndirilm\u0259sind\u0259 b\u00f6y\u00fck \u0259h\u0259miyy\u0259ti olmu\u015fdur.<\/div>\n<div dir=\"auto\">H\u0259m\u00e7inin, \u00f6lk\u0259mizin bir s\u0131ra \u015f\u0259h\u0259rl\u0259ri il\u0259 M\u0259rk\u0259zi Asiya d\u00f6vl\u0259tl\u0259rinin \u015f\u0259h\u0259rl\u0259ri il\u0259 qarda\u015flam\u0131\u015fd\u0131r ki, bu da ikit\u0259r\u0259fli \u0259laq\u0259l\u0259r\u0259 \u00f6z t\u00f6vh\u0259sini vermi\u015fdir. Bel\u0259 ki, G\u0259nc\u0259 \u015f\u0259h\u0259ri il\u0259 Tacikistan\u0131n D\u00fc\u015f\u0259nb\u0259 \u015f\u0259h\u0259rinin, L\u0259nk\u0259ran \u015f\u0259h\u0259ri il\u0259 \u00d6zb\u0259kistan\u0131n Buxara \u015f\u0259h\u0259rinin, Sumqay\u0131t \u015f\u0259h\u0259ri il\u0259 Qazax\u0131stan\u0131n Aktau \u015f\u0259h\u0259rinin, \u015eu\u015fa \u015f\u0259h\u0259ri il\u0259 is\u0259 T\u00fcrkistan \u015f\u0259h\u0259rinin qarda\u015fla\u015fmas\u0131 \u00f6lk\u0259l\u0259r aras\u0131nda m\u0259d\u0259ni, iqtisadi, siyasi, t\u0259hsil, s\u0259hiyy\u0259, \u0259traf al\u0259min m\u00fchafiz\u0259si sah\u0259sind\u0259 \u0259laq\u0259l\u0259rin m\u00f6hk\u0259ml\u0259ndirilm\u0259si v\u0259 inki\u015faf\u0131nda m\u00fch\u00fcm rol oynay\u0131r.<\/div>\n<div dir=\"auto\">Bundan \u0259lav\u0259, M\u0259rk\u0259zi Asiya d\u00f6vl\u0259tl\u0259rinin h\u0259r zaman Az\u0259rbaycan\u0131n \u0259razi b\u00fct\u00f6vl\u00fcy\u00fcn\u00fc, 44 g\u00fcnl\u00fck V\u0259t\u0259n M\u00fcharib\u0259sind\u0259 Az\u0259rbaycan\u0131n haql\u0131 m\u00fcbariz\u0259sini d\u0259st\u0259kl\u0259m\u0259l\u0259ri d\u00f6vl\u0259timizl\u0259 M\u0259rk\u0259zi Asiya d\u00f6vl\u0259tl\u0259ri aras\u0131nda olan qarda\u015fl\u0131q \u0259laq\u0259l\u0259sinin m\u00fch\u00fcm g\u00f6st\u0259ricisidir.<\/div>\n<div dir=\"auto\">Son ill\u0259rd\u0259 Prezident \u0130lham \u018fliyevin M\u0259rk\u0259zi Asiya \u00f6lk\u0259l\u0259rin\u0259, region d\u00f6vl\u0259tl\u0259rinin ba\u015f\u00e7\u0131lar\u0131n\u0131n is\u0259 Az\u0259rbaycana s\u0259f\u0259rl\u0259rinin m\u00fcnt\u0259z\u0259m xarakter almas\u0131 \u00f6lk\u0259l\u0259raras\u0131 \u0259laq\u0259l\u0259rin inki\u015faf\u0131na, yeni \u0259m\u0259kda\u015fl\u0131q imkanlar\u0131n\u0131n yaranmas\u0131na g\u0259tirib \u00e7\u0131xar\u0131b. Bel\u0259 ki, son 2-3 il \u0259rzind\u0259 Prezident \u0130lham \u018fliyev m\u00fct\u0259madi olaraq M\u0259rk\u0259zi Asiya d\u00f6vl\u0259tl\u0259rin\u0259, o regionda yerl\u0259\u015f\u0259n \u00f6lk\u0259l\u0259rin ba\u015f\u00e7\u0131lar\u0131 is\u0259 Az\u0259rbaycana s\u0259f\u0259rl\u0259r edirl\u0259r. H\u0259min s\u0259f\u0259rl\u0259r zaman\u0131 imzalanan s\u0259n\u0259dl\u0259r \u00f6lk\u0259l\u0259r aras\u0131nda \u0259m\u0259kda\u015fl\u0131\u011f\u0131n geni\u015fl\u0259ndirilm\u0259si \u00fc\u00e7\u00fcn m\u00f6hk\u0259m t\u0259m\u0259l rolunu oynay\u0131r.<\/div>\n<div dir=\"auto\">H\u0259m\u00e7inin, Prezident \u0130lham \u018fliyev 09 avqust 2024-c\u00fc ild\u0259 Astanada M\u0259rk\u0259zi Asiya v\u0259 Az\u0259rbaycan Respublikas\u0131n\u0131n D\u00f6vl\u0259t Ba\u015f\u00e7\u0131lar\u0131n\u0131n g\u00f6r\u00fc\u015f\u00fc zaman\u0131 \u00f6z \u00e7\u0131x\u0131\u015f\u0131nda bildirmi\u015fdir ki \u00f6lk\u0259mizin M\u0259rk\u0259zi Asiya il\u0259 \u0259laq\u0259l\u0259rind\u0259 T\u00fcrk d\u00fcnyas\u0131 il\u0259 m\u00fcnasib\u0259tl\u0259rin m\u00f6hk\u0259ml\u0259ndirilm\u0259si Az\u0259rbaycan\u0131n xarici siyas\u0259tinin prioritetl\u0259rind\u0259n biridir. Bu da, Az\u0259rbaycan Respublikas\u0131n\u0131n xarici siyas\u0259tind\u0259 M\u0259rk\u0259zi Asiya \u00f6lk\u0259l\u0259ri il\u0259 \u0259laq\u0259l\u0259rin vacib rola malik oldu\u011funun bariz g\u00f6st\u0259ricisidir.<\/div>\n<div dir=\"auto\">Eyni zamanda region \u00f6lk\u0259l\u0259ri i\u015f\u011faldan azad olunmu\u015f \u0259razil\u0259rimizd\u0259 apar\u0131lan b\u0259rpa-yenid\u0259nqurma i\u015fl\u0259rin\u0259 \u00f6z t\u00f6hf\u0259l\u0259rini verm\u0259l\u0259ri bu qarda\u015fl\u0131q m\u00fcnasib\u0259tl\u0259rinin s\u00fcbutudur.<\/div>\n<div dir=\"auto\">Bu bax\u0131mdan \u00d6zb\u0259kistan Prezidenti \u015eavkat Mirziyoyev t\u0259r\u0259find\u0259n \u00f6zb\u0259k xalq\u0131 ad\u0131ndan h\u0259diyy\u0259 olaraq F\u00fczulid\u0259 Mirz\u0259 Uluqb\u0259y ad\u0131na 1 n\u00f6mr\u0259li tam orta m\u0259kt\u0259b x\u00fcsusi vur\u011fulanmal\u0131d\u0131r. \u0130lk d\u00f6vl\u0259t s\u0259f\u0259rini Az\u0259rbaycana etm\u0259si d\u0259 iki d\u00f6vl\u0259t aras\u0131ndak\u0131 \u0259laq\u0259l\u0259rin \u0259h\u0259miyy\u0259tli oldu\u011funu g\u00f6st\u0259rir.<\/div>\n<div dir=\"auto\">H\u0259m\u00e7inin, 12 mart 2024-c\u00fc ild\u0259 Qazax\u0131stan Respublikas\u0131n\u0131n Prezidenti Kas\u0131m-Jomart Tokayevin Az\u0259rbaycana s\u0259f\u0259ri zaman\u0131 F\u00fczulid\u0259 Kurmanqaz\u0131 ad\u0131na Yarad\u0131c\u0131l\u0131\u011f\u0131n \u0130nki\u015faf\u0131 M\u0259rk\u0259zinin a\u00e7\u0131l\u0131\u015f\u0131n\u0131n olmas\u0131, h\u0259m\u00e7inin Sumqay\u0131t \u015f\u0259h\u0259rind\u0259 bir k\u00fc\u00e7\u0259y\u0259 Qazax\u0131stan\u0131n m\u0259\u015fhur maarif\u00e7isi Axmet Bayturs\u0131novun ad\u0131n\u0131n verilm\u0259si \u00f6lk\u0259l\u0259r aras\u0131nda rifah\u0131n, b\u00fct\u00fcn \u0259laq\u0259l\u0259rin, h\u0259rt\u0259r\u0259fli m\u00fcnasib\u0259tl\u0259rin m\u00f6hk\u0259ml\u0259ndirilm\u0259sind\u0259 \u0259h\u0259miyy\u0259tli rol oynay\u0131r.<\/div>\n<div dir=\"auto\">Bundan \u0259lav\u0259, Q\u0131r\u011f\u0131z Respublikas\u0131n\u0131n Prezidenti Sad\u0131r Japarovun 5 aprel 2024-c\u00fc ild\u0259 Az\u0259rbaycan Respublikas\u0131na s\u0259f\u0259ri zaman\u0131 Prezidenti \u0130lham \u018fliyev v\u0259 Q\u0131r\u011f\u0131z Respublikas\u0131n\u0131n Prezidenti Sad\u0131r Japarov A\u011fdam \u015f\u0259h\u0259rind\u0259 olublar ki, bu s\u0259f\u0259r zaman\u0131 h\u0259r iki \u00f6lk\u0259 Prezidenti t\u0259r\u0259find\u0259n X\u0131d\u0131rl\u0131 k\u0259nd tam orta m\u0259kt\u0259binin t\u0259m\u0259li qoyulmu\u015fdur. Q\u0131r\u011f\u0131z\u0131stan Prezidentinin t\u0259\u015f\u0259bb\u00fcs\u00fc il\u0259 Q\u0131r\u011f\u0131z\u0131stan d\u00f6vl\u0259ti ad\u0131ndan A\u011fdam\u0131n X\u0131d\u0131rl\u0131 k\u0259ndind\u0259 tam orta m\u0259kt\u0259b binas\u0131n\u0131n in\u015fas\u0131 eyni zamanda, bu s\u0259f\u0259r zaman\u0131 Az\u0259rbaycan Respublikas\u0131n\u0131n Prezidenti \u0130lham \u018fliyev v\u0259 Q\u0131r\u011f\u0131z Respublikas\u0131n\u0131n Prezidenti Sad\u0131r Japarov Bak\u0131da g\u00f6rk\u0259mli q\u0131r\u011f\u0131z yaz\u0131\u00e7\u0131s\u0131 \u00c7ingiz Aytmatovun abid\u0259sinin a\u00e7\u0131l\u0131\u015f\u0131n\u0131n ba\u015f tutmas\u0131 iki \u00f6lk\u0259 aras\u0131nda sars\u0131lmaz qarda\u015fl\u0131q m\u00fcnasib\u0259tl\u0259rinin inki\u015faf\u0131 \u00fc\u00e7\u00fcn vacibdir.<\/div>\n<div dir=\"auto\">Son olaraq, Az\u0259rbaycan Respublikas\u0131n\u0131n Prezidenti \u0130lham \u018fliyev 09 avqust 2024-c\u00fc ild\u0259 Astanada M\u0259rk\u0259zi Asiya v\u0259 Az\u0259rbaycan Respublikas\u0131n\u0131n D\u00f6vl\u0259t Ba\u015f\u00e7\u0131lar\u0131n\u0131n g\u00f6r\u00fc\u015f\u00fcnd\u0259 \u201cErm\u0259nistan\u0131n i\u015f\u011fal\u0131ndan azad edilmi\u015f Qaraba\u011f\u0131n b\u0259rpas\u0131na d\u0259st\u0259k qarda\u015fl\u0131q m\u00fcnasib\u0259tl\u0259rimizin t\u0259zah\u00fcrl\u0259rind\u0259n biridir\u201d dey\u0259 bildirm\u0259si, Az\u0259rbaycan Respublikas\u0131n\u0131n M\u0259rk\u0259zi Asiya d\u00f6vl\u0259tl\u0259ri il\u0259 \u0259m\u0259kda\u015fl\u0131\u011fa maraql\u0131 oldu\u011funun, bu \u0259laq\u0259l\u0259rin daim y\u00fcks\u0259l\u0259n x\u0259tl\u0259 inki\u015faf ed\u0259c\u0259yinin v\u0259 bu inki\u015faf\u0131n Prezident \u0130lham \u018fliyev t\u0259r\u0259find\u0259n y\u00fcks\u0259k qiym\u0259tl\u0259ndirildiyinin bariz n\u00fcmun\u0259sidir.<\/div>\n<\/div>\n<div class=\"x11i5rnm xat24cr x1mh8g0r x1vvkbs xtlvy1s x126k92a\">\n<div dir=\"auto\">Alim\u0259 M\u0259mm\u0259dova &#8211; B\u0259rd\u0259 rayonu Qara\u011fac\u0131 k\u0259nd tam orta m\u0259kt\u0259bin tarix m\u00fc\u0259llimi<\/div>\n<\/div>\n","protected":false},"excerpt":{"rendered":"<p>Az\u0259rbaycan\u0131n M\u0259rk\u0259zi Asiya d\u00f6vl\u0259tl\u0259ri il\u0259 \u0259laq\u0259l\u0259ri q\u0259dim tarix\u0259 malikdir. Eyni k\u00f6k\u0259, m\u0259d\u0259niyy\u0259t\u0259, q\u0259dim tarixi m\u00fcnasib\u0259tl\u0259r\u0259 v\u0259 \u0259n\u0259n\u0259l\u0259r\u0259 malik olmalar\u0131 bu \u0259laq\u0259l\u0259rin daha da inki\u015faf etm\u0259sin\u0259 s\u0259b\u0259b olur. Bundan ba\u015fqa bu xalqlar\u0131 bir-biri il\u0259 din eyniliyi d\u0259 birl\u0259\u015fdirir. Uzun m\u00fcdd\u0259t bu xalqlar bir imperiyan\u0131n t\u0259rkibind\u0259 olmu\u015f, vahid bir m\u0259rk\u0259zd\u0259n idar\u0259 olunmu\u015flar. SSR\u0130 da\u011f\u0131ld\u0131qdan sonra xalqlar aras\u0131nda m\u00fcnasib\u0259tl\u0259r daha da inki\u015faf etm\u0259y\u0259 ba\u015flam\u0131\u015fd\u0131r. Az\u0259rbaycan Respublikas\u0131n\u0131n M\u0259rk\u0259zi Asiya d\u00f6vl\u0259tl\u0259ri il\u0259 diplomatik \u0259laq\u0259l\u0259ri 1991-ci ild\u0259 m\u00fcst\u0259qillik \u0259ld\u0259 etdikd\u0259n sonra r\u0259smi s\u0259viyy\u0259d\u0259 qurulmu\u015f v\u0259 d\u00f6vl\u0259t ba\u015f\u00e7\u0131lar\u0131n\u0131n qar\u015f\u0131l\u0131ql\u0131 s\u0259f\u0259rl\u0259ri il\u0259 daha da inki\u015faf etdirilmi\u015fdir. Bel\u0259 ki,&hellip;<\/p>\n","protected":false},"author":2,"featured_media":743628,"comment_status":"closed","ping_status":"closed","sticky":false,"template":"","format":"standard","meta":{"om_disable_all_campaigns":false,"_monsterinsights_skip_tracking":false,"_monsterinsights_sitenote_active":false,"_monsterinsights_sitenote_note":"","_monsterinsights_sitenote_category":0},"categories":[2],"tags":[],"aioseo_notices":[],"gutentor_comment":0,"rttpg_featured_image_url":{"full":["https:\/\/arantv.az\/wp-content\/uploads\/2024\/08\/454753832_441135635547789_294260213471156138_n.jpg",914,630,false],"landscape":["https:\/\/arantv.az\/wp-content\/uploads\/2024\/08\/454753832_441135635547789_294260213471156138_n.jpg",914,630,false],"portraits":["https:\/\/arantv.az\/wp-content\/uploads\/2024\/08\/454753832_441135635547789_294260213471156138_n.jpg",914,630,false],"thumbnail":["https:\/\/arantv.az\/wp-content\/uploads\/2024\/08\/454753832_441135635547789_294260213471156138_n-500x280.jpg",500,280,true],"medium":["https:\/\/arantv.az\/wp-content\/uploads\/2024\/08\/454753832_441135635547789_294260213471156138_n-530x365.jpg",530,365,true],"large":["https:\/\/arantv.az\/wp-content\/uploads\/2024\/08\/454753832_441135635547789_294260213471156138_n-840x579.jpg",640,441,true],"1536x1536":["https:\/\/arantv.az\/wp-content\/uploads\/2024\/08\/454753832_441135635547789_294260213471156138_n.jpg",914,630,false],"2048x2048":["https:\/\/arantv.az\/wp-content\/uploads\/2024\/08\/454753832_441135635547789_294260213471156138_n.jpg",914,630,false],"post-thumbnail":["https:\/\/arantv.az\/wp-content\/uploads\/2024\/08\/454753832_441135635547789_294260213471156138_n-240x172.jpg",240,172,true],"advps-thumb-one":["https:\/\/arantv.az\/wp-content\/uploads\/2024\/08\/454753832_441135635547789_294260213471156138_n-914x620.jpg",914,620,true]},"rttpg_author":{"display_name":"V\u00fcsal Rafiqo\u011flu","author_link":"https:\/\/arantv.az\/?author=2"},"rttpg_comment":0,"rttpg_category":"<a href=\"https:\/\/arantv.az\/?cat=2\" rel=\"category\">Region X\u0259b\u0259rl\u0259ri<\/a>","rttpg_excerpt":"Az\u0259rbaycan\u0131n M\u0259rk\u0259zi Asiya d\u00f6vl\u0259tl\u0259ri il\u0259 \u0259laq\u0259l\u0259ri q\u0259dim tarix\u0259 malikdir. Eyni k\u00f6k\u0259, m\u0259d\u0259niyy\u0259t\u0259, q\u0259dim tarixi m\u00fcnasib\u0259tl\u0259r\u0259 v\u0259 \u0259n\u0259n\u0259l\u0259r\u0259 malik olmalar\u0131 bu \u0259laq\u0259l\u0259rin daha da inki\u015faf etm\u0259sin\u0259 s\u0259b\u0259b olur. Bundan ba\u015fqa bu xalqlar\u0131 bir-biri il\u0259 din eyniliyi d\u0259 birl\u0259\u015fdirir. Uzun m\u00fcdd\u0259t bu xalqlar bir imperiyan\u0131n t\u0259rkibind\u0259 olmu\u015f, vahid bir m\u0259rk\u0259zd\u0259n idar\u0259 olunmu\u015flar. SSR\u0130 da\u011f\u0131ld\u0131qdan sonra xalqlar aras\u0131nda&hellip;","_links":{"self":[{"href":"https:\/\/arantv.az\/index.php?rest_route=\/wp\/v2\/posts\/743627"}],"collection":[{"href":"https:\/\/arantv.az\/index.php?rest_route=\/wp\/v2\/posts"}],"about":[{"href":"https:\/\/arantv.az\/index.php?rest_route=\/wp\/v2\/types\/post"}],"author":[{"embeddable":true,"href":"https:\/\/arantv.az\/index.php?rest_route=\/wp\/v2\/users\/2"}],"replies":[{"embeddable":true,"href":"https:\/\/arantv.az\/index.php?rest_route=%2Fwp%2Fv2%2Fcomments&post=743627"}],"version-history":[{"count":2,"href":"https:\/\/arantv.az\/index.php?rest_route=\/wp\/v2\/posts\/743627\/revisions"}],"predecessor-version":[{"id":743630,"href":"https:\/\/arantv.az\/index.php?rest_route=\/wp\/v2\/posts\/743627\/revisions\/743630"}],"wp:featuredmedia":[{"embeddable":true,"href":"https:\/\/arantv.az\/index.php?rest_route=\/wp\/v2\/media\/743628"}],"wp:attachment":[{"href":"https:\/\/arantv.az\/index.php?rest_route=%2Fwp%2Fv2%2Fmedia&parent=743627"}],"wp:term":[{"taxonomy":"category","embeddable":true,"href":"https:\/\/arantv.az\/index.php?rest_route=%2Fwp%2Fv2%2Fcategories&post=743627"},{"taxonomy":"post_tag","embeddable":true,"href":"https:\/\/arantv.az\/index.php?rest_route=%2Fwp%2Fv2%2Ftags&post=743627"}],"curies":[{"name":"wp","href":"https:\/\/api.w.org\/{rel}","templated":true}]}}