{"id":743676,"date":"2024-08-10T21:15:44","date_gmt":"2024-08-10T17:15:44","guid":{"rendered":"https:\/\/arantv.az\/?p=743676"},"modified":"2024-08-10T21:15:44","modified_gmt":"2024-08-10T17:15:44","slug":"erm%c9%99nistanda-az%c9%99rbaycana-piyada-kecidi-foto","status":"publish","type":"post","link":"https:\/\/arantv.az\/?p=743676","title":{"rendered":"Erm\u0259nistanda Az\u0259rbaycana piyada ke\u00e7idi &#8211; FOTO"},"content":{"rendered":"<p><strong>Erm\u0259nistan\u0131n Tavu\u015f rayonunun\u00a0<span class=\"highlight\">Kirants<\/span>\u00a0(G\u00fcney) k\u0259ndinin sakini Qohar Vardanyan \u00f6z Facebook s\u0259hif\u0259sind\u0259 foto yay\u0131mlay\u0131b.<\/strong><\/p>\n<p><strong>ARANTV.AZ <\/strong>\u00a0\u201c<span class=\"highlight\">NEWS<\/span>.<span class=\"highlight\">am<\/span>\u201da istinad\u0259n x\u0259b\u0259r verir ki, fotoda yeni sal\u0131nm\u0131\u015f yolda piyada ke\u00e7idi \u0259ks olunub.<\/p>\n<p>Lakin ke\u00e7idin\u00a0d\u00fcz qar\u015f\u0131s\u0131nda hasar oldu\u011fundan, qar\u015f\u0131 t\u0259r\u0259fd\u0259 Az\u0259rbaycan oldu\u011fu \u00fc\u00e7\u00fcn ke\u00e7idin hara apard\u0131\u011f\u0131 b\u0259lli deyil.<\/p>\n<p>\u201cKirants. U\u015faqlar\u0131n Az\u0259rbaycana ke\u00e7idi. Divar\u0131n o biri t\u0259r\u0259find\u0259 Az\u0259rbaycand\u0131r\u201d, &#8211; dey\u0259 k\u0259nd sakini fotoya \u015f\u0259rh verib.<\/p>\n","protected":false},"excerpt":{"rendered":"<p>Erm\u0259nistan\u0131n Tavu\u015f rayonunun\u00a0Kirants\u00a0(G\u00fcney) k\u0259ndinin sakini Qohar Vardanyan \u00f6z Facebook s\u0259hif\u0259sind\u0259 foto yay\u0131mlay\u0131b. ARANTV.AZ \u00a0\u201cNEWS.am\u201da istinad\u0259n x\u0259b\u0259r verir ki, fotoda yeni sal\u0131nm\u0131\u015f yolda piyada ke\u00e7idi \u0259ks olunub. Lakin ke\u00e7idin\u00a0d\u00fcz qar\u015f\u0131s\u0131nda hasar oldu\u011fundan, qar\u015f\u0131 t\u0259r\u0259fd\u0259 Az\u0259rbaycan oldu\u011fu \u00fc\u00e7\u00fcn ke\u00e7idin hara apard\u0131\u011f\u0131 b\u0259lli deyil. \u201cKirants. U\u015faqlar\u0131n Az\u0259rbaycana ke\u00e7idi. Divar\u0131n o biri t\u0259r\u0259find\u0259 Az\u0259rbaycand\u0131r\u201d, &#8211; dey\u0259 k\u0259nd sakini fotoya \u015f\u0259rh verib.<\/p>\n","protected":false},"author":2,"featured_media":743677,"comment_status":"closed","ping_status":"closed","sticky":false,"template":"","format":"standard","meta":{"om_disable_all_campaigns":false,"_monsterinsights_skip_tracking":false,"_monsterinsights_sitenote_active":false,"_monsterinsights_sitenote_note":"","_monsterinsights_sitenote_category":0},"categories":[19],"tags":[],"aioseo_notices":[],"gutentor_comment":0,"rttpg_featured_image_url":{"full":["https:\/\/arantv.az\/wp-content\/uploads\/2024\/08\/1eae8b3f4654cad88fde32f835c2e2fa.jpg",399,300,false],"landscape":["https:\/\/arantv.az\/wp-content\/uploads\/2024\/08\/1eae8b3f4654cad88fde32f835c2e2fa.jpg",399,300,false],"portraits":["https:\/\/arantv.az\/wp-content\/uploads\/2024\/08\/1eae8b3f4654cad88fde32f835c2e2fa.jpg",399,300,false],"thumbnail":["https:\/\/arantv.az\/wp-content\/uploads\/2024\/08\/1eae8b3f4654cad88fde32f835c2e2fa-399x280.jpg",399,280,true],"medium":["https:\/\/arantv.az\/wp-content\/uploads\/2024\/08\/1eae8b3f4654cad88fde32f835c2e2fa.jpg",399,300,false],"large":["https:\/\/arantv.az\/wp-content\/uploads\/2024\/08\/1eae8b3f4654cad88fde32f835c2e2fa.jpg",399,300,false],"1536x1536":["https:\/\/arantv.az\/wp-content\/uploads\/2024\/08\/1eae8b3f4654cad88fde32f835c2e2fa.jpg",399,300,false],"2048x2048":["https:\/\/arantv.az\/wp-content\/uploads\/2024\/08\/1eae8b3f4654cad88fde32f835c2e2fa.jpg",399,300,false],"post-thumbnail":["https:\/\/arantv.az\/wp-content\/uploads\/2024\/08\/1eae8b3f4654cad88fde32f835c2e2fa-240x172.jpg",240,172,true],"advps-thumb-one":["https:\/\/arantv.az\/wp-content\/uploads\/2024\/08\/1eae8b3f4654cad88fde32f835c2e2fa.jpg",399,300,false]},"rttpg_author":{"display_name":"V\u00fcsal Rafiqo\u011flu","author_link":"https:\/\/arantv.az\/?author=2"},"rttpg_comment":0,"rttpg_category":"<a href=\"https:\/\/arantv.az\/?cat=19\" rel=\"category\">G\u00fcnd\u0259m<\/a>","rttpg_excerpt":"Erm\u0259nistan\u0131n Tavu\u015f rayonunun\u00a0Kirants\u00a0(G\u00fcney) k\u0259ndinin sakini Qohar Vardanyan \u00f6z Facebook s\u0259hif\u0259sind\u0259 foto yay\u0131mlay\u0131b. ARANTV.AZ \u00a0\u201cNEWS.am\u201da istinad\u0259n x\u0259b\u0259r verir ki, fotoda yeni sal\u0131nm\u0131\u015f yolda piyada ke\u00e7idi \u0259ks olunub. Lakin ke\u00e7idin\u00a0d\u00fcz qar\u015f\u0131s\u0131nda hasar oldu\u011fundan, qar\u015f\u0131 t\u0259r\u0259fd\u0259 Az\u0259rbaycan oldu\u011fu \u00fc\u00e7\u00fcn ke\u00e7idin hara apard\u0131\u011f\u0131 b\u0259lli deyil. \u201cKirants. U\u015faqlar\u0131n Az\u0259rbaycana ke\u00e7idi. Divar\u0131n o biri t\u0259r\u0259find\u0259 Az\u0259rbaycand\u0131r\u201d, &#8211; dey\u0259 k\u0259nd sakini fotoya&hellip;","_links":{"self":[{"href":"https:\/\/arantv.az\/index.php?rest_route=\/wp\/v2\/posts\/743676"}],"collection":[{"href":"https:\/\/arantv.az\/index.php?rest_route=\/wp\/v2\/posts"}],"about":[{"href":"https:\/\/arantv.az\/index.php?rest_route=\/wp\/v2\/types\/post"}],"author":[{"embeddable":true,"href":"https:\/\/arantv.az\/index.php?rest_route=\/wp\/v2\/users\/2"}],"replies":[{"embeddable":true,"href":"https:\/\/arantv.az\/index.php?rest_route=%2Fwp%2Fv2%2Fcomments&post=743676"}],"version-history":[{"count":1,"href":"https:\/\/arantv.az\/index.php?rest_route=\/wp\/v2\/posts\/743676\/revisions"}],"predecessor-version":[{"id":743678,"href":"https:\/\/arantv.az\/index.php?rest_route=\/wp\/v2\/posts\/743676\/revisions\/743678"}],"wp:featuredmedia":[{"embeddable":true,"href":"https:\/\/arantv.az\/index.php?rest_route=\/wp\/v2\/media\/743677"}],"wp:attachment":[{"href":"https:\/\/arantv.az\/index.php?rest_route=%2Fwp%2Fv2%2Fmedia&parent=743676"}],"wp:term":[{"taxonomy":"category","embeddable":true,"href":"https:\/\/arantv.az\/index.php?rest_route=%2Fwp%2Fv2%2Fcategories&post=743676"},{"taxonomy":"post_tag","embeddable":true,"href":"https:\/\/arantv.az\/index.php?rest_route=%2Fwp%2Fv2%2Ftags&post=743676"}],"curies":[{"name":"wp","href":"https:\/\/api.w.org\/{rel}","templated":true}]}}