{"id":743766,"date":"2024-08-11T13:07:48","date_gmt":"2024-08-11T09:07:48","guid":{"rendered":"https:\/\/arantv.az\/?p=743766"},"modified":"2024-08-11T13:07:48","modified_gmt":"2024-08-11T09:07:48","slug":"trendyol-v%c9%99-temudan-alis-veris-ed%c9%99nl%c9%99r%c9%99-x%c9%99b%c9%99rdarliq","status":"publish","type":"post","link":"https:\/\/arantv.az\/?p=743766","title":{"rendered":"\u201cTrendyol\u201d v\u0259 \u201cTemu\u201ddan al\u0131\u015f-veri\u015f ed\u0259nl\u0259r\u0259 X\u018fB\u018fRDARLIQ"},"content":{"rendered":"<p><strong>\u201cTrendyol\u201d v\u0259 \u201cTemu\u201d \u00fcz\u0259rind\u0259n Az\u0259rbaycana g\u0259tiril\u0259n m\u0259hsullar\u0131n keyfiyy\u0259ti il\u0259 ba\u011fl\u0131 naraz\u0131l\u0131qlar art\u0131r.<\/strong><\/p>\n<p>V\u0259t\u0259nda\u015flar ya m\u0259hsulun fotodak\u0131 g\u00f6r\u00fcnt\u00fcs\u00fcnd\u0259n f\u0259rqli formada \u00e7atd\u0131r\u0131lmas\u0131ndan, ya da qeyd olunan m\u0259lumatlar \u0259sas\u0131nda \u00e7at\u0131rd\u0131r\u0131lmamas\u0131ndan \u015fikay\u0259tl\u0259nirl\u0259r.<\/p>\n<p><em><strong>Onlayn ticar\u0259td\u0259 bu kimi hallar\u0131n ba\u015f verm\u0259sinin s\u0259b\u0259bl\u0259ri n\u0259dir? onlayn aptek<\/strong><\/em><\/p>\n<p>M\u00f6vzu il\u0259 ba\u011fl\u0131 Konkret.az-a dan\u0131\u015fan Azad \u0130stehlak\u00e7\u0131lar Birliyinin s\u0259dri Eyyub H\u00fcseynovun s\u00f6zl\u0259rin\u0259 g\u00f6r\u0259, onlayn sifari\u015fl\u0259r zaman\u0131 keyfiyy\u0259tsiz m\u0259hsullar\u0131n art\u0131m\u0131ndak\u0131 s\u0259b\u0259b t\u0259l\u0259bin t\u0259klifi \u00fcst\u0259l\u0259m\u0259sidir:<\/p>\n<p><img loading=\"lazy\" src=\"https:\/\/cdn.musavat.com\/news\/thumbnails\/9cca094d53285ba4878e35d29f9fe36d.jpg\" alt=\"1675233898_423208522_0_0_2001_1125_1920x0_80_0_0_dd0526eb644d2f5427222c2d82a70ee1.jpg (196 KB)\" width=\"700\" height=\"394\" \/><\/p>\n<p>\u201cV\u0259t\u0259nda\u015flar\u0131n bu s\u0259pkili \u015fikay\u0259tl\u0259ri \u00e7oxal\u0131b. Azad \u0130stehlak\u00e7\u0131lar Birliyin\u0259 d\u0259 \u015fikay\u0259tl\u0259r daxil olur. \u015eikay\u0259tl\u0259r \u0259sas\u0259n reklamda olan mal il\u0259 g\u00f6nd\u0259ril\u0259nin f\u0259rqli olmas\u0131, r\u0259ng v\u0259 \u00f6l\u00e7\u00fc f\u0259rql\u0259rinin m\u00fc\u015fahid\u0259 edilm\u0259sidir. Bunun \u0259sas s\u0259b\u0259bi is\u0259 son zamanlar onlayn ticar\u0259t\u0259 k\u00fctl\u0259vi ax\u0131n\u0131n ba\u015f verm\u0259sidir, bel\u0259 olduqda t\u0259l\u0259b t\u0259klifi \u00fcst\u0259l\u0259yir\u201d.<\/p>\n<p><em><strong>Ekspert d\u00fc\u015f\u00fcn\u00fcr ki, bel\u0259 neqativ hallar \u0259halini onlayn ticar\u0259td\u0259n soyuda bil\u0259r. Bu is\u0259 v\u0259t\u0259nda\u015flar\u0131n klassik al\u0131\u015f-veri\u015f formalar\u0131na gerid\u00f6n\u00fc\u015f\u00fcn\u0259 s\u0259b\u0259b ola bil\u0259r:<\/strong><\/em><\/p>\n<p>\u201cT\u0259\u0259ss\u00fcfl\u0259r olsun ki, d\u00f6vl\u0259t orqanlar\u0131na edil\u0259n \u015fikay\u0259tl\u0259r d\u0259 n\u0259tic\u0259siz qal\u0131r. M\u00fcvafiq orqanlar istehlak\u00e7\u0131lar\u0131n h\u00fcquqlar\u0131n\u0131 qorumaqda \u00e7\u0259tinlik \u00e7\u0259kirl\u0259r. \u00c7\u00fcnki bu, m\u0259saf\u0259d\u0259n sat\u0131\u015fd\u0131r. M\u0259sl\u0259h\u0259tim odur ki, istehlak\u00e7\u0131lar \u00f6d\u0259dikl\u0259ri pulun q\u0259bzini saxlas\u0131nlar. M\u0259hsullar ad\u0259t\u0259n metro \u00e7\u0131x\u0131\u015flar\u0131nda \u00e7atd\u0131r\u0131lma edil\u0259r\u0259k verilir. Bu zaman mala diqq\u0259tl\u0259 baxs\u0131nlar, iradlar\u0131 olduqlar\u0131 zaman mal\u0131 d\u0259rhal geri qaytars\u0131nlar\u201d.<\/p>\n","protected":false},"excerpt":{"rendered":"<p>\u201cTrendyol\u201d v\u0259 \u201cTemu\u201d \u00fcz\u0259rind\u0259n Az\u0259rbaycana g\u0259tiril\u0259n m\u0259hsullar\u0131n keyfiyy\u0259ti il\u0259 ba\u011fl\u0131 naraz\u0131l\u0131qlar art\u0131r. V\u0259t\u0259nda\u015flar ya m\u0259hsulun fotodak\u0131 g\u00f6r\u00fcnt\u00fcs\u00fcnd\u0259n f\u0259rqli formada \u00e7atd\u0131r\u0131lmas\u0131ndan, ya da qeyd olunan m\u0259lumatlar \u0259sas\u0131nda \u00e7at\u0131rd\u0131r\u0131lmamas\u0131ndan \u015fikay\u0259tl\u0259nirl\u0259r. Onlayn ticar\u0259td\u0259 bu kimi hallar\u0131n ba\u015f verm\u0259sinin s\u0259b\u0259bl\u0259ri n\u0259dir? onlayn aptek M\u00f6vzu il\u0259 ba\u011fl\u0131 Konkret.az-a dan\u0131\u015fan Azad \u0130stehlak\u00e7\u0131lar Birliyinin s\u0259dri Eyyub H\u00fcseynovun s\u00f6zl\u0259rin\u0259 g\u00f6r\u0259, onlayn sifari\u015fl\u0259r zaman\u0131 keyfiyy\u0259tsiz m\u0259hsullar\u0131n art\u0131m\u0131ndak\u0131 s\u0259b\u0259b t\u0259l\u0259bin t\u0259klifi \u00fcst\u0259l\u0259m\u0259sidir: \u201cV\u0259t\u0259nda\u015flar\u0131n bu s\u0259pkili \u015fikay\u0259tl\u0259ri \u00e7oxal\u0131b. Azad \u0130stehlak\u00e7\u0131lar Birliyin\u0259 d\u0259 \u015fikay\u0259tl\u0259r daxil olur. \u015eikay\u0259tl\u0259r \u0259sas\u0259n reklamda olan mal il\u0259 g\u00f6nd\u0259ril\u0259nin f\u0259rqli olmas\u0131, r\u0259ng v\u0259 \u00f6l\u00e7\u00fc f\u0259rql\u0259rinin m\u00fc\u015fahid\u0259 edilm\u0259sidir. Bunun&hellip;<\/p>\n","protected":false},"author":2,"featured_media":743767,"comment_status":"closed","ping_status":"closed","sticky":false,"template":"","format":"standard","meta":{"om_disable_all_campaigns":false,"_monsterinsights_skip_tracking":false,"_monsterinsights_sitenote_active":false,"_monsterinsights_sitenote_note":"","_monsterinsights_sitenote_category":0},"categories":[1],"tags":[],"aioseo_notices":[],"gutentor_comment":0,"rttpg_featured_image_url":{"full":["https:\/\/arantv.az\/wp-content\/uploads\/2024\/08\/63cf2e1ed488902bf015dccd4d07eeac.jpg",800,450,false],"landscape":["https:\/\/arantv.az\/wp-content\/uploads\/2024\/08\/63cf2e1ed488902bf015dccd4d07eeac.jpg",800,450,false],"portraits":["https:\/\/arantv.az\/wp-content\/uploads\/2024\/08\/63cf2e1ed488902bf015dccd4d07eeac.jpg",800,450,false],"thumbnail":["https:\/\/arantv.az\/wp-content\/uploads\/2024\/08\/63cf2e1ed488902bf015dccd4d07eeac-500x280.jpg",500,280,true],"medium":["https:\/\/arantv.az\/wp-content\/uploads\/2024\/08\/63cf2e1ed488902bf015dccd4d07eeac-649x365.jpg",649,365,true],"large":["https:\/\/arantv.az\/wp-content\/uploads\/2024\/08\/63cf2e1ed488902bf015dccd4d07eeac.jpg",640,360,false],"1536x1536":["https:\/\/arantv.az\/wp-content\/uploads\/2024\/08\/63cf2e1ed488902bf015dccd4d07eeac.jpg",800,450,false],"2048x2048":["https:\/\/arantv.az\/wp-content\/uploads\/2024\/08\/63cf2e1ed488902bf015dccd4d07eeac.jpg",800,450,false],"post-thumbnail":["https:\/\/arantv.az\/wp-content\/uploads\/2024\/08\/63cf2e1ed488902bf015dccd4d07eeac-240x172.jpg",240,172,true],"advps-thumb-one":["https:\/\/arantv.az\/wp-content\/uploads\/2024\/08\/63cf2e1ed488902bf015dccd4d07eeac.jpg",800,450,false]},"rttpg_author":{"display_name":"V\u00fcsal Rafiqo\u011flu","author_link":"https:\/\/arantv.az\/?author=2"},"rttpg_comment":0,"rttpg_category":"<a href=\"https:\/\/arantv.az\/?cat=1\" rel=\"category\">C\u0259miyy\u0259t<\/a>","rttpg_excerpt":"\u201cTrendyol\u201d v\u0259 \u201cTemu\u201d \u00fcz\u0259rind\u0259n Az\u0259rbaycana g\u0259tiril\u0259n m\u0259hsullar\u0131n keyfiyy\u0259ti il\u0259 ba\u011fl\u0131 naraz\u0131l\u0131qlar art\u0131r. V\u0259t\u0259nda\u015flar ya m\u0259hsulun fotodak\u0131 g\u00f6r\u00fcnt\u00fcs\u00fcnd\u0259n f\u0259rqli formada \u00e7atd\u0131r\u0131lmas\u0131ndan, ya da qeyd olunan m\u0259lumatlar \u0259sas\u0131nda \u00e7at\u0131rd\u0131r\u0131lmamas\u0131ndan \u015fikay\u0259tl\u0259nirl\u0259r. Onlayn ticar\u0259td\u0259 bu kimi hallar\u0131n ba\u015f verm\u0259sinin s\u0259b\u0259bl\u0259ri n\u0259dir? onlayn aptek M\u00f6vzu il\u0259 ba\u011fl\u0131 Konkret.az-a dan\u0131\u015fan Azad \u0130stehlak\u00e7\u0131lar Birliyinin s\u0259dri Eyyub H\u00fcseynovun s\u00f6zl\u0259rin\u0259 g\u00f6r\u0259, onlayn sifari\u015fl\u0259r zaman\u0131&hellip;","_links":{"self":[{"href":"https:\/\/arantv.az\/index.php?rest_route=\/wp\/v2\/posts\/743766"}],"collection":[{"href":"https:\/\/arantv.az\/index.php?rest_route=\/wp\/v2\/posts"}],"about":[{"href":"https:\/\/arantv.az\/index.php?rest_route=\/wp\/v2\/types\/post"}],"author":[{"embeddable":true,"href":"https:\/\/arantv.az\/index.php?rest_route=\/wp\/v2\/users\/2"}],"replies":[{"embeddable":true,"href":"https:\/\/arantv.az\/index.php?rest_route=%2Fwp%2Fv2%2Fcomments&post=743766"}],"version-history":[{"count":1,"href":"https:\/\/arantv.az\/index.php?rest_route=\/wp\/v2\/posts\/743766\/revisions"}],"predecessor-version":[{"id":743768,"href":"https:\/\/arantv.az\/index.php?rest_route=\/wp\/v2\/posts\/743766\/revisions\/743768"}],"wp:featuredmedia":[{"embeddable":true,"href":"https:\/\/arantv.az\/index.php?rest_route=\/wp\/v2\/media\/743767"}],"wp:attachment":[{"href":"https:\/\/arantv.az\/index.php?rest_route=%2Fwp%2Fv2%2Fmedia&parent=743766"}],"wp:term":[{"taxonomy":"category","embeddable":true,"href":"https:\/\/arantv.az\/index.php?rest_route=%2Fwp%2Fv2%2Fcategories&post=743766"},{"taxonomy":"post_tag","embeddable":true,"href":"https:\/\/arantv.az\/index.php?rest_route=%2Fwp%2Fv2%2Ftags&post=743766"}],"curies":[{"name":"wp","href":"https:\/\/api.w.org\/{rel}","templated":true}]}}