{"id":744700,"date":"2024-08-14T19:46:48","date_gmt":"2024-08-14T15:46:48","guid":{"rendered":"https:\/\/arantv.az\/?p=744700"},"modified":"2024-08-14T19:46:48","modified_gmt":"2024-08-14T15:46:48","slug":"bas-prokuror-onu-t%c9%99qaud%c9%99-gond%c9%99rdi-foto","status":"publish","type":"post","link":"https:\/\/arantv.az\/?p=744700","title":{"rendered":"Ba\u015f prokuror onu t\u0259qa\u00fcd\u0259 g\u00f6nd\u0259rdi &#8211; FOTO"},"content":{"rendered":"<div class=\"full-post-article\">\n<p>Ya\u015f h\u0259ddi il\u0259 ba\u011fl\u0131 qulluq ke\u00e7m\u0259sin\u0259 xitam verilmi\u015f prokurorluq \u0259m\u0259kda\u015f\u0131 d\u00f6\u015f ni\u015fan\u0131 il\u0259 t\u0259ltif olunub.<\/p>\n<p>Ba\u015f Prokurorluqdan veril\u0259n m\u0259lumata g\u00f6r\u0259, prokurorluq orqanlar\u0131nda qulluqda olman\u0131n son ya\u015f h\u0259ddin\u0259 \u00e7atm\u0131\u015f Bak\u0131 \u015f\u0259h\u0259ri N\u0259simi rayon prokurorlu\u011funun b\u00f6y\u00fck m\u00fcst\u0259ntiqi \u0130lyaz Seyidov qulluq ke\u00e7m\u0259sin\u0259 xitam verilm\u0259si il\u0259 \u0259laq\u0259dar avqustun 14-d\u0259 Bak\u0131 \u015f\u0259h\u0259r prokurorlu\u011funun r\u0259hb\u0259rliyi t\u0259r\u0259find\u0259n q\u0259bul edilib.<\/p>\n<p><ins id=\"ainsyndicationid172365031741863\" class=\"ainsyndicationid172365031741863\" data-ad-slot=\"445\" data-ainsyndication-status=\"done\"><ins><\/ins><\/ins>Bak\u0131 \u015f\u0259h\u0259r prokurorlu\u011funda ke\u00e7iril\u0259n g\u00f6r\u00fc\u015f zaman\u0131 \u0130lyaz Seyidovun prokurorluq orqanlar\u0131nda ke\u00e7diyi uzunm\u00fcdd\u0259tli xidm\u0259t ill\u0259rin\u0259 n\u0259z\u0259r sal\u0131naraq, onun qanun\u00e7uluq v\u0259 h\u00fcquq qaydas\u0131n\u0131n m\u00f6hk\u0259ml\u0259ndirilm\u0259si, insan v\u0259 v\u0259t\u0259nda\u015f h\u00fcquq v\u0259 azadl\u0131qlar\u0131n\u0131n m\u00fcdafi\u0259si il\u0259 ba\u011fl\u0131 \u0259ld\u0259 etdiyi nailiyy\u0259tl\u0259r, el\u0259c\u0259 d\u0259 uzun ill\u0259r cinay\u0259tkarl\u0131\u011fa qar\u015f\u0131 m\u00fcbariz\u0259 sah\u0259sind\u0259 pe\u015f\u0259kar m\u00fcst\u0259ntiq kimi m\u00fcxt\u0259lif kateqoriyadan olan, o c\u00fcml\u0259d\u0259n a\u011f\u0131r v\u0259 x\u00fcsusil\u0259 a\u011f\u0131r, ba\u011fl\u0131 qalm\u0131\u015f cinay\u0259tl\u0259rin istintaq\u0131 v\u0259 bu sah\u0259d\u0259 g\u0259nc m\u00fct\u0259x\u0259ssisl\u0259rin formala\u015fmas\u0131ndak\u0131 s\u0259m\u0259r\u0259li f\u0259aliyy\u0259ti qeyd edilib.<\/p>\n<p>G\u00f6r\u00fc\u015f zaman\u0131 ona Az\u0259rbaycan Respublikas\u0131n\u0131n Ba\u015f prokuroru t\u0259r\u0259find\u0259n verilmi\u015f \u201cProkurorlu\u011fun f\u0259xri i\u015f\u00e7isi\u201d d\u00f6\u015f ni\u015fan\u0131 t\u0259qdim olunub.<\/p>\n<p>\u0130lyaz Seyidov g\u00f6st\u0259ril\u0259n diqq\u0259t\u0259 g\u00f6r\u0259 minn\u0259tdarl\u0131\u011f\u0131n\u0131 bildir\u0259r\u0259k, t\u0259dbir i\u015ftirak\u00e7\u0131lar\u0131 il\u0259 xatir\u0259l\u0259rini b\u00f6l\u00fc\u015f\u00fcb.<\/p>\n<p>Sonda xatir\u0259 foto\u015f\u0259kli \u00e7\u0259kilib.<\/p>\n<p>&nbsp;<\/p>\n<div class=\"article-gallery\">\n<div class=\"lSSlideOuter \">\n<div class=\"lSSlideWrapper usingCss\">\n<ul id=\"imageGallery\" class=\"gallery list-unstyled lightSlider lSSlide\">\n<li class=\"clone left\" data-thumb=\"\/file\/articles\/2024\/08\/14\/1723648853_66bcc850ae18a66bcc850ae18b172364808066bcc850ae18466bcc850ae187.jpg\" data-src=\"\/file\/articles\/2024\/08\/14\/1723648853_66bcc850ae18a66bcc850ae18b172364808066bcc850ae18466bcc850ae187.jpg\"><img src=\"https:\/\/olke.az\/file\/articles\/2024\/08\/14\/1723648853_66bcc850ae18a66bcc850ae18b172364808066bcc850ae18466bcc850ae187.jpg\" alt=\"\" \/><\/li>\n<li class=\"lslide\" data-thumb=\"\/file\/articles\/2024\/08\/14\/1723648805_66bcc8514683966bcc8514683b172364808066bcc8514683266bcc85146836.jpg\" data-src=\"\/file\/articles\/2024\/08\/14\/1723648805_66bcc8514683966bcc8514683b172364808066bcc8514683266bcc85146836.jpg\"><img src=\"https:\/\/olke.az\/file\/articles\/2024\/08\/14\/1723648805_66bcc8514683966bcc8514683b172364808066bcc8514683266bcc85146836.jpg\" alt=\"\" \/><\/li>\n<li class=\"lslide\" data-thumb=\"\/file\/articles\/2024\/08\/14\/1723648810_66bcc8510469b66bcc8510469c172364808066bcc8510469666bcc85104699.jpg\" data-src=\"\/file\/articles\/2024\/08\/14\/1723648810_66bcc8510469b66bcc8510469c172364808066bcc8510469666bcc85104699.jpg\"><img src=\"https:\/\/olke.az\/file\/articles\/2024\/08\/14\/1723648810_66bcc8510469b66bcc8510469c172364808066bcc8510469666bcc85104699.jpg\" alt=\"\" \/><\/li>\n<li class=\"lslide active\" data-thumb=\"\/file\/articles\/2024\/08\/14\/1723648853_66bcc850ae18a66bcc850ae18b172364808066bcc850ae18466bcc850ae187.jpg\" data-src=\"\/file\/articles\/2024\/08\/14\/1723648853_66bcc850ae18a66bcc850ae18b172364808066bcc850ae18466bcc850ae187.jpg\"><img src=\"https:\/\/olke.az\/file\/articles\/2024\/08\/14\/1723648853_66bcc850ae18a66bcc850ae18b172364808066bcc850ae18466bcc850ae187.jpg\" alt=\"\" \/><\/li>\n<li class=\"clone right\" data-thumb=\"\/file\/articles\/2024\/08\/14\/1723648805_66bcc8514683966bcc8514683b172364808066bcc8514683266bcc85146836.jpg\" data-src=\"\/file\/articles\/2024\/08\/14\/1723648805_66bcc8514683966bcc8514683b172364808066bcc8514683266bcc85146836.jpg\"><img src=\"https:\/\/olke.az\/file\/articles\/2024\/08\/14\/1723648805_66bcc8514683966bcc8514683b172364808066bcc8514683266bcc85146836.jpg\" alt=\"\" \/><\/li>\n<\/ul>\n<div class=\"lSAction\"><\/div>\n<\/div>\n<ul class=\"lSPager lSGallery\">\n<li class=\"\"><a href=\"https:\/\/olke.az\/olke\/389067\/bas-prokuror-onu-teqaude-gnderdi-nbspfoto\/#\"><img src=\"https:\/\/olke.az\/file\/articles\/2024\/08\/14\/1723648805_66bcc8514683966bcc8514683b172364808066bcc8514683266bcc85146836.jpg\" \/><\/a><\/li>\n<li class=\"\"><a href=\"https:\/\/olke.az\/olke\/389067\/bas-prokuror-onu-teqaude-gnderdi-nbspfoto\/#\"><img src=\"https:\/\/olke.az\/file\/articles\/2024\/08\/14\/1723648810_66bcc8510469b66bcc8510469c172364808066bcc8510469666bcc85104699.jpg\" \/><\/a><\/li>\n<li class=\"active\"><a href=\"https:\/\/olke.az\/olke\/389067\/bas-prokuror-onu-teqaude-gnderdi-nbspfoto\/#\"><img src=\"https:\/\/olke.az\/file\/articles\/2024\/08\/14\/1723648853_66bcc850ae18a66bcc850ae18b172364808066bcc850ae18466bcc850ae187.jpg\" \/><\/a><\/li>\n<\/ul>\n<\/div>\n<\/div>\n<p>&nbsp;<\/p>\n<\/div>\n<p>&nbsp;<\/p>\n<div class=\"klpm-list\">\n<p>&nbsp;<\/p>\n<\/div>\n<p>&nbsp;<\/p>\n","protected":false},"excerpt":{"rendered":"<p>Ya\u015f h\u0259ddi il\u0259 ba\u011fl\u0131 qulluq ke\u00e7m\u0259sin\u0259 xitam verilmi\u015f prokurorluq \u0259m\u0259kda\u015f\u0131 d\u00f6\u015f ni\u015fan\u0131 il\u0259 t\u0259ltif olunub. Ba\u015f Prokurorluqdan veril\u0259n m\u0259lumata g\u00f6r\u0259, prokurorluq orqanlar\u0131nda qulluqda olman\u0131n son ya\u015f h\u0259ddin\u0259 \u00e7atm\u0131\u015f Bak\u0131 \u015f\u0259h\u0259ri N\u0259simi rayon prokurorlu\u011funun b\u00f6y\u00fck m\u00fcst\u0259ntiqi \u0130lyaz Seyidov qulluq ke\u00e7m\u0259sin\u0259 xitam verilm\u0259si il\u0259 \u0259laq\u0259dar avqustun 14-d\u0259 Bak\u0131 \u015f\u0259h\u0259r prokurorlu\u011funun r\u0259hb\u0259rliyi t\u0259r\u0259find\u0259n q\u0259bul edilib. Bak\u0131 \u015f\u0259h\u0259r prokurorlu\u011funda ke\u00e7iril\u0259n g\u00f6r\u00fc\u015f zaman\u0131 \u0130lyaz Seyidovun prokurorluq orqanlar\u0131nda ke\u00e7diyi uzunm\u00fcdd\u0259tli xidm\u0259t ill\u0259rin\u0259 n\u0259z\u0259r sal\u0131naraq, onun qanun\u00e7uluq v\u0259 h\u00fcquq qaydas\u0131n\u0131n m\u00f6hk\u0259ml\u0259ndirilm\u0259si, insan v\u0259 v\u0259t\u0259nda\u015f h\u00fcquq v\u0259 azadl\u0131qlar\u0131n\u0131n m\u00fcdafi\u0259si il\u0259 ba\u011fl\u0131 \u0259ld\u0259 etdiyi nailiyy\u0259tl\u0259r, el\u0259c\u0259 d\u0259 uzun ill\u0259r&hellip;<\/p>\n","protected":false},"author":2,"featured_media":744701,"comment_status":"closed","ping_status":"closed","sticky":false,"template":"","format":"standard","meta":{"om_disable_all_campaigns":false,"_monsterinsights_skip_tracking":false,"_monsterinsights_sitenote_active":false,"_monsterinsights_sitenote_note":"","_monsterinsights_sitenote_category":0},"categories":[1],"tags":[],"aioseo_notices":[],"gutentor_comment":0,"rttpg_featured_image_url":{"full":["https:\/\/arantv.az\/wp-content\/uploads\/2024\/08\/1723648843_66bcc8474e42066bcc8474e421172364807166bcc8474e41a66bcc8474e41d.jpg",770,415,false],"landscape":["https:\/\/arantv.az\/wp-content\/uploads\/2024\/08\/1723648843_66bcc8474e42066bcc8474e421172364807166bcc8474e41a66bcc8474e41d.jpg",770,415,false],"portraits":["https:\/\/arantv.az\/wp-content\/uploads\/2024\/08\/1723648843_66bcc8474e42066bcc8474e421172364807166bcc8474e41a66bcc8474e41d.jpg",770,415,false],"thumbnail":["https:\/\/arantv.az\/wp-content\/uploads\/2024\/08\/1723648843_66bcc8474e42066bcc8474e421172364807166bcc8474e41a66bcc8474e41d-500x280.jpg",500,280,true],"medium":["https:\/\/arantv.az\/wp-content\/uploads\/2024\/08\/1723648843_66bcc8474e42066bcc8474e421172364807166bcc8474e41a66bcc8474e41d-660x356.jpg",660,356,true],"large":["https:\/\/arantv.az\/wp-content\/uploads\/2024\/08\/1723648843_66bcc8474e42066bcc8474e421172364807166bcc8474e41a66bcc8474e41d.jpg",640,345,false],"1536x1536":["https:\/\/arantv.az\/wp-content\/uploads\/2024\/08\/1723648843_66bcc8474e42066bcc8474e421172364807166bcc8474e41a66bcc8474e41d.jpg",770,415,false],"2048x2048":["https:\/\/arantv.az\/wp-content\/uploads\/2024\/08\/1723648843_66bcc8474e42066bcc8474e421172364807166bcc8474e41a66bcc8474e41d.jpg",770,415,false],"post-thumbnail":["https:\/\/arantv.az\/wp-content\/uploads\/2024\/08\/1723648843_66bcc8474e42066bcc8474e421172364807166bcc8474e41a66bcc8474e41d-240x172.jpg",240,172,true],"advps-thumb-one":["https:\/\/arantv.az\/wp-content\/uploads\/2024\/08\/1723648843_66bcc8474e42066bcc8474e421172364807166bcc8474e41a66bcc8474e41d.jpg",770,415,false]},"rttpg_author":{"display_name":"V\u00fcsal Rafiqo\u011flu","author_link":"https:\/\/arantv.az\/?author=2"},"rttpg_comment":0,"rttpg_category":"<a href=\"https:\/\/arantv.az\/?cat=1\" rel=\"category\">C\u0259miyy\u0259t<\/a>","rttpg_excerpt":"Ya\u015f h\u0259ddi il\u0259 ba\u011fl\u0131 qulluq ke\u00e7m\u0259sin\u0259 xitam verilmi\u015f prokurorluq \u0259m\u0259kda\u015f\u0131 d\u00f6\u015f ni\u015fan\u0131 il\u0259 t\u0259ltif olunub. Ba\u015f Prokurorluqdan veril\u0259n m\u0259lumata g\u00f6r\u0259, prokurorluq orqanlar\u0131nda qulluqda olman\u0131n son ya\u015f h\u0259ddin\u0259 \u00e7atm\u0131\u015f Bak\u0131 \u015f\u0259h\u0259ri N\u0259simi rayon prokurorlu\u011funun b\u00f6y\u00fck m\u00fcst\u0259ntiqi \u0130lyaz Seyidov qulluq ke\u00e7m\u0259sin\u0259 xitam verilm\u0259si il\u0259 \u0259laq\u0259dar avqustun 14-d\u0259 Bak\u0131 \u015f\u0259h\u0259r prokurorlu\u011funun r\u0259hb\u0259rliyi t\u0259r\u0259find\u0259n q\u0259bul edilib. Bak\u0131 \u015f\u0259h\u0259r prokurorlu\u011funda&hellip;","_links":{"self":[{"href":"https:\/\/arantv.az\/index.php?rest_route=\/wp\/v2\/posts\/744700"}],"collection":[{"href":"https:\/\/arantv.az\/index.php?rest_route=\/wp\/v2\/posts"}],"about":[{"href":"https:\/\/arantv.az\/index.php?rest_route=\/wp\/v2\/types\/post"}],"author":[{"embeddable":true,"href":"https:\/\/arantv.az\/index.php?rest_route=\/wp\/v2\/users\/2"}],"replies":[{"embeddable":true,"href":"https:\/\/arantv.az\/index.php?rest_route=%2Fwp%2Fv2%2Fcomments&post=744700"}],"version-history":[{"count":1,"href":"https:\/\/arantv.az\/index.php?rest_route=\/wp\/v2\/posts\/744700\/revisions"}],"predecessor-version":[{"id":744702,"href":"https:\/\/arantv.az\/index.php?rest_route=\/wp\/v2\/posts\/744700\/revisions\/744702"}],"wp:featuredmedia":[{"embeddable":true,"href":"https:\/\/arantv.az\/index.php?rest_route=\/wp\/v2\/media\/744701"}],"wp:attachment":[{"href":"https:\/\/arantv.az\/index.php?rest_route=%2Fwp%2Fv2%2Fmedia&parent=744700"}],"wp:term":[{"taxonomy":"category","embeddable":true,"href":"https:\/\/arantv.az\/index.php?rest_route=%2Fwp%2Fv2%2Fcategories&post=744700"},{"taxonomy":"post_tag","embeddable":true,"href":"https:\/\/arantv.az\/index.php?rest_route=%2Fwp%2Fv2%2Ftags&post=744700"}],"curies":[{"name":"wp","href":"https:\/\/api.w.org\/{rel}","templated":true}]}}