{"id":744703,"date":"2024-08-14T19:47:56","date_gmt":"2024-08-14T15:47:56","guid":{"rendered":"https:\/\/arantv.az\/?p=744703"},"modified":"2024-08-14T19:47:56","modified_gmt":"2024-08-14T15:47:56","slug":"bakida-qadinlara-qeyri-etik-t%c9%99klifl%c9%99r-ed%c9%99n-s%c9%99xs-saxlanildi","status":"publish","type":"post","link":"https:\/\/arantv.az\/?p=744703","title":{"rendered":"Bak\u0131da qad\u0131nlara qeyri-etik t\u0259klifl\u0259r ed\u0259n \u015f\u0259xs SAXLANILDI"},"content":{"rendered":"<div class=\"full-post-article\">\n<p>Bak\u0131da qad\u0131nlara qeyri-etik t\u0259klifl\u0259r etdiyi bildiril\u0259n \u015f\u0259xs polis \u0259m\u0259kda\u015flar\u0131 t\u0259r\u0259find\u0259n m\u00fc\u0259yy\u0259n edil\u0259r\u0259k saxlan\u0131l\u0131b.<\/p>\n<p>Bu bar\u0259d\u0259 Daxili \u0130\u015fl\u0259r Nazirliyinin M\u0259tbuat Xidm\u0259tinin \u0259m\u0259kda\u015f\u0131 \u0130brahim \u018fmiraslanl\u0131 Oxu.Az-\u0131n sor\u011fusuna cavab olaraq bildirib.<\/p>\n<p>Qeyd edib ki, g\u00f6r\u00fcnt\u00fcl\u0259rd\u0259 olan \u015f\u0259xs 1982-ci il t\u0259v\u0259ll\u00fcdl\u00fc H.V\u0259liyev bar\u0259sind\u0259 qanunvericiliy\u0259 uy\u011fun olaraq t\u0259dbirl\u0259r g\u00f6r\u00fcl\u00fcr.<\/p>\n<p><iframe loading=\"lazy\" src=\"https:\/\/player.olke.az\/?v=34193\" width=\"640\" height=\"360\" frameborder=\"0\" seamless=\"\" allowfullscreen=\"allowfullscreen\" data-mce-fragment=\"1\"><\/iframe><\/p>\n<\/div>\n<p>&nbsp;<\/p>\n<div class=\"klpm-list\">\n<p>&nbsp;<\/p>\n<\/div>\n<p>&nbsp;<\/p>\n","protected":false},"excerpt":{"rendered":"<p>Bak\u0131da qad\u0131nlara qeyri-etik t\u0259klifl\u0259r etdiyi bildiril\u0259n \u015f\u0259xs polis \u0259m\u0259kda\u015flar\u0131 t\u0259r\u0259find\u0259n m\u00fc\u0259yy\u0259n edil\u0259r\u0259k saxlan\u0131l\u0131b. Bu bar\u0259d\u0259 Daxili \u0130\u015fl\u0259r Nazirliyinin M\u0259tbuat Xidm\u0259tinin \u0259m\u0259kda\u015f\u0131 \u0130brahim \u018fmiraslanl\u0131 Oxu.Az-\u0131n sor\u011fusuna cavab olaraq bildirib. Qeyd edib ki, g\u00f6r\u00fcnt\u00fcl\u0259rd\u0259 olan \u015f\u0259xs 1982-ci il t\u0259v\u0259ll\u00fcdl\u00fc H.V\u0259liyev bar\u0259sind\u0259 qanunvericiliy\u0259 uy\u011fun olaraq t\u0259dbirl\u0259r g\u00f6r\u00fcl\u00fcr. &nbsp; &nbsp; &nbsp;<\/p>\n","protected":false},"author":2,"featured_media":744704,"comment_status":"closed","ping_status":"closed","sticky":false,"template":"","format":"standard","meta":{"om_disable_all_campaigns":false,"_monsterinsights_skip_tracking":false,"_monsterinsights_sitenote_active":false,"_monsterinsights_sitenote_note":"","_monsterinsights_sitenote_category":0},"categories":[5],"tags":[],"aioseo_notices":[],"gutentor_comment":0,"rttpg_featured_image_url":{"full":["https:\/\/arantv.az\/wp-content\/uploads\/2024\/08\/1723647707_screenshot-2024-08-14-185952.png",770,415,false],"landscape":["https:\/\/arantv.az\/wp-content\/uploads\/2024\/08\/1723647707_screenshot-2024-08-14-185952.png",770,415,false],"portraits":["https:\/\/arantv.az\/wp-content\/uploads\/2024\/08\/1723647707_screenshot-2024-08-14-185952.png",770,415,false],"thumbnail":["https:\/\/arantv.az\/wp-content\/uploads\/2024\/08\/1723647707_screenshot-2024-08-14-185952-500x280.png",500,280,true],"medium":["https:\/\/arantv.az\/wp-content\/uploads\/2024\/08\/1723647707_screenshot-2024-08-14-185952-660x356.png",660,356,true],"large":["https:\/\/arantv.az\/wp-content\/uploads\/2024\/08\/1723647707_screenshot-2024-08-14-185952.png",640,345,false],"1536x1536":["https:\/\/arantv.az\/wp-content\/uploads\/2024\/08\/1723647707_screenshot-2024-08-14-185952.png",770,415,false],"2048x2048":["https:\/\/arantv.az\/wp-content\/uploads\/2024\/08\/1723647707_screenshot-2024-08-14-185952.png",770,415,false],"post-thumbnail":["https:\/\/arantv.az\/wp-content\/uploads\/2024\/08\/1723647707_screenshot-2024-08-14-185952-240x172.png",240,172,true],"advps-thumb-one":["https:\/\/arantv.az\/wp-content\/uploads\/2024\/08\/1723647707_screenshot-2024-08-14-185952.png",770,415,false]},"rttpg_author":{"display_name":"V\u00fcsal Rafiqo\u011flu","author_link":"https:\/\/arantv.az\/?author=2"},"rttpg_comment":0,"rttpg_category":"<a href=\"https:\/\/arantv.az\/?cat=5\" rel=\"category\">Hadis\u0259<\/a>","rttpg_excerpt":"Bak\u0131da qad\u0131nlara qeyri-etik t\u0259klifl\u0259r etdiyi bildiril\u0259n \u015f\u0259xs polis \u0259m\u0259kda\u015flar\u0131 t\u0259r\u0259find\u0259n m\u00fc\u0259yy\u0259n edil\u0259r\u0259k saxlan\u0131l\u0131b. Bu bar\u0259d\u0259 Daxili \u0130\u015fl\u0259r Nazirliyinin M\u0259tbuat Xidm\u0259tinin \u0259m\u0259kda\u015f\u0131 \u0130brahim \u018fmiraslanl\u0131 Oxu.Az-\u0131n sor\u011fusuna cavab olaraq bildirib. Qeyd edib ki, g\u00f6r\u00fcnt\u00fcl\u0259rd\u0259 olan \u015f\u0259xs 1982-ci il t\u0259v\u0259ll\u00fcdl\u00fc H.V\u0259liyev bar\u0259sind\u0259 qanunvericiliy\u0259 uy\u011fun olaraq t\u0259dbirl\u0259r g\u00f6r\u00fcl\u00fcr. &nbsp; &nbsp; &nbsp;","_links":{"self":[{"href":"https:\/\/arantv.az\/index.php?rest_route=\/wp\/v2\/posts\/744703"}],"collection":[{"href":"https:\/\/arantv.az\/index.php?rest_route=\/wp\/v2\/posts"}],"about":[{"href":"https:\/\/arantv.az\/index.php?rest_route=\/wp\/v2\/types\/post"}],"author":[{"embeddable":true,"href":"https:\/\/arantv.az\/index.php?rest_route=\/wp\/v2\/users\/2"}],"replies":[{"embeddable":true,"href":"https:\/\/arantv.az\/index.php?rest_route=%2Fwp%2Fv2%2Fcomments&post=744703"}],"version-history":[{"count":1,"href":"https:\/\/arantv.az\/index.php?rest_route=\/wp\/v2\/posts\/744703\/revisions"}],"predecessor-version":[{"id":744705,"href":"https:\/\/arantv.az\/index.php?rest_route=\/wp\/v2\/posts\/744703\/revisions\/744705"}],"wp:featuredmedia":[{"embeddable":true,"href":"https:\/\/arantv.az\/index.php?rest_route=\/wp\/v2\/media\/744704"}],"wp:attachment":[{"href":"https:\/\/arantv.az\/index.php?rest_route=%2Fwp%2Fv2%2Fmedia&parent=744703"}],"wp:term":[{"taxonomy":"category","embeddable":true,"href":"https:\/\/arantv.az\/index.php?rest_route=%2Fwp%2Fv2%2Fcategories&post=744703"},{"taxonomy":"post_tag","embeddable":true,"href":"https:\/\/arantv.az\/index.php?rest_route=%2Fwp%2Fv2%2Ftags&post=744703"}],"curies":[{"name":"wp","href":"https:\/\/api.w.org\/{rel}","templated":true}]}}