{"id":744731,"date":"2024-08-15T09:43:55","date_gmt":"2024-08-15T05:43:55","guid":{"rendered":"https:\/\/arantv.az\/?p=744731"},"modified":"2024-08-15T09:43:55","modified_gmt":"2024-08-15T05:43:55","slug":"yagis-v%c9%99-leysan-bu-tarix%c9%99-q%c9%99d%c9%99r-davam-ed%c9%99c%c9%99k","status":"publish","type":"post","link":"https:\/\/arantv.az\/?p=744731","title":{"rendered":"Ya\u011f\u0131\u015f v\u0259 leysan BU TAR\u0130X\u018f Q\u018fD\u018fR davam ed\u0259c\u0259k"},"content":{"rendered":"<p><strong>Avqustun 15-i saat 9:00-a olan faktiki hava a\u00e7\u0131qlan\u0131b.<\/strong><\/p>\n<p><strong>ARANTV.AZ <\/strong>\u00a0x\u0259b\u0259r verir ki, Milli Hidrometeorologiya Xidm\u0259tinin Proqnozlar B\u00fcrosunun direktoru G\u00fcl\u015fad M\u0259mm\u0259dova bildirib ki, haz\u0131rda Bak\u0131da v\u0259 Ab\u015feron yar\u0131madas\u0131nda, Da\u015fk\u0259s\u0259n, G\u0259d\u0259b\u0259y, G\u00f6yg\u00f6l, O\u011fuz, Q\u0259b\u0259l\u0259, Xaltan, Quba, Goranboy, K\u00fcrd\u0259mir, Ming\u0259\u00e7evir, Yevlaxda arabir ya\u011f\u0131\u015f ya\u011f\u0131r, b\u0259zi yerl\u0259rd\u0259 leysan xarakterlidir.<\/p>\n<p>\u00d6lk\u0259 \u0259razisind\u0259 m\u00fc\u015fahid\u0259 olunan qeyri-sabit, fasil\u0259l\u0259rl\u0259 ya\u011f\u0131nt\u0131l\u0131 hava \u015f\u0259raiti Bak\u0131da v\u0259 Ab\u015feron yar\u0131madas\u0131nda avqustun 16-s\u0131 ax\u015famad\u0259k, b\u00f6lg\u0259l\u0259rd\u0259 is\u0259 17-si g\u00fcnd\u00fcz\u0259d\u0259k davam ed\u0259c\u0259k.<\/p>\n","protected":false},"excerpt":{"rendered":"<p>Avqustun 15-i saat 9:00-a olan faktiki hava a\u00e7\u0131qlan\u0131b. ARANTV.AZ \u00a0x\u0259b\u0259r verir ki, Milli Hidrometeorologiya Xidm\u0259tinin Proqnozlar B\u00fcrosunun direktoru G\u00fcl\u015fad M\u0259mm\u0259dova bildirib ki, haz\u0131rda Bak\u0131da v\u0259 Ab\u015feron yar\u0131madas\u0131nda, Da\u015fk\u0259s\u0259n, G\u0259d\u0259b\u0259y, G\u00f6yg\u00f6l, O\u011fuz, Q\u0259b\u0259l\u0259, Xaltan, Quba, Goranboy, K\u00fcrd\u0259mir, Ming\u0259\u00e7evir, Yevlaxda arabir ya\u011f\u0131\u015f ya\u011f\u0131r, b\u0259zi yerl\u0259rd\u0259 leysan xarakterlidir. \u00d6lk\u0259 \u0259razisind\u0259 m\u00fc\u015fahid\u0259 olunan qeyri-sabit, fasil\u0259l\u0259rl\u0259 ya\u011f\u0131nt\u0131l\u0131 hava \u015f\u0259raiti Bak\u0131da v\u0259 Ab\u015feron yar\u0131madas\u0131nda avqustun 16-s\u0131 ax\u015famad\u0259k, b\u00f6lg\u0259l\u0259rd\u0259 is\u0259 17-si g\u00fcnd\u00fcz\u0259d\u0259k davam ed\u0259c\u0259k.<\/p>\n","protected":false},"author":2,"featured_media":744732,"comment_status":"closed","ping_status":"closed","sticky":false,"template":"","format":"standard","meta":{"om_disable_all_campaigns":false,"_monsterinsights_skip_tracking":false,"_monsterinsights_sitenote_active":false,"_monsterinsights_sitenote_note":"","_monsterinsights_sitenote_category":0},"categories":[22],"tags":[],"aioseo_notices":[],"gutentor_comment":0,"rttpg_featured_image_url":{"full":["https:\/\/arantv.az\/wp-content\/uploads\/2024\/08\/e31af4c01d2a93d6d6a124a1c1b9fad0.jpg",800,500,false],"landscape":["https:\/\/arantv.az\/wp-content\/uploads\/2024\/08\/e31af4c01d2a93d6d6a124a1c1b9fad0.jpg",800,500,false],"portraits":["https:\/\/arantv.az\/wp-content\/uploads\/2024\/08\/e31af4c01d2a93d6d6a124a1c1b9fad0.jpg",800,500,false],"thumbnail":["https:\/\/arantv.az\/wp-content\/uploads\/2024\/08\/e31af4c01d2a93d6d6a124a1c1b9fad0-500x280.jpg",500,280,true],"medium":["https:\/\/arantv.az\/wp-content\/uploads\/2024\/08\/e31af4c01d2a93d6d6a124a1c1b9fad0-584x365.jpg",584,365,true],"large":["https:\/\/arantv.az\/wp-content\/uploads\/2024\/08\/e31af4c01d2a93d6d6a124a1c1b9fad0.jpg",640,400,false],"1536x1536":["https:\/\/arantv.az\/wp-content\/uploads\/2024\/08\/e31af4c01d2a93d6d6a124a1c1b9fad0.jpg",800,500,false],"2048x2048":["https:\/\/arantv.az\/wp-content\/uploads\/2024\/08\/e31af4c01d2a93d6d6a124a1c1b9fad0.jpg",800,500,false],"post-thumbnail":["https:\/\/arantv.az\/wp-content\/uploads\/2024\/08\/e31af4c01d2a93d6d6a124a1c1b9fad0-240x172.jpg",240,172,true],"advps-thumb-one":["https:\/\/arantv.az\/wp-content\/uploads\/2024\/08\/e31af4c01d2a93d6d6a124a1c1b9fad0.jpg",800,500,false]},"rttpg_author":{"display_name":"V\u00fcsal Rafiqo\u011flu","author_link":"https:\/\/arantv.az\/?author=2"},"rttpg_comment":0,"rttpg_category":"<a href=\"https:\/\/arantv.az\/?cat=22\" rel=\"category\">Hava<\/a>","rttpg_excerpt":"Avqustun 15-i saat 9:00-a olan faktiki hava a\u00e7\u0131qlan\u0131b. ARANTV.AZ \u00a0x\u0259b\u0259r verir ki, Milli Hidrometeorologiya Xidm\u0259tinin Proqnozlar B\u00fcrosunun direktoru G\u00fcl\u015fad M\u0259mm\u0259dova bildirib ki, haz\u0131rda Bak\u0131da v\u0259 Ab\u015feron yar\u0131madas\u0131nda, Da\u015fk\u0259s\u0259n, G\u0259d\u0259b\u0259y, G\u00f6yg\u00f6l, O\u011fuz, Q\u0259b\u0259l\u0259, Xaltan, Quba, Goranboy, K\u00fcrd\u0259mir, Ming\u0259\u00e7evir, Yevlaxda arabir ya\u011f\u0131\u015f ya\u011f\u0131r, b\u0259zi yerl\u0259rd\u0259 leysan xarakterlidir. \u00d6lk\u0259 \u0259razisind\u0259 m\u00fc\u015fahid\u0259 olunan qeyri-sabit, fasil\u0259l\u0259rl\u0259 ya\u011f\u0131nt\u0131l\u0131 hava \u015f\u0259raiti Bak\u0131da&hellip;","_links":{"self":[{"href":"https:\/\/arantv.az\/index.php?rest_route=\/wp\/v2\/posts\/744731"}],"collection":[{"href":"https:\/\/arantv.az\/index.php?rest_route=\/wp\/v2\/posts"}],"about":[{"href":"https:\/\/arantv.az\/index.php?rest_route=\/wp\/v2\/types\/post"}],"author":[{"embeddable":true,"href":"https:\/\/arantv.az\/index.php?rest_route=\/wp\/v2\/users\/2"}],"replies":[{"embeddable":true,"href":"https:\/\/arantv.az\/index.php?rest_route=%2Fwp%2Fv2%2Fcomments&post=744731"}],"version-history":[{"count":2,"href":"https:\/\/arantv.az\/index.php?rest_route=\/wp\/v2\/posts\/744731\/revisions"}],"predecessor-version":[{"id":744734,"href":"https:\/\/arantv.az\/index.php?rest_route=\/wp\/v2\/posts\/744731\/revisions\/744734"}],"wp:featuredmedia":[{"embeddable":true,"href":"https:\/\/arantv.az\/index.php?rest_route=\/wp\/v2\/media\/744732"}],"wp:attachment":[{"href":"https:\/\/arantv.az\/index.php?rest_route=%2Fwp%2Fv2%2Fmedia&parent=744731"}],"wp:term":[{"taxonomy":"category","embeddable":true,"href":"https:\/\/arantv.az\/index.php?rest_route=%2Fwp%2Fv2%2Fcategories&post=744731"},{"taxonomy":"post_tag","embeddable":true,"href":"https:\/\/arantv.az\/index.php?rest_route=%2Fwp%2Fv2%2Ftags&post=744731"}],"curies":[{"name":"wp","href":"https:\/\/api.w.org\/{rel}","templated":true}]}}