{"id":744747,"date":"2024-08-15T09:51:32","date_gmt":"2024-08-15T05:51:32","guid":{"rendered":"https:\/\/arantv.az\/?p=744747"},"modified":"2024-08-15T09:51:32","modified_gmt":"2024-08-15T05:51:32","slug":"q%c9%99b%c9%99l%c9%99nin-nic-k%c9%99ndind%c9%99-mistik-s%c9%99yah%c9%99t-kesis-niy%c9%99-anasini-90-yasinda-xac-suyuna-saldivideo","status":"publish","type":"post","link":"https:\/\/arantv.az\/?p=744747","title":{"rendered":"Q\u0259b\u0259l\u0259nin Nic k\u0259ndind\u0259 mistik s\u0259yah\u0259t: Ke\u015fi\u015f niy\u0259 anas\u0131n\u0131 90 ya\u015f\u0131nda xa\u00e7 suyuna sald\u0131?V\u0130DEO"},"content":{"rendered":"<div class=\"text-content\" data-id=\"\" data-url=\"\">\n<p><em><strong>&#8220;K\u0259ndin\u0259 qay\u0131t&#8221; verili\u015finin yeni burax\u0131l\u0131\u015f\u0131 yay\u0131mlan\u0131b.<\/strong><\/em><\/p>\n<p>Verili\u015fin bud\u0259f\u0259ki say\u0131nda Q\u0259b\u0259l\u0259 rayonunun Nic k\u0259ndin\u0259 s\u0259yah\u0259t edilib.<\/p>\n<p>Rayondan 40 kilometr c\u0259nub-q\u0259rbd\u0259 yerl\u0259\u015f\u0259n Nic &#8211; Q\u0259b\u0259l\u0259nin \u0259n b\u00f6y\u00fck k\u0259ndidir v\u0259 2005-ci ild\u0259n q\u0259s\u0259b\u0259 statusu al\u0131b. Bu yer d\u00fcnyada udil\u0259rin toplu halda ya\u015fad\u0131\u011f\u0131 yegan\u0259 ya\u015fay\u0131\u015f m\u0259nt\u0259q\u0259sidir.<\/p>\n<p>Udil\u0259r &#8211; Az\u0259rbaycan \u0259razisind\u0259 m\u00f6vcud olmu\u015f Qafqaz Albaniyas\u0131nda ya\u015fayan v\u0259 Xristian dinin\u0259 etiqad ed\u0259n \u0259sas tayfalardan biridir. Onlar h\u0259l\u0259 d\u0259 q\u0259dim albanlarla eyni dild\u0259 dan\u0131\u015f\u0131rlar. M\u00fcq\u0259dd\u0259s Yelisey ad\u0131na Cotari kils\u0259si k\u0259nd m\u0259rk\u0259zind\u0259n bir q\u0259d\u0259r aral\u0131da yerl\u0259\u015fir. 17-ci \u0259srd\u0259 tikil\u0259n kils\u0259, yenid\u0259n b\u0259rpa edil\u0259r\u0259k udil\u0259rin istifad\u0259sin\u0259 verilib.<\/p>\n<p>Baku TV ibad\u0259t oca\u011f\u0131nda \u00e7\u0259kili\u015f aparark\u0259n m\u00fcxt\u0259lif ya\u015flarda xa\u00e7 suyuna sal\u0131nan insanlarla qar\u015f\u0131la\u015f\u0131b. Ke\u015fi\u015fin s\u00f6zl\u0259rin\u0259 g\u00f6r\u0259, burada \u0259n gec xa\u00e7 suyuna sal\u0131nan insan 90 ya\u015flar\u0131nda olan anas\u0131 olub. O, xa\u00e7 suyuna sal\u0131nd\u0131qdan 1 il sonra r\u0259hm\u0259t\u0259 gedib. Ke\u015fi\u015f anas\u0131n\u0131n gec ya\u015fda xa\u00e7 suyuna sal\u0131nmas\u0131n\u0131n s\u0259b\u0259bini bel\u0259 izah edib:<\/p>\n<p>&#8220;1836-c\u0131 ild\u0259 rus \u00e7ar\u0131n\u0131n q\u0259rar\u0131 il\u0259 M\u00fcq\u0259dd\u0259s Alban Apostol kils\u0259si erm\u0259ni Qriqorian kils\u0259sinin tabeliyin\u0259 veril\u0259nd\u0259, biz b\u00fct\u00fcn kils\u0259l\u0259ri v\u0259 monastrlar\u0131 qapal\u0131 saxlad\u0131q. Bu s\u0259b\u0259bd\u0259n kils\u0259l\u0259r f\u0259aliyy\u0259t g\u00f6st\u0259rm\u0259yib v\u0259 \u0259halimiz v\u0259ftiz olunmay\u0131b. H\u0259min m\u00fcdd\u0259td\u0259n sonra bu kils\u0259d\u0259 ilk v\u0259ftiz 2013-c\u00fc ild\u0259 ba\u015f tutub&#8221;.<\/p>\n<p>\u018ftrafl\u0131 s\u00fcjetd\u0259:<\/p>\n<p><iframe title=\"Erm\u0259nil\u0259r udil\u0259ri kils\u0259l\u0259rd\u0259n did\u0259rgin sald\u0131 - K\u018fND\u0130N\u018f QAYIT\" src=\"https:\/\/www.youtube.com\/embed\/MVmqKT2c3VM\" frameborder=\"0\" allowfullscreen=\"allowfullscreen\" data-mce-fragment=\"1\"><\/iframe><\/p>\n<\/div>\n<div><\/div>\n<div><\/div>\n<div class=\"inner-social-box\">\n<div class=\"subs-in-social subs-whatsapp\"><\/div>\n<\/div>\n","protected":false},"excerpt":{"rendered":"<p>&#8220;K\u0259ndin\u0259 qay\u0131t&#8221; verili\u015finin yeni burax\u0131l\u0131\u015f\u0131 yay\u0131mlan\u0131b. Verili\u015fin bud\u0259f\u0259ki say\u0131nda Q\u0259b\u0259l\u0259 rayonunun Nic k\u0259ndin\u0259 s\u0259yah\u0259t edilib. Rayondan 40 kilometr c\u0259nub-q\u0259rbd\u0259 yerl\u0259\u015f\u0259n Nic &#8211; Q\u0259b\u0259l\u0259nin \u0259n b\u00f6y\u00fck k\u0259ndidir v\u0259 2005-ci ild\u0259n q\u0259s\u0259b\u0259 statusu al\u0131b. Bu yer d\u00fcnyada udil\u0259rin toplu halda ya\u015fad\u0131\u011f\u0131 yegan\u0259 ya\u015fay\u0131\u015f m\u0259nt\u0259q\u0259sidir. Udil\u0259r &#8211; Az\u0259rbaycan \u0259razisind\u0259 m\u00f6vcud olmu\u015f Qafqaz Albaniyas\u0131nda ya\u015fayan v\u0259 Xristian dinin\u0259 etiqad ed\u0259n \u0259sas tayfalardan biridir. Onlar h\u0259l\u0259 d\u0259 q\u0259dim albanlarla eyni dild\u0259 dan\u0131\u015f\u0131rlar. M\u00fcq\u0259dd\u0259s Yelisey ad\u0131na Cotari kils\u0259si k\u0259nd m\u0259rk\u0259zind\u0259n bir q\u0259d\u0259r aral\u0131da yerl\u0259\u015fir. 17-ci \u0259srd\u0259 tikil\u0259n kils\u0259, yenid\u0259n b\u0259rpa edil\u0259r\u0259k udil\u0259rin istifad\u0259sin\u0259 verilib. Baku TV&hellip;<\/p>\n","protected":false},"author":2,"featured_media":744748,"comment_status":"closed","ping_status":"closed","sticky":false,"template":"","format":"standard","meta":{"om_disable_all_campaigns":false,"_monsterinsights_skip_tracking":false,"_monsterinsights_sitenote_active":false,"_monsterinsights_sitenote_note":"","_monsterinsights_sitenote_category":0},"categories":[1],"tags":[],"aioseo_notices":[],"gutentor_comment":0,"rttpg_featured_image_url":{"full":["https:\/\/arantv.az\/wp-content\/uploads\/2024\/08\/36adffb244c3339a134cae39d39c7be2.png",628,372,false],"landscape":["https:\/\/arantv.az\/wp-content\/uploads\/2024\/08\/36adffb244c3339a134cae39d39c7be2.png",628,372,false],"portraits":["https:\/\/arantv.az\/wp-content\/uploads\/2024\/08\/36adffb244c3339a134cae39d39c7be2.png",628,372,false],"thumbnail":["https:\/\/arantv.az\/wp-content\/uploads\/2024\/08\/36adffb244c3339a134cae39d39c7be2-500x280.png",500,280,true],"medium":["https:\/\/arantv.az\/wp-content\/uploads\/2024\/08\/36adffb244c3339a134cae39d39c7be2-616x365.png",616,365,true],"large":["https:\/\/arantv.az\/wp-content\/uploads\/2024\/08\/36adffb244c3339a134cae39d39c7be2.png",628,372,false],"1536x1536":["https:\/\/arantv.az\/wp-content\/uploads\/2024\/08\/36adffb244c3339a134cae39d39c7be2.png",628,372,false],"2048x2048":["https:\/\/arantv.az\/wp-content\/uploads\/2024\/08\/36adffb244c3339a134cae39d39c7be2.png",628,372,false],"post-thumbnail":["https:\/\/arantv.az\/wp-content\/uploads\/2024\/08\/36adffb244c3339a134cae39d39c7be2-240x172.png",240,172,true],"advps-thumb-one":["https:\/\/arantv.az\/wp-content\/uploads\/2024\/08\/36adffb244c3339a134cae39d39c7be2.png",628,372,false]},"rttpg_author":{"display_name":"V\u00fcsal Rafiqo\u011flu","author_link":"https:\/\/arantv.az\/?author=2"},"rttpg_comment":0,"rttpg_category":"<a href=\"https:\/\/arantv.az\/?cat=1\" rel=\"category\">C\u0259miyy\u0259t<\/a>","rttpg_excerpt":"&#8220;K\u0259ndin\u0259 qay\u0131t&#8221; verili\u015finin yeni burax\u0131l\u0131\u015f\u0131 yay\u0131mlan\u0131b. Verili\u015fin bud\u0259f\u0259ki say\u0131nda Q\u0259b\u0259l\u0259 rayonunun Nic k\u0259ndin\u0259 s\u0259yah\u0259t edilib. Rayondan 40 kilometr c\u0259nub-q\u0259rbd\u0259 yerl\u0259\u015f\u0259n Nic &#8211; Q\u0259b\u0259l\u0259nin \u0259n b\u00f6y\u00fck k\u0259ndidir v\u0259 2005-ci ild\u0259n q\u0259s\u0259b\u0259 statusu al\u0131b. Bu yer d\u00fcnyada udil\u0259rin toplu halda ya\u015fad\u0131\u011f\u0131 yegan\u0259 ya\u015fay\u0131\u015f m\u0259nt\u0259q\u0259sidir. Udil\u0259r &#8211; Az\u0259rbaycan \u0259razisind\u0259 m\u00f6vcud olmu\u015f Qafqaz Albaniyas\u0131nda ya\u015fayan v\u0259 Xristian dinin\u0259 etiqad&hellip;","_links":{"self":[{"href":"https:\/\/arantv.az\/index.php?rest_route=\/wp\/v2\/posts\/744747"}],"collection":[{"href":"https:\/\/arantv.az\/index.php?rest_route=\/wp\/v2\/posts"}],"about":[{"href":"https:\/\/arantv.az\/index.php?rest_route=\/wp\/v2\/types\/post"}],"author":[{"embeddable":true,"href":"https:\/\/arantv.az\/index.php?rest_route=\/wp\/v2\/users\/2"}],"replies":[{"embeddable":true,"href":"https:\/\/arantv.az\/index.php?rest_route=%2Fwp%2Fv2%2Fcomments&post=744747"}],"version-history":[{"count":2,"href":"https:\/\/arantv.az\/index.php?rest_route=\/wp\/v2\/posts\/744747\/revisions"}],"predecessor-version":[{"id":744750,"href":"https:\/\/arantv.az\/index.php?rest_route=\/wp\/v2\/posts\/744747\/revisions\/744750"}],"wp:featuredmedia":[{"embeddable":true,"href":"https:\/\/arantv.az\/index.php?rest_route=\/wp\/v2\/media\/744748"}],"wp:attachment":[{"href":"https:\/\/arantv.az\/index.php?rest_route=%2Fwp%2Fv2%2Fmedia&parent=744747"}],"wp:term":[{"taxonomy":"category","embeddable":true,"href":"https:\/\/arantv.az\/index.php?rest_route=%2Fwp%2Fv2%2Fcategories&post=744747"},{"taxonomy":"post_tag","embeddable":true,"href":"https:\/\/arantv.az\/index.php?rest_route=%2Fwp%2Fv2%2Ftags&post=744747"}],"curies":[{"name":"wp","href":"https:\/\/api.w.org\/{rel}","templated":true}]}}