{"id":744758,"date":"2024-08-15T10:01:29","date_gmt":"2024-08-15T06:01:29","guid":{"rendered":"https:\/\/arantv.az\/?p=744758"},"modified":"2024-08-15T10:01:29","modified_gmt":"2024-08-15T06:01:29","slug":"ulu-ond%c9%99rin-arzusu-reallasir-az%c9%99rbaycan-dunyaya-gun%c9%99s-kimi-dogur","status":"publish","type":"post","link":"https:\/\/arantv.az\/?p=744758","title":{"rendered":"Ulu \u00d6nd\u0259rin arzusu realla\u015f\u0131r: Az\u0259rbaycan d\u00fcnyaya G\u00fcn\u0259\u015f kimi do\u011fur"},"content":{"rendered":"<p><em><strong>\u00abS\u00fclh dan\u0131\u015f\u0131qlar\u0131 n\u0259tic\u0259siz qalarsa, Az\u0259rbaycan m\u00fcharib\u0259 yolu il\u0259 torpaqlar\u0131n\u0131 i\u015f\u011faldan azad ed\u0259c\u0259kdir\u00bb v\u0259dini Z\u0259f\u0259rimizl\u0259 do\u011fruldan Prezident \u0130lham \u018fliyevin \u00f6lk\u0259mizin qar\u015f\u0131dak\u0131 ill\u0259r \u00fc\u00e7\u00fcn m\u00fc\u0259yy\u0259nl\u0259\u015fdirdiyi inki\u015faf konsepsiyas\u0131n\u0131n prinsipl\u0259ri, h\u0259d\u0259fl\u0259ri b\u0259llidir: \u00ab\u00c7eviklik, davaml\u0131l\u0131q, makroiqtisadi y\u00fcks\u0259li\u015f, sosial rifah!\u00bb<\/strong><\/em><\/p>\n<p>2003-c\u00fc il oktyabr\u0131n 1-d\u0259 xalqa tarixi m\u00fcraci\u0259ti il\u0259 Az\u0259rbaycan\u0131n g\u0259l\u0259c\u0259k yolunu uzaqg\u00f6r\u0259n siyas\u0259ti, \u00ab\u00dcz\u00fcm\u00fc Siz\u0259 &#8211; h\u0259mv\u0259t\u0259nl\u0259rim\u0259 tutaraq qar\u015f\u0131dan g\u0259l\u0259n prezident se\u00e7kil\u0259rind\u0259 prezidentliy\u0259 namiz\u0259d, m\u0259nim siyasi varisim, Yeni Az\u0259rbaycan Partiyas\u0131 S\u0259drinin I m\u00fcavini \u0130lham \u018fliyevi d\u0259st\u0259kl\u0259m\u0259y\u0259 \u00e7a\u011f\u0131r\u0131ram. O, y\u00fcks\u0259k intellektli, praqmatik d\u00fc\u015f\u00fcnc\u0259li, m\u00fcasir d\u00fcnya siyas\u0259tini v\u0259 iqtisadiyyat\u0131n\u0131 g\u00f6z\u0259l bil\u0259n, enerjili v\u0259 t\u0259\u015f\u0259bb\u00fcskar bir \u015f\u0259xsiyy\u0259tdir. Sizi \u0259min edir\u0259m ki, h\u0259m \u0130lham \u018fliyev, h\u0259m d\u0259 Yeni Az\u0259rbaycan Partiyas\u0131 bundan sonra da xalq\u0131m\u0131z\u0131n \u0259n layiqli \u00f6vladlar\u0131n\u0131 \u00f6z \u0259traf\u0131nda s\u0131x birl\u0259\u015fdir\u0259r\u0259k Az\u0259rbaycan d\u00f6vl\u0259tinin inki\u015faf\u0131 v\u0259 xalq\u0131m\u0131z\u0131n firavanl\u0131\u011f\u0131 yolunda \u00e7ox i\u015fl\u0259r g\u00f6r\u0259c\u0259kl\u0259r\u00bb s\u00f6zl\u0259ri il\u0259 bildir\u0259n Ulu \u00d6nd\u0259r Heyd\u0259r \u018fliyevin m\u00fcdrikliyi bir daha t\u0259sdiql\u0259ndi.<br \/>\n2003-c\u00fc ilin oktyabr\u0131n 15-d\u0259 ke\u00e7iril\u0259n prezident se\u00e7kil\u0259rind\u0259 Yeni Az\u0259rbaycan Partiyas\u0131n\u0131n namiz\u0259di c\u0259nab \u0130lham \u018fliyevi birm\u0259nal\u0131 \u015f\u0259kild\u0259 d\u0259st\u0259kl\u0259y\u0259n se\u00e7icil\u0259r Az\u0259rbaycan\u0131n xilaskar\u0131 Heyd\u0259r \u018fliyev siyasi kursunun, Ulu \u00d6nd\u0259rin m\u00fc\u0259llifi oldu\u011fu inki\u015faf strategiyas\u0131n\u0131n davam\u0131na t\u0259r\u0259fdar olduqlar\u0131n\u0131 bildirdil\u0259r. Xalq\u0131n m\u00fctl\u0259q \u0259ks\u0259riyy\u0259tinin etimad\u0131n\u0131 qazanaraq respublikaya r\u0259hb\u0259rliy\u0259 ba\u015flayan Prezident \u0130lham \u018fliyev \u00dcmummilli Lider Heyd\u0259r \u018fliyevin \u00ab Az\u0259rbaycan d\u00fcnyaya G\u00fcn\u0259\u015f kimi do\u011facaq\u00bb inam\u0131n\u0131 q\u0259tiyy\u0259ti, \u0259zmi, V\u0259t\u0259nin\u0259, xalq\u0131na ba\u011fl\u0131l\u0131\u011f\u0131 il\u0259 do\u011fruldur.<br \/>\n\u00d6t\u0259n ill\u0259r\u0259 n\u0259z\u0259r sald\u0131qda bir reall\u0131\u011f\u0131n \u015fahidi oluruq. Prezident \u0130lham \u018fliyevin \u00f6lk\u0259mizin iqtisadi y\u00fcks\u0259li\u015fi il\u0259 ba\u011fl\u0131 m\u00fc\u0259yy\u0259nl\u0259\u015fdirdiyi \u00e7eviklik, davaml\u0131l\u0131q, makroiqtisadi y\u00fcks\u0259li\u015f prinsipl\u0259rin\u0259 \u0259saslanan inki\u015faf strategiyas\u0131 u\u011furla n\u0259tic\u0259l\u0259nir. M\u0259rh\u0259l\u0259l\u0259rl\u0259 h\u0259yata ke\u00e7iril\u0259n regionlar\u0131n sosial iqtisadi inki\u015faf\u0131 D\u00f6vl\u0259t proqramlar\u0131n\u0131n t\u0259tbiqi il\u0259 simas\u0131 d\u0259yi\u015fil\u0259n b\u00f6lg\u0259l\u0259rd\u0259 aqrar sah\u0259 t\u0259r\u0259qqi etdi, ail\u0259, iri fermer t\u0259s\u0259rr\u00fcfatlar\u0131 yarad\u0131ld\u0131. Qeyri-neft s\u0259nayesinin inki\u015faf\u0131 il\u0259 d\u00f6vl\u0259t b\u00fcdc\u0259sind\u0259 \u00f6z\u0259l sektorun pay\u0131 kimi rolu da artd\u0131. T\u0259sad\u00fcfi deyil ki, bu g\u00fcn \u00abMade in Azerbaijan\u00bb brendi il\u0259 m\u0259\u015fhurla\u015fan, ekoloji bax\u0131mdan t\u0259miz Az\u0259rbaycan m\u0259hsullar\u0131 \u00c7ind\u0259n Amerikaya q\u0259d\u0259r d\u00fcnyan\u0131n y\u00fczl\u0259rl\u0259 d\u00f6vl\u0259tin\u0259 ixrac edilir. Enerji layih\u0259l\u0259rini realla\u015fd\u0131rmaqla d\u00fcnyada neft \u00f6lk\u0259si kimi tan\u0131nan respublikam\u0131zda iqtisadi islahatlar\u0131n h\u0259yata ke\u00e7irilm\u0259si il\u0259 qar\u015f\u0131ya qoyulan h\u0259d\u0259fl\u0259r realla\u015fd\u0131.<br \/>\nPrezident \u0130lham \u018fliyevin q\u0259tiyy\u0259ti, m\u00fcdrikliyi v\u0259 siyasi, diplomatik uzaqg\u00f6r\u0259nliyi il\u0259 realla\u015fan enerji v\u0259 n\u0259qliyyat layih\u0259l\u0259ri Az\u0259rbaycan\u0131n d\u00fcnyada m\u00f6vqeyini m\u00f6hk\u0259ml\u0259ndirir. Ulu \u00d6nd\u0259rin neft strategiyas\u0131n\u0131 u\u011furla davam etdir\u0259n c\u0259nab \u0130lham \u018fliyevin irad\u0259si il\u0259 realla\u015fan Bak\u0131-Tbilisi-Ceyhan, Bak\u0131-Tbilisi-\u018frzurum kimi neft-qaz k\u0259m\u0259rl\u0259rinin ard\u0131c\u0131llar\u0131 olan C\u0259nub Qaz D\u0259hlizi v\u0259 k\u0259m\u0259rin seqmentl\u0259ri Avropa \u00f6lk\u0259l\u0259rinin enerji t\u0259hl\u00fck\u0259sizliyinin t\u0259minat\u0131nda \u0259sas amil kimi d\u0259y\u0259rl\u0259ndirlir. C\u0259nub Qaz D\u0259hlizi Az\u0259rbaycan\u0131n qlobal enerji bazarlar\u0131ndak\u0131 v\u0259 beyn\u0259lxalq m\u00fcnasib\u0259tl\u0259r sistemind\u0259ki yerini daha da m\u00f6hk\u0259ml\u0259ndirib, \u00f6lk\u0259mizi qlobal miqyasda s\u00f6z sahibin\u0259 \u00e7evirib. T\u0259sad\u00fcfi deyil ki, Avropa \u0130ttifaq\u0131na \u00fczv d\u00f6vl\u0259tl\u0259rin \u00fc\u00e7d\u0259 biri Az\u0259rbaycan\u0131n strateji t\u0259r\u0259fda\u015f\u0131d\u0131r. Ukraynada davam ed\u0259n m\u00fcharib\u0259nin daha da g\u00fccl\u0259nm\u0259si n\u0259tic\u0259sind\u0259 yeni riskl\u0259rl\u0259 \u00fczl\u0259\u015f\u0259n \u015e\u0259rqi Avropa \u00f6lk\u0259l\u0259ri bu g\u00fcn m\u0259hz Az\u0259rbaycan qaz\u0131 il\u0259 t\u0259min olunurlar.<br \/>\nRealla\u015fan enerjii layih\u0259l\u0259rind\u0259n \u0259ld\u0259 olunan g\u0259lirl\u0259r iqtisadiyyat\u0131m\u0131z\u0131n, m\u00fcdafi\u0259 s\u0259nayemizin g\u00fccl\u0259nm\u0259sin\u0259, \u00f6lk\u0259 v\u0259t\u0259nda\u015flar\u0131n\u0131n sosial m\u00fcdafi\u0259sinin etibarl\u0131 t\u0259minat\u0131na y\u00f6n\u0259ldilir.<\/p>\n<p>Prezident \u0130lham \u018fliyevin daha \u00e7ox diqq\u0259t yetirdiyi, eyni zamanda, strateji \u0259h\u0259miyy\u0259tli sah\u0259 Az\u0259rbaycan\u0131n tranzit-logistik m\u0259rk\u0259zin\u0259 \u00e7evrilm\u0259sidir. Bak\u0131-Tbilisi-Qars d\u0259mir yolunun \u00e7\u0259kili\u015fi, \u00f6lk\u0259mizd\u0259ki b\u00fct\u00fcn hava yollar\u0131n\u0131n yenid\u0259n qurulmas\u0131, avtomobil yollar\u0131n\u0131n geni\u015fl\u0259ndirilm\u0259si, X\u0259z\u0259r d\u0259nizind\u0259 \u00fcz\u0259n g\u0259mi v\u0259 b\u0259r\u0259l\u0259rimizin say\u0131n\u0131n art\u0131r\u0131lmas\u0131, Bak\u0131da Beyn\u0259lxalq D\u0259niz Liman\u0131n\u0131n in\u015fas\u0131, \u018fl\u0259t Azad \u0130qtisadi Zonas\u0131n\u0131n yarad\u0131lmas\u0131 Prezident \u0130lham \u018fliyevin uzaqg\u00f6r\u0259n v\u0259 d\u00fc\u015f\u00fcn\u00fclm\u00fc\u015f siyas\u0259tinin n\u0259tic\u0259sidir. \u0130ndi \u015eimaldan C\u0259nuba, \u015e\u0259rqd\u0259n Q\u0259rb\u0259 ged\u0259n n\u0259qliyyat d\u0259hlizl\u0259ri \u00fc\u00e7\u00fcn Az\u0259rbaycan Orta D\u0259hliz, birl\u0259\u015fdirici k\u00f6rp\u00fcd\u00fcr. D\u00fcnyan\u0131n iqtisadi lokomotivl\u0259rind\u0259n olan \u00c7inin \u00abBir k\u0259m\u0259r, bir yol\u00bb t\u0259\u015f\u0259bb\u00fcs\u00fcn\u0259 qo\u015fulan Az\u0259rbaycan \u00f6lk\u0259 \u0259razisind\u0259n ke\u00e7\u0259n b\u00fct\u00fcn n\u0259qliyyat d\u0259hlizl\u0259rinin t\u0259r\u0259fda\u015f\u0131d\u0131r. D\u00fcnya d\u00f6vl\u0259tl\u0259ri aras\u0131nda qazand\u0131\u011f\u0131 n\u00fcfuzu, diplomatik u\u011furlar\u0131, ev sahibliyi etdiyi m\u00fch\u00fcm \u0259h\u0259miyy\u0259tli beyn\u0259lxalq t\u0259dbirl\u0259rd\u0259n d\u00fcyna ictimaiyy\u0259tin\u0259 \u00fcnvanlanan s\u00fclh \u00e7a\u011f\u0131r\u0131\u015flar\u0131 il\u0259 se\u00e7il\u0259n Az\u0259rbaycan\u0131n \u0259n b\u00f6y\u00fck u\u011furu az sayda t\u0259misl olunan kosmik klubun \u00fczv\u00fc olmas\u0131d\u0131r.<\/p>\n<p>Sosial \u0259dal\u0259t prinsipl\u0259rin\u0259 sadiqliyini multikultural d\u0259y\u0259rl\u0259rin t\u0259bli\u011find\u0259ki \u0259v\u0259zedilm\u0259z rolu il\u0259 t\u0259sdiql\u0259y\u0259n tolerant Az\u0259rbaycan, eyni zamanda, m\u00fcxt\u0259lif xalqlar\u0131n bir ail\u0259nin \u00fczv\u00fc kim ya\u015fad\u0131qlar\u0131 nadir sabit \u00f6lk\u0259l\u0259rd\u0259ndir. D\u00f6vl\u0259t ba\u015f\u00e7\u0131m\u0131z\u0131n \u00abBizim siyas\u0259timizin m\u0259rk\u0259zind\u0259 Az\u0259rbaycan v\u0259t\u0259nda\u015f\u0131, onun qay\u011f\u0131lar\u0131, rifah\u0131, sa\u011flaml\u0131\u011f\u0131 v\u0259 t\u0259hl\u00fck\u0259sizliyi dayan\u0131r\u00bb s\u00f6zl\u0259rini q\u0259tiyy\u0259til\u0259 realla\u015fd\u0131rmas\u0131, d\u00f6vl\u0259t b\u00fcds\u0259sind\u0259n sosial sah\u0259y\u0259 ayr\u0131lan v\u0259saitl\u0259rin art\u0131r\u0131lmas\u0131, m\u0259\u015f\u011fulluq proqramlar\u0131n\u0131n \u0259hat\u0259 dair\u0259sinin geni\u015fl\u0259nm\u0259si, etibarl\u0131, dayan\u0131ql\u0131 sosial m\u00fcdafi\u0259 sisteminin t\u0259kmill\u0259\u015fdirilm\u0259si, \u0259m\u0259k haqq\u0131 v\u0259 t\u0259qa\u00fcdl\u0259rin sistematik olaraq art\u0131r\u0131lmas\u0131 \u00f6lk\u0259 iqtisadiyyat\u0131n\u0131n m\u00f6hk\u0259ml\u0259n\u0259n t\u0259m\u0259l \u00fcz\u0259rind\u0259 davam\u0131n\u0131n u\u011furlu n\u0259tic\u0259sidir.<\/p>\n<p>\u0130lk d\u0259f\u0259 Prezident kimi and i\u00e7\u0259rk\u0259n Az\u0259rbaycan xalq\u0131na Erm\u0259nistan\u0131n i\u015f\u011fal\u0131 alt\u0131nda qalan torpaqlar\u0131m\u0131z\u0131 azad ed\u0259c\u0259yi v\u0259dini ver\u0259n d\u00f6vl\u0259t ba\u015f\u00e7\u0131m\u0131z, Ali Ba\u015f Komandan \u0130lham \u018fliyev s\u00f6z\u00fcn\u00fcn sahibi oldu. Statusu l\u0259\u011fv olunan \u00abDa\u011fl\u0131q Qaraba\u011f m\u00fcnaqi\u015f\u0259si\u00bbnin \u00abH\u0259rbi yolla h\u0259lli yoxdur\u00bb dey\u0259n erm\u0259ni havadarlar\u0131na \u0130kinci Qaraba\u011f m\u00fcharib\u0259sind\u0259 qazand\u0131\u011f\u0131m\u0131z tarixi Z\u0259f\u0259rimizl\u0259 \u0259dal\u0259t d\u0259rsi verdi.<\/p>\n<p>Art\u0131q t\u0259qa\u00fcd\u0259 g\u00f6nd\u0259rilmi\u015f AT\u018fT-in Minsk qrupunun vasit\u0259\u00e7iliyi il\u0259 apar\u0131lan dan\u0131\u015f\u0131qlar prosesind\u0259 Az\u0259rbaycan\u0131n milli maraqlar\u0131n\u0131n \u0259leyhin\u0259 olan ki\u00e7icik bir t\u0259klifl\u0259 bel\u0259 raz\u0131la\u015fmad\u0131. Prezident kimi i\u015ftirak etdiyi b\u00fct\u00fcn g\u00f6r\u00fc\u015fl\u0259rd\u0259, dan\u0131\u015f\u0131qlarda q\u0259tiyy\u0259tl\u0259 b\u0259yan etdi ki, Az\u0259rbaycan d\u00f6vl\u0259ti \u00f6z \u0259razisind\u0259 ikinci erm\u0259ni d\u00f6vl\u0259tinin yarad\u0131lmas\u0131na he\u00e7 vaxt imkan verm\u0259y\u0259c\u0259k v\u0259 n\u0259yin bahas\u0131na olursa-olsun \u00f6z torpaqlar\u0131n\u0131 i\u015f\u011faldan azad ed\u0259c\u0259kdir. Bunun \u00fc\u00e7\u00fcn Prezident \u0130lham \u018fliyev \u0259n m\u00fcasir \u00e7a\u011f\u0131r\u0131\u015flara uy\u011fun h\u0259rbi islahatlar h\u0259yata ke\u00e7irdi, ordumuzun d\u00f6y\u00fc\u015f imkanlar\u0131n\u0131 modern s\u0259viyy\u0259y\u0259 y\u00fcks\u0259ltdi. D\u00f6vl\u0259t ba\u015f\u00e7\u0131s\u0131 kimi, h\u0259r zaman b\u0259yan etdiyi \u00abS\u00fclh dan\u0131\u015f\u0131qlar\u0131 n\u0259tic\u0259siz qalarsa, Az\u0259rbaycan m\u00fcharib\u0259 yolu il\u0259 torpaqlar\u0131n\u0131 i\u015f\u011faldan azad ed\u0259c\u0259kdir\u00bb q\u0259tiyy\u0259tini realla\u015fd\u0131rd\u0131. 2016-c\u0131 ilin Aprel d\u00f6y\u00fc\u015fl\u0259rind\u0259 Silahl\u0131 Q\u00fcvv\u0259l\u0259rimizin g\u00fcc\u00fcn\u00fc g\u00f6r\u0259n h\u0259r k\u0259s inand\u0131 ki, Az\u0259rbaycan Ordusu torpaqlar\u0131m\u0131z\u0131 i\u015f\u011faldan azad etm\u0259y\u0259 tam haz\u0131rd\u0131r.<br \/>\n2020-ci ilin sentyabr tarixind\u0259 Erm\u0259nistan\u0131n n\u00f6vb\u0259ti t\u0259xribat\u0131 n\u0259tic\u0259sind\u0259 ba\u015flay\u0131b c\u0259mi 44 g\u00fcn davam ed\u0259n \u0130kinci Qaraba\u011f m\u00fcharib\u0259sind\u0259 qazand\u0131\u011f\u0131m\u0131z Z\u0259f\u0259r \u00abd\u0259mir yumru\u011f\u00bbun g\u00fcc\u00fcn\u00fcn sars\u0131lmazl\u0131\u011f\u0131n\u0131 g\u00f6st\u0259rdi. Bel\u0259likl\u0259, 30 il\u0259 yax\u0131n s\u00fclh dan\u0131\u015f\u0131qlar\u0131ndan imtina ed\u0259n, torpaqlar\u0131m\u0131zda qanunsuz m\u0259skunla\u015fma prosesini h\u0259yata ke\u00e7irm\u0259kl\u0259 havadarlar\u0131na arxay\u0131nla\u015fan Erm\u0259nistan d\u00f6y\u00fc\u015f meydan\u0131nda c\u0259zaland\u0131r\u0131ld\u0131. Az\u0259rbaycan Ordusu Ali Ba\u015f Komandan \u0130lham \u018fliyevin ba\u015f\u00e7\u0131l\u0131\u011f\u0131 il\u0259 tarixi v\u0259 \u015f\u0259r\u0259fli missiyas\u0131n\u0131 Q\u0259l\u0259b\u0259 il\u0259 tamamlad\u0131. V\u0259t\u0259n m\u00fcharib\u0259si d\u00f6vl\u0259timizin g\u00fcc\u00fcn\u00fcn, xalq\u0131m\u0131z\u0131n milli irad\u0259sinin v\u0259 h\u0259mr\u0259yliyinin t\u0259nt\u0259sin\u0259 \u00e7evril\u0259r\u0259k torpaqlar\u0131m\u0131z\u0131n i\u015f\u011faldan azad olunmas\u0131, pozulmu\u015f \u0259razi b\u00fct\u00f6vl\u00fcy\u00fcm\u00fcz\u00fcn b\u0259rpas\u0131 il\u0259 n\u0259tic\u0259l\u0259ndi. 44 g\u00fcn davam ed\u0259n \u0130kinci Qaraba\u011f m\u00fcharib\u0259sind\u0259 qazand\u0131\u011f\u0131m\u0131z Z\u0259f\u0259ri, \u015eu\u015fada, Xocal\u0131da, Xank\u0259ndid\u0259, i\u015f\u011faldan azad olunmu\u015f b\u00fct\u00fcn torpaqlarda, strateji y\u00fcks\u0259klikl\u0259rd\u0259 D\u00f6vl\u0259t Bayra\u011f\u0131m\u0131z\u0131 Lider q\u0259tiyy\u0259ti il\u0259 dal\u011faland\u0131ran, Ali Ba\u015f Komandan kimi S\u0259rk\u0259rd\u0259lik m\u0259har\u0259tini u\u011furla tamamlayan c\u0259nab \u0130lham \u018fliyevin vur\u011fulad\u0131\u011f\u0131 kimi, m\u00fcdafi\u0259 q\u00fcdr\u0259timizin u\u011furu olan V\u0259t\u0259n m\u00fcharib\u0259si \u015fanl\u0131 h\u0259rb tariximizin t\u0259krarolunmaz parlaq s\u0259hif\u0259sidir: \u00abAz\u0259rbaycan xalq\u0131 b\u00fct\u00fcn g\u00fcc\u00fcn\u00fc s\u0259f\u0259rb\u0259r edib bu \u015fanl\u0131 missiyan\u0131 yerin\u0259 yetirmi\u015fdir. M\u0259n i\u015f\u011fal d\u00f6vr\u00fcnd\u0259 d\u0259f\u0259l\u0259rl\u0259 deyirdim ki, h\u0259r bir Az\u0259rbaycan v\u0259t\u0259nda\u015f\u0131 bu m\u00fcq\u0259dd\u0259s g\u00fcn\u00fc \u00f6z i\u015fi il\u0259, \u00f6z \u0259m\u0259li il\u0259 yax\u0131nla\u015fd\u0131rmal\u0131d\u0131r. M\u0259n demi\u015fdim ki, he\u00e7 vaxt Az\u0259rbaycan xalq\u0131 i\u015f\u011falla bar\u0131\u015fmayacaq v\u0259 biz i\u015f\u011fala son qoymaq \u00fc\u00e7\u00fcn b\u00fct\u00fcn g\u00fcc\u00fcm\u00fcz\u00fc s\u0259f\u0259rb\u0259r edib bir n\u00f6qt\u0259y\u0259 vuraraq d\u00fc\u015fm\u0259ni tarixi torpaqlar\u0131m\u0131zdan qovduq.\u00bb D\u00fc\u015fm\u0259ni torpaqlar\u0131m\u0131zdan qovaraq tarixi Z\u0259f\u0259ri il\u0259 insanlar\u0131n 30 illik torpaq h\u0259sr\u0259tin\u0259 son qoyan Az\u0259rbaycan Ordusu d\u00fcnyan\u0131n h\u0259rb tarixin\u0259 yeni s\u0259hif\u0259l\u0259r yazd\u0131. \u00d6t\u0259n ilin sentyabr\u0131nda Qaraba\u011fda apard\u0131\u011f\u0131 lokal xarakterli antiterror t\u0259dbirl\u0259ri il\u0259 s\u00fcverenliymizi tam b\u0259rpa ed\u0259n Silahl\u0131 Q\u00fcvv\u0259l\u0259rimiz f\u0259rari Erm\u0259nistan ordusuna m\u0259\u011flubiyy\u0259tin ac\u0131s\u0131n\u0131 t\u0259krar ya\u015fatd\u0131. Erm\u0259ni mifi, separatizmi, fa\u015fizmi bird\u0259f\u0259lik m\u0259hv edildi.<\/p>\n<p>Bu g\u00fcn d\u0259 Silahl\u0131 Q\u00fcvv\u0259l\u0259rimizin inki\u015faf\u0131 il\u0259 ba\u011fl\u0131 laz\u0131mi add\u0131mlar at\u0131l\u0131r, \u0259n m\u00fcasir silah-sursat, texnika al\u0131n\u0131r, yeni komando\u201d birl\u0259\u015fm\u0259l\u0259ri yarad\u0131l\u0131r. \u00abBiz el\u0259 Ordu yaratm\u0131\u015f\u0131q ki, &#8211; bundan sonra da bu i\u015fl\u0259r davam ed\u0259c\u0259k, &#8211; he\u00e7 kim biz\u0259 sata\u015fa bilm\u0259z v\u0259 g\u0259l\u0259c\u0259kd\u0259 d\u0259 bel\u0259 bir fikird\u0259 ola bilm\u0259z. Bu g\u00fcnl\u0259rd\u0259 Erm\u0259nistan t\u0259r\u0259find\u0259n t\u00f6r\u0259dilmi\u015f yeni t\u0259xribata d\u0259rhal adekvat cavab verildi, d\u00fc\u015fm\u0259n c\u0259zaland\u0131r\u0131ld\u0131. Bu, bir daha onlara v\u0259 \u0259sas\u0259n onlara \u00fcr\u0259k-dir\u0259k ver\u0259n, \u00fcst\u00fcm\u00fcz\u0259 g\u00f6nd\u0259r\u0259n q\u00fcvv\u0259l\u0259r\u0259 siqnal idi ki, bizim qaba\u011f\u0131m\u0131zda he\u00e7 kim dura bilm\u0259z. Erm\u0259nistan\u0131n n\u0259 q\u0259d\u0259r havadarlar\u0131 olsa da, he\u00e7 kim bizi dayand\u0131ra bilm\u0259z. Bizim siyas\u0259timiz beyn\u0259lxalq h\u00fcquqa \u0259saslan\u0131r. Bizim Erm\u0259nistan \u0259razisin\u0259 iddiam\u0131z yoxdur, ancaq onlar da \u00f6z iddialar\u0131n\u0131 geri d\u00f6nd\u0259rm\u0259lidirl\u0259r\u00bb s\u00f6yl\u0259y\u0259n Ali Ba\u015f Komandan \u0130lham \u018fliyev q\u0259tiyy\u0259tl\u0259 bildirir ki, Az\u0259rbaycanla \u0259sass\u0131z iddialarla \u015fantaj dili il\u0259 dan\u0131\u015fmaq onlara baha ba\u015fa g\u0259l\u0259c\u0259k v\u0259 onu y\u0259qin ki, h\u0259r k\u0259s g\u00f6r\u00fcr.<br \/>\nXalq\u0131m\u0131z\u0131n b\u00f6y\u00fckl\u00fcy\u00fcn\u00fc m\u00fcharib\u0259 d\u00f6vr\u00fcnd\u0259 v\u0259 m\u00fcharib\u0259d\u0259n sonrak\u0131 d\u00f6vrd\u0259 g\u00f6r\u0259n beyn\u0259lxalq ictimaiyy\u0259t i\u015f\u011faldan azad edilmi\u015f \u0259razil\u0259rd\u0259 q\u0131sa m\u00fcdd\u0259td\u0259 h\u0259yata ke\u00e7iril\u0259n quruculuq i\u015fl\u0259rini h\u0259l\u0259 d\u0259 m\u00f6c\u00fcz\u0259 adland\u0131r\u0131r. D\u00f6vl\u0259t ba\u015f\u00e7\u0131m\u0131z\u0131n \u00abBiz \u00f6z l\u0259yaq\u0259timizi b\u0259rpa etdik. Bundan sonra m\u00fcz\u0259ff\u0259r \u00f6lk\u0259 v\u0259 qalib xalq kimi \u0259b\u0259di ya\u015fayaca\u011f\u0131q. Bundan sonra Qaraba\u011fda v\u0259 Z\u0259ng\u0259zurda \u0259b\u0259di ya\u015fayaca\u011f\u0131q. \u018fg\u0259r Erm\u0259nistanda h\u0259r hans\u0131 bir q\u00fcvv\u0259 biz\u0259 xor baxsa, hans\u0131sa revan\u015fist meyill\u0259r\u0259 \u0259l atsa, bizim yumru\u011fumuzu g\u00f6r\u0259c\u0259kdir. Bizim yumru\u011fumuz yerind\u0259dir\u00bb s\u00f6zl\u0259rinin t\u0259sdiqi \u00abAz\u0259rbaycan 2030: sosial-iqtisadi inki\u015fafa dair Milli Prioritetl\u0259r\u00bbin q\u0259bulu , m\u00f6hk\u0259m iqtisadi t\u0259m\u0259l\u0259 \u0259saslanan v\u0259zif\u0259l\u0259rin m\u00f6ht\u0259\u015f\u0259mliyi oldu. La\u00e7\u0131n s\u0259rh\u0259d-ke\u00e7id m\u0259nt\u0259qsinin yarad\u0131lmas\u0131, terror\u00e7u separt\u00e7\u0131lar\u0131n h\u0259bsi Erm\u0259nistana \u00f6ld\u00fcr\u00fcc\u00fc z\u0259rb\u0259 oldu<br \/>\nC\u0259nubi Qafqaz\u0131n lider \u00f6lk\u0259si ad\u0131n\u0131 b\u00f6lg\u0259d\u0259 sabitliyin qorunmas\u0131 namin\u0259 apard\u0131\u011f\u0131 siyas\u0259tl\u0259 do\u011fruldan Az\u0259rbaycan\u0131n yaratd\u0131\u011f\u0131 yeni reall\u0131qlar hadis\u0259l\u0259r\u0259 daha m\u00fck\u0259mm\u0259l yana\u015fma t\u0259l\u0259b edir. Qar\u015f\u0131dak\u0131 ill\u0259r \u00fc\u00e7\u00fcn n\u0259z\u0259rd\u0259 tutulan quruculuq &#8211; abadl\u0131q i\u015fl\u0259rinin d\u0259qiq \u00fcnvan\u0131, m\u0259qs\u0259d v\u0259 m\u0259ram\u0131, h\u0259lli istiqam\u0259ti art\u0131q b\u0259llidir. \u0130\u015f\u011faldan azad edilmi\u015f \u0259razil\u0259rin b\u0259rpas\u0131, erm\u0259ni vandallar\u0131 t\u0259r\u0259find\u0259n da\u011f\u0131d\u0131lm\u0131\u015f ya\u015fay\u0131\u015f m\u0259sk\u0259nl\u0259rinin m\u00fcasir \u015f\u0259h\u0259rsalma arxitekturas\u0131na uy\u011fun g\u00f6rk\u0259m\u0259 sal\u0131nmas\u0131, beyn\u0259lxalq v\u0259 regional n\u0259qliyyat-logistika d\u0259hlizl\u0259rinin imkanlar\u0131ndan faydalanmaqla yeni layih\u0259l\u0259rin realla\u015fmas\u0131 \u00fc\u00e7\u00fcn s\u0259m\u0259r\u0259li istifad\u0259 Az\u0259rbaycan\u0131n prioritetl\u0259rind\u0259ndir.<br \/>\n\u0130\u015f\u011faldan azad olunan \u0259razil\u0259rd\u0259 yol, n\u0259qliyyat infrastrukturu yenil\u0259nir, quruculuq i\u015fl\u0259ri s\u00fcr\u0259tl\u0259nir. Erm\u0259ni v\u0259h\u015fil\u0259ri t\u0259r\u0259find\u0259n da\u011f\u0131d\u0131lm\u0131\u015f, viran qoyulmu\u015f evl\u0259rin, me\u015f\u0259l\u0259rin b\u0259rpas\u0131, tarixi abid\u0259l\u0259rin yenisi il\u0259 \u0259v\u0259zl\u0259nm\u0259si, \u00abya\u015f\u0131l enerji\u00bb, \u00aba\u011f\u0131ll\u0131 k\u0259nd\u00bb, \u00aba\u011f\u0131ll\u0131 \u015f\u0259h\u0259r\u00bb layih\u0259l\u0259rinin davam etdirilm\u0259si Az\u0259rbaycan\u0131n qar\u015f\u0131s\u0131nda dayanan ba\u015fl\u0131ca h\u0259d\u0259f olmaqla milli y\u00fcks\u0259li\u015fin m\u00fcasir \u00abyol x\u0259rit\u0259si\u00bbdir. Bu y\u00fcks\u0259li\u015fin ilk add\u0131mlar\u0131 Prezident \u0130lham \u018fliyevin i\u015f\u011faldan azad olunmu\u015f \u0259razil\u0259r\u0259, x\u00fcsusil\u0259 \u015eu\u015faya, La\u00e7\u0131na, K\u0259lb\u0259c\u0259r\u0259 s\u0259f\u0259rl\u0259ri zaman\u0131 at\u0131l\u0131b. \u0130\u015f\u011faldan azad olunmu\u015f \u0259razil\u0259rd\u0259 infrastruktur layih\u0259l\u0259rin yenil\u0259nm\u0259si, Z\u0259f\u0259r yolunun istifad\u0259y\u0259 verilm\u0259si, m\u00fcxt\u0259lif b\u00f6lg\u0259l\u0259rd\u0259 elektrik stansiyalar\u0131n\u0131n b\u0259rpas\u0131 v\u0259 in\u015fa olunmas\u0131, su t\u0259s\u0259rr\u00fcfat\u0131 sisteml\u0259rinin yenil\u0259nm\u0259si ilk add\u0131mlar olsa da, geni\u015f quruculuq i\u015fl\u0259ri \u00fc\u00e7\u00fcn t\u0259m\u0259ldir.<\/p>\n<p>\u015eu\u015fada \u00abXar\u0131b\u00fclb\u00fcl\u00bb festival\u0131n\u0131n ke\u00e7irilm\u0259si, erm\u0259nil\u0259r t\u0259r\u0259find\u0259n da\u011f\u0131d\u0131lm\u0131\u015f Az\u0259rbaycan\u0131n tan\u0131nm\u0131\u015f \u015f\u0259xsiyy\u0259tl\u0259ri olan \u00dczeyir Hac\u0131b\u0259ylinin, B\u00fclb\u00fcl\u00fcn, Molla P\u0259nah Vaqifin, Xan q\u0131z\u0131 Nat\u0259van\u0131n b\u00fcstl\u0259rinin, \u00abNat\u0259van bula\u011f\u0131\u00bbn\u0131n b\u0259rpas\u0131 , Vaqif Poeziya G\u00fcnl\u0259rinin ke\u00e7irilm\u0259si, dini abid\u0259l\u0259rd\u0259 t\u0259mir-b\u0259rpa i\u015fl\u0259rinin s\u00fcr\u0259tl\u0259nm\u0259si, \u00abXar\u0131b\u00fclb\u00fcl\u00bb, \u00abQaraba\u011f\u00bb\u201d otell\u0259rinin istifad\u0259y\u0259 verilm\u0259si, F\u00fczuli, Z\u0259ngilan Beyn\u0259lxalq Hava limanlar\u0131n\u0131n a\u00e7\u0131l\u0131\u015f\u0131, \u00abQaraba\u011f\u00bb adl\u0131 t\u0259yyar\u0259nin Qaraba\u011f s\u0259mas\u0131nda g\u00f6r\u00fcnm\u0259si, La\u00e7\u0131n kimi y\u00fcks\u0259k da\u011fl\u0131q \u0259razid\u0259 yeni aeroportun in\u015fas\u0131n\u0131n tamamlama \u0259r\u0259f\u0259sind\u0259 olmas\u0131 q\u0131sa m\u00fcdd\u0259td\u0259 g\u00f6r\u00fcl\u0259n i\u015fl\u0259rin bir hiss\u0259sidir.<\/p>\n<p>\u00abAz\u0259rbaycan Respublikas\u0131nda iqtisadi rayonlar\u0131n yeni b\u00f6lg\u00fcs\u00fc haqq\u0131nda\u00bb F\u0259rman\u0131 imzalamaqla tarixi Z\u0259f\u0259rimizd\u0259n sonra b\u00f6lg\u0259d\u0259 yaranan reall\u0131qlar\u0131n m\u00fch\u00fcm h\u0259d\u0259fl\u0259rini d\u0259qiq m\u00fc\u0259yy\u0259nl\u0259\u015fdir\u0259n Prezident \u0130lham \u018fliyev konkret olaraq Q\u0259rbi v\u0259 \u015e\u0259rqi Z\u0259ng\u0259zur co\u011frafi ad\u0131n\u0131 siyasi leksikona daxil etdi. Qaraba\u011f v\u0259 \u015e\u0259rqi Z\u0259ng\u0259zur iqtisadi rayonlar\u0131n\u0131n yarad\u0131lmas\u0131 iqtisadi bax\u0131mdan daha \u00f6n\u0259mli olmaqla d\u00f6vl\u0259t ba\u015f\u00e7\u0131s\u0131 \u0130lham \u018fliyevin siyasi irad\u0259sinin t\u0259c\u0259ss\u00fcm\u00fcd\u00fcr.<\/p>\n<p>Prezident \u0130lham \u018fliyev 2-ci Az\u0259rbaycan Milli \u015e\u0259h\u0259rsalma Forumunun a\u00e7\u0131l\u0131\u015f m\u0259rasimind\u0259 s\u00f6yl\u0259diyi \u00abEnerji potensial\u0131, n\u0259qliyyat, ya\u015fay\u0131\u015f layih\u0259l\u0259ri &#8211; bunlar\u0131n ham\u0131s\u0131 bizim g\u00fcnd\u0259liyimizin t\u0259rkib hiss\u0259sidir. \u018fmin\u0259m ki, biz b\u00fct\u00fcn v\u0259zif\u0259l\u0259r\u0259, h\u0259d\u0259fl\u0259r\u0259 nail olaca\u011f\u0131q v\u0259 n\u00f6vb\u0259ti \u00fc\u00e7 ild\u0259 100 mind\u0259n \u00e7ox ke\u00e7mi\u015f m\u0259cburi k\u00f6\u00e7k\u00fcn\u00fc evl\u0259rin\u0259 qaytaraca\u011f\u0131q\u00bb s\u00f6zl\u0259rini realla\u015fd\u0131r\u0131r.<\/p>\n<p>Prezident kimi m\u0259tbuata ilk m\u00fcsahib\u0259sind\u0259 jurnalistin \u00abSizc\u0259, Sizi asan i\u015fl\u0259r g\u00f6zl\u0259yir, yoxsa \u00e7\u0259tin\u00bb sual\u0131na c\u0259nab \u0130lham \u018fliyev bel\u0259 cavab vermi\u015fdi: \u00abH\u0259m asan, h\u0259m d\u0259 \u00e7\u0259tin. Asan o m\u0259nada ki, art\u0131q Az\u0259rbaycanda \u00f6lk\u0259mizi h\u0259rt\u0259r\u0259fli inki\u015faf etdirm\u0259k \u00fc\u00e7\u00fcn g\u00f6z\u0259l z\u0259min yaran\u0131bd\u0131r. On il \u0259rzind\u0259 Heyd\u0259r \u018fliyevin siyas\u0259ti Az\u0259rbaycanda \u00e7ox g\u00fccl\u00fc bir t\u0259m\u0259l qoyubdur. Bu t\u0259m\u0259lin \u00fcz\u0259rind\u0259 g\u00f6z\u0259l binan\u0131n in\u015fa edilm\u0259si asan g\u00f6r\u00fcn\u0259 bil\u0259r. Amma eyni zamanda h\u0259yat yerind\u0259 durmur. Yeni t\u0259l\u0259bl\u0259r \u00e7\u0131x\u0131r, qar\u015f\u0131m\u0131za yeni v\u0259zif\u0259l\u0259r \u00e7\u0131x\u0131r. \u018flb\u0259tt\u0259, y\u0259qin \u00e7\u0259tinlikl\u0259r d\u0259 olacaqd\u0131r. Amma m\u0259n bu \u00e7\u0259tinlikl\u0259r\u0259 haz\u0131ram. \u018fg\u0259r m\u0259n \u00f6z\u00fcmd\u0259 bel\u0259 bir haz\u0131rl\u0131q g\u00f6rm\u0259s\u0259ydim, he\u00e7 vaxt bu yola getm\u0259zdim. M\u0259n m\u0259suliyy\u0259t\u0259 d\u0259, \u00e7\u0259tinlikl\u0259r\u0259 d\u0259 haz\u0131ram. \u018fmin\u0259m ki, Az\u0259rbaycan xalq\u0131n\u0131n d\u0259st\u0259yi il\u0259 qar\u015f\u0131da duran b\u00fct\u00fcn v\u0259zif\u0259l\u0259ri l\u0259yaq\u0259tl\u0259 yerin\u0259 yetir\u0259c\u0259y\u0259m. Demi\u015f\u0259m, Az\u0259rbaycan xalq\u0131 g\u00f6r\u0259c\u0259k ki, m\u0259n Az\u0259rbaycan \u00fc\u00e7\u00fcn, xalq\u0131m\u0131z \u00fc\u00e7\u00fcn yax\u015f\u0131 Prezident olaca\u011fam.\u00bb<\/p>\n<p>Qo\u015fulmama H\u0259r\u0259kat\u0131 kimi t\u0259sisata, dig\u0259r t\u0259\u015fkilatlara u\u011furlu s\u0259driliyi d\u00f6vr\u00fcnd\u0259 h\u0259yata ke\u00e7irdiyi layih\u0259l\u0259r, m\u00fc\u0259llif oldu\u011fu humanitar t\u0259\u015f\u0259bb\u00fcsl\u0259r, d\u00f6vl\u0259t ba\u015f\u00e7\u0131m\u0131z haqq\u0131nda h\u0259mkarlar\u0131n\u0131n s\u00f6yl\u0259dikl\u0259ri xo\u015f s\u00f6zl\u0259r d\u0259 t\u0259sdiql\u0259yir ki, c\u0259nab \u0130lham \u018fliyev beyn\u0259lxalq s\u0259viyy\u0259d\u0259 b\u00f6y\u00fck n\u00fcfuz qazanan d\u00f6vl\u0259t ba\u015f\u00e7\u0131s\u0131d\u0131r. \u00abSizin t\u0259cr\u00fcb\u0259nizd\u0259n faydalanma\u011fa haz\u0131r\u0131q\u00bb s\u00f6yl\u0259y\u0259n \u0130raq Prezidenti \u018fbd\u00fcll\u0259tif Camal R\u0259\u015fidin, Slovakiyan\u0131n Ba\u015f naziri Robert Fitsonun \u00ab Siz beyn\u0259lxalq h\u00fcququ m\u00fcdafi\u0259 ed\u0259n \u015f\u0259xsiyy\u0259tsiniz. Siz praqmatik \u015f\u0259xsiyy\u0259tsiniz v\u0259 Sizin xarici siyas\u0259tiniz t\u0259kc\u0259 bir istiqam\u0259td\u0259 k\u00f6kl\u0259nm\u0259yib. Siz \u0259razi b\u00fct\u00f6vl\u00fcy\u00fcn\u00fcn n\u0259 d\u0259r\u0259c\u0259d\u0259 vacib oldu\u011funu \u00e7ox g\u00f6z\u0259l bilirsiniz\u00bb s\u00f6zl\u0259ri d\u00f6vl\u0259t ba\u015f\u00e7\u0131m\u0131z c\u0259nab \u0130lham \u018fliyev\u0259 etimad\u0131n n\u00fcmun\u0259sidir. Prezident \u0130lham \u018fliyevin \u00f6t\u0259n ay Pakistana s\u0259f\u0259ri zaman\u0131 dost \u00f6lk\u0259nin q\u0131r\u0131c\u0131 t\u0259yyar\u0259l\u0259rinin d\u00f6vl\u0259t ba\u015f\u00e7\u0131m\u0131z\u0131 s\u0259mada m\u00fc\u015fayi\u0259t etm\u0259si tarixd\u0259 t\u0259krar\u0131 olmayan h\u00f6rm\u0259td\u0259n qayanaqlan\u0131rd\u0131.<\/p>\n<p>D\u00f6vl\u0259t ba\u015f\u00e7\u0131m\u0131z\u0131n Az\u0259rbaycana r\u0259hb\u0259rliyinin 21 il\u0259 yax\u0131n m\u00fcdd\u0259td\u0259 g\u00f6rd\u00fcy\u00fc i\u015fl\u0259ri, xalq\u0131na verdiyi v\u0259dl\u0259rini do\u011frultmaq \u00fc\u00e7\u00fcn g\u00f6st\u0259rdiyi xidm\u0259tl\u0259ri d\u00fcnya \u015f\u00f6hr\u0259tli qazax yaz\u0131\u00e7\u0131s\u0131 \u00c7ingiz Aytmatovun eyni adl\u0131 roman\u0131na verdiyi ada, \u00abG\u00fcn var \u0259sr\u0259 b\u0259rab\u0259r\u00bb ifad\u0259sin\u0259 b\u0259nz\u0259tm\u0259k c\u0259nab \u0130lham \u018fliyevin f\u0259dakarl\u0131\u011f\u0131na xalq\u0131m\u0131z\u0131n v\u0259fa borcu olar.<\/p>\n<p><strong>Xuraman \u0130smay\u0131lq\u0131z\u0131, \u00ab\u0130ki sahil\u00bb<\/strong><\/p>\n","protected":false},"excerpt":{"rendered":"<p>\u00abS\u00fclh dan\u0131\u015f\u0131qlar\u0131 n\u0259tic\u0259siz qalarsa, Az\u0259rbaycan m\u00fcharib\u0259 yolu il\u0259 torpaqlar\u0131n\u0131 i\u015f\u011faldan azad ed\u0259c\u0259kdir\u00bb v\u0259dini Z\u0259f\u0259rimizl\u0259 do\u011fruldan Prezident \u0130lham \u018fliyevin \u00f6lk\u0259mizin qar\u015f\u0131dak\u0131 ill\u0259r \u00fc\u00e7\u00fcn m\u00fc\u0259yy\u0259nl\u0259\u015fdirdiyi inki\u015faf konsepsiyas\u0131n\u0131n prinsipl\u0259ri, h\u0259d\u0259fl\u0259ri b\u0259llidir: \u00ab\u00c7eviklik, davaml\u0131l\u0131q, makroiqtisadi y\u00fcks\u0259li\u015f, sosial rifah!\u00bb 2003-c\u00fc il oktyabr\u0131n 1-d\u0259 xalqa tarixi m\u00fcraci\u0259ti il\u0259 Az\u0259rbaycan\u0131n g\u0259l\u0259c\u0259k yolunu uzaqg\u00f6r\u0259n siyas\u0259ti, \u00ab\u00dcz\u00fcm\u00fc Siz\u0259 &#8211; h\u0259mv\u0259t\u0259nl\u0259rim\u0259 tutaraq qar\u015f\u0131dan g\u0259l\u0259n prezident se\u00e7kil\u0259rind\u0259 prezidentliy\u0259 namiz\u0259d, m\u0259nim siyasi varisim, Yeni Az\u0259rbaycan Partiyas\u0131 S\u0259drinin I m\u00fcavini \u0130lham \u018fliyevi d\u0259st\u0259kl\u0259m\u0259y\u0259 \u00e7a\u011f\u0131r\u0131ram. O, y\u00fcks\u0259k intellektli, praqmatik d\u00fc\u015f\u00fcnc\u0259li, m\u00fcasir d\u00fcnya siyas\u0259tini v\u0259 iqtisadiyyat\u0131n\u0131 g\u00f6z\u0259l bil\u0259n, enerjili v\u0259 t\u0259\u015f\u0259bb\u00fcskar bir \u015f\u0259xsiyy\u0259tdir. Sizi \u0259min&hellip;<\/p>\n","protected":false},"author":2,"featured_media":744759,"comment_status":"closed","ping_status":"closed","sticky":false,"template":"","format":"standard","meta":{"om_disable_all_campaigns":false,"_monsterinsights_skip_tracking":false,"_monsterinsights_sitenote_active":false,"_monsterinsights_sitenote_note":"","_monsterinsights_sitenote_category":0},"categories":[8],"tags":[],"aioseo_notices":[],"gutentor_comment":0,"rttpg_featured_image_url":{"full":["https:\/\/arantv.az\/wp-content\/uploads\/2024\/08\/211b3925157009071691937418310295085.jpg",975,540,false],"landscape":["https:\/\/arantv.az\/wp-content\/uploads\/2024\/08\/211b3925157009071691937418310295085.jpg",975,540,false],"portraits":["https:\/\/arantv.az\/wp-content\/uploads\/2024\/08\/211b3925157009071691937418310295085.jpg",975,540,false],"thumbnail":["https:\/\/arantv.az\/wp-content\/uploads\/2024\/08\/211b3925157009071691937418310295085-500x280.jpg",500,280,true],"medium":["https:\/\/arantv.az\/wp-content\/uploads\/2024\/08\/211b3925157009071691937418310295085-660x365.jpg",660,365,true],"large":["https:\/\/arantv.az\/wp-content\/uploads\/2024\/08\/211b3925157009071691937418310295085-840x465.jpg",640,354,true],"1536x1536":["https:\/\/arantv.az\/wp-content\/uploads\/2024\/08\/211b3925157009071691937418310295085.jpg",975,540,false],"2048x2048":["https:\/\/arantv.az\/wp-content\/uploads\/2024\/08\/211b3925157009071691937418310295085.jpg",975,540,false],"post-thumbnail":["https:\/\/arantv.az\/wp-content\/uploads\/2024\/08\/211b3925157009071691937418310295085-240x172.jpg",240,172,true],"advps-thumb-one":["https:\/\/arantv.az\/wp-content\/uploads\/2024\/08\/211b3925157009071691937418310295085.jpg",975,540,false]},"rttpg_author":{"display_name":"V\u00fcsal Rafiqo\u011flu","author_link":"https:\/\/arantv.az\/?author=2"},"rttpg_comment":0,"rttpg_category":"<a href=\"https:\/\/arantv.az\/?cat=8\" rel=\"category\">\u018fsas s\u0259hif\u0259<\/a>","rttpg_excerpt":"\u00abS\u00fclh dan\u0131\u015f\u0131qlar\u0131 n\u0259tic\u0259siz qalarsa, Az\u0259rbaycan m\u00fcharib\u0259 yolu il\u0259 torpaqlar\u0131n\u0131 i\u015f\u011faldan azad ed\u0259c\u0259kdir\u00bb v\u0259dini Z\u0259f\u0259rimizl\u0259 do\u011fruldan Prezident \u0130lham \u018fliyevin \u00f6lk\u0259mizin qar\u015f\u0131dak\u0131 ill\u0259r \u00fc\u00e7\u00fcn m\u00fc\u0259yy\u0259nl\u0259\u015fdirdiyi inki\u015faf konsepsiyas\u0131n\u0131n prinsipl\u0259ri, h\u0259d\u0259fl\u0259ri b\u0259llidir: \u00ab\u00c7eviklik, davaml\u0131l\u0131q, makroiqtisadi y\u00fcks\u0259li\u015f, sosial rifah!\u00bb 2003-c\u00fc il oktyabr\u0131n 1-d\u0259 xalqa tarixi m\u00fcraci\u0259ti il\u0259 Az\u0259rbaycan\u0131n g\u0259l\u0259c\u0259k yolunu uzaqg\u00f6r\u0259n siyas\u0259ti, \u00ab\u00dcz\u00fcm\u00fc Siz\u0259 &#8211; h\u0259mv\u0259t\u0259nl\u0259rim\u0259 tutaraq qar\u015f\u0131dan g\u0259l\u0259n prezident&hellip;","_links":{"self":[{"href":"https:\/\/arantv.az\/index.php?rest_route=\/wp\/v2\/posts\/744758"}],"collection":[{"href":"https:\/\/arantv.az\/index.php?rest_route=\/wp\/v2\/posts"}],"about":[{"href":"https:\/\/arantv.az\/index.php?rest_route=\/wp\/v2\/types\/post"}],"author":[{"embeddable":true,"href":"https:\/\/arantv.az\/index.php?rest_route=\/wp\/v2\/users\/2"}],"replies":[{"embeddable":true,"href":"https:\/\/arantv.az\/index.php?rest_route=%2Fwp%2Fv2%2Fcomments&post=744758"}],"version-history":[{"count":1,"href":"https:\/\/arantv.az\/index.php?rest_route=\/wp\/v2\/posts\/744758\/revisions"}],"predecessor-version":[{"id":744760,"href":"https:\/\/arantv.az\/index.php?rest_route=\/wp\/v2\/posts\/744758\/revisions\/744760"}],"wp:featuredmedia":[{"embeddable":true,"href":"https:\/\/arantv.az\/index.php?rest_route=\/wp\/v2\/media\/744759"}],"wp:attachment":[{"href":"https:\/\/arantv.az\/index.php?rest_route=%2Fwp%2Fv2%2Fmedia&parent=744758"}],"wp:term":[{"taxonomy":"category","embeddable":true,"href":"https:\/\/arantv.az\/index.php?rest_route=%2Fwp%2Fv2%2Fcategories&post=744758"},{"taxonomy":"post_tag","embeddable":true,"href":"https:\/\/arantv.az\/index.php?rest_route=%2Fwp%2Fv2%2Ftags&post=744758"}],"curies":[{"name":"wp","href":"https:\/\/api.w.org\/{rel}","templated":true}]}}