{"id":744770,"date":"2024-08-15T10:09:11","date_gmt":"2024-08-15T06:09:11","guid":{"rendered":"https:\/\/arantv.az\/?p=744770"},"modified":"2024-08-15T10:09:11","modified_gmt":"2024-08-15T06:09:11","slug":"qiyam%c9%99t-v%c9%99d-ed%c9%99n-qisas-erm%c9%99ni-revansistl%c9%99r-anlamirlar-ki-kec%c9%99n-d%c9%99f%c9%99-yaxsi-qurtariblar","status":"publish","type":"post","link":"https:\/\/arantv.az\/?p=744770","title":{"rendered":"Qiyam\u0259t v\u0259d ed\u0259n qisas \u2013 erm\u0259ni revan\u015fistl\u0259r anlam\u0131rlar ki, ke\u00e7\u0259n d\u0259f\u0259 yax\u015f\u0131 qurtar\u0131blar"},"content":{"rendered":"<p><strong>El\u0259 bir g\u00fcn olmaz ki, \u0259m\u0259kda\u015flar\u0131m\u0131z Erm\u0259nistanda ba\u015f nazir Nikol Pa\u015finyan\u0131n qat\u0131 \u0259leyhdarlar\u0131 olan tan\u0131nm\u0131\u015f ictimai-siyasi f\u0259allar\u0131n a\u00e7\u0131qlamalar\u0131ndan x\u0259b\u0259r haz\u0131rlamas\u0131nlar.<\/strong><\/p>\n<p>Bizd\u0259 onlar\u0131n bir \u00fcmumi ad\u0131 var: revan\u015fistl\u0259r. El\u0259 \u00f6zl\u0259rind\u0259 d\u0259 onlar\u0131 bel\u0259 adland\u0131r\u0131rlar. Bu \u015f\u0259xsl\u0259r a\u00e7\u0131qlamalar\u0131nda s\u0259sl\u0259ndirdikl\u0259ri fikirl\u0259rd\u0259 qisas \u00e7a\u011f\u0131r\u0131\u015flar\u0131 edir, \u0259trafa nifr\u0259t p\u00fcsk\u00fcr\u00fcrl\u0259r.<\/p>\n<p>Onlar\u0131n revan\u015fizminin iki h\u0259d\u0259fi var: Nikol Pa\u015finyan v\u0259 onun komandas\u0131, bir d\u0259 A\u0259rbaycan d\u00f6vl\u0259ti.<\/p>\n<p>Erm\u0259ni revan\u015fistl\u0259rin birinci h\u0259d\u0259fi Pa\u015finyand\u0131r. Onlar \u00f6z qar\u015f\u0131lar\u0131na ilk n\u00f6vb\u0259d\u0259 onu devirm\u0259yi m\u0259qs\u0259d qoyublar.<\/p>\n<p>Real hakimiyy\u0259t \u0259ld\u0259 ed\u0259nd\u0259n sonra onlar revan\u015flar\u0131n\u0131n ikinci m\u0259rh\u0259l\u0259sin\u0259 adlama\u011f\u0131 d\u00fc\u015f\u00fcn\u00fcrl\u0259r. Bu is\u0259 Az\u0259rbaycanla m\u00fcharib\u0259 dem\u0259kdir.<\/p>\n<p>Bu \u015f\u0259xsl\u0259rd\u0259n biri d\u0259 Erm\u0259nistan parlamentinin deputat\u0131, \u201cDa\u015fnaks\u00fctyun\u201d partiyas\u0131n\u0131n \u00fczv\u00fc \u0130\u015fxan Saqatelyand\u0131r. Son a\u00e7\u0131qlamas\u0131nda o, Pa\u015finyan\u0131n r\u0259hb\u0259rlik etdiyi iqtidar komandas\u0131n\u0131 \u201cg\u0259nc t\u00fcrkl\u0259r h\u00f6kum\u0259ti\u201d adland\u0131r\u0131b.<\/p>\n<p>Tarixd\u0259n bildiyimiz kimi, \u201cg\u0259nc t\u00fcrkl\u0259r\u201d 20-ci \u0259srin \u0259vv\u0259ll\u0259rind\u0259 Osmanl\u0131da inqilabi h\u0259r\u0259kata ba\u015flay\u0131b, imperiyan\u0131n idar\u0259 edilm\u0259sind\u0259 rol oynay\u0131blar. Az\u0259rbaycan\u0131n xilaskar\u0131 \u018fnv\u0259r pa\u015fa (Nuru pa\u015fan\u0131n b\u00f6y\u00fck qarda\u015f\u0131) bu h\u0259r\u0259kat\u0131n liderl\u0259rind\u0259n biri olub.<\/p>\n<p>Saqatelyan v\u0259 ba\u015fqalar\u0131 Pa\u015finyan\u0131n komandas\u0131na \u201cg\u0259nc t\u00fcrkl\u0259r\u201d dey\u0259rk\u0259n he\u00e7 d\u0259 onun inqilab\u00e7\u0131l\u0131\u011f\u0131n\u0131 n\u0259z\u0259rd\u0259 tutmurlar, adam\u0131 \u201ct\u00fcrk olmaqda\u201d, guya t\u00fcrkl\u0259r\u0259 r\u0259\u011fb\u0259t b\u0259sl\u0259m\u0259kd\u0259 v\u0259 onlara i\u015fl\u0259m\u0259kd\u0259 \u015f\u0259rl\u0259yirl\u0259r.<\/p>\n<p>\u018flb\u0259tt\u0259, Erm\u0259nistan\u0131n daxilind\u0259ki siyasi q\u00fcvv\u0259l\u0259r bir-birini ist\u0259dikl\u0259ri kimi ittiham ed\u0259, su\u00e7laya, \u201cxalqa x\u0259yan\u0259t\u201dd\u0259 g\u00fcnahland\u0131ra bil\u0259rl\u0259r, bunun biz\u0259 o q\u0259d\u0259r isti-soyu\u011fu yoxdur. Ancaq erm\u0259nil\u0259rin bu kimi ittihamlar\u0131n\u0131n bir ba\u015f\u0131 m\u00fctl\u0259q T\u00fcrkiy\u0259y\u0259 v\u0259 biz\u0259 toxunur.<\/p>\n<p>\u00c7\u00fcnki onlar regiondak\u0131 status-kvonu bu \u015f\u0259kild\u0259 qoymayacaqlar\u0131ndan dan\u0131\u015f\u0131rlar.<\/p>\n<p>M\u00f6vcud status-kvo is\u0259 ondan ibar\u0259tdir ki, Erm\u0259nistan vaxtil\u0259 Az\u0259rbaycandan qopard\u0131\u011f\u0131 torpaqlar\u0131n 99 faizini itirib, Qaraba\u011fdak\u0131 dayaq n\u00f6qt\u0259sind\u0259n \u2013 kompakt ya\u015fayan erm\u0259ni \u0259halisinin i\u015ftirak\u0131 il\u0259 ba\u015flanm\u0131\u015f separatizm oca\u011f\u0131ndan m\u0259hrum olub.<\/p>\n<p>\u018fslind\u0259 onlar\u0131n bu c\u00fcr revan\u015fist a\u00e7\u0131qlamalar\u0131 erm\u0259nil\u0259rin yenid\u0259n Qaraba\u011fa qay\u0131tmas\u0131n\u0131n ba\u015fl\u0131ca mane\u0259sidir. Bir var, q\u00fcdr\u0259tli d\u00f6vl\u0259tl\u0259r, beyn\u0259lxalq t\u0259\u015fkilatlar Az\u0259rbaycan d\u00f6vl\u0259tini erm\u0259nil\u0259rin Qaraba\u011fa d\u00f6nm\u0259sini t\u0259min etm\u0259si \u00fc\u00e7\u00fcn dil\u0259 tutalar, bir d\u0259 var, erm\u0259nil\u0259r \u00f6zl\u0259ri Qaraba\u011fa dava-dava il\u0259, \u201cqisas alaca\u011f\u0131q\u201d \u015f\u00fcar\u0131 il\u0259 d\u00f6nm\u0259k ist\u0259y\u0259l\u0259r.<\/p>\n<p>Davaya, qisas alma\u011fa g\u0259l\u0259n erm\u0259nil\u0259ri q\u0259bul etm\u0259m\u0259k Az\u0259rbaycan\u0131n t\u0259bii h\u00fcququdur. Bir halda ki, onlar t\u0259z\u0259d\u0259n ortal\u0131\u011f\u0131 qar\u0131\u015fd\u0131rma\u011fa g\u0259lir, \u00f6zl\u0259ri il\u0259 qan-qada g\u0259tirirl\u0259r, o zaman n\u0259d\u0259n onlar\u0131 La\u00e7\u0131n ke\u00e7idind\u0259n \u00fcz\u00fc b\u0259ri buraxaq ki?<\/p>\n<p>Bel\u0259c\u0259, revan\u015fistl\u0259r \u0259slind\u0259 b\u00f6y\u00fck d\u00f6vl\u0259tl\u0259rin, n\u00fcfuzlu beyn\u0259lxalq t\u0259\u015fkilatlar\u0131n qar\u015f\u0131s\u0131nda \u00f6zl\u0259rini pis v\u0259ziyy\u0259td\u0259 qoyur, Az\u0259rbaycan\u0131n arqumentl\u0259rini g\u00fccl\u0259ndirirl\u0259r.<\/p>\n<p>B\u00f6y\u00fck ehtimalla erm\u0259ni xalq\u0131n\u0131n m\u00fcharib\u0259 m\u0259\u011flubiyy\u0259tinin ac\u0131lar\u0131na baxmayaraq, Pa\u015finyan\u0131 m\u00fcdafi\u0259 etm\u0259sinin, \u0259n az\u0131 ona qar\u015f\u0131 h\u0259lledici \u00fcsyana qalxmamas\u0131n\u0131n \u0259sas s\u0259b\u0259bi d\u0259 budur \u2013 yeni m\u00fcharib\u0259d\u0259n qa\u00e7ma\u011fa \u00e7al\u0131\u015fmas\u0131. O, bunu s\u00fclhp\u0259rv\u0259rliyin\u0259 g\u00f6r\u0259 etmir, 44 g\u00fcnl\u00fck m\u00fcharib\u0259d\u0259 \u00f6lk\u0259sinin real g\u00fcc\u00fcn\u00fcn n\u0259d\u0259n ibar\u0259t oldu\u011funu anlay\u0131b, Erm\u0259nistan\u0131n verdiyi itkil\u0259rin ger\u00e7\u0259k miqyas\u0131n\u0131 bilir, ona g\u00f6r\u0259 d\u0259 daha h\u0259rbi avant\u00fcraya getm\u0259k ist\u0259mir.<\/p>\n<p>Da\u015fnaklar, el\u0259c\u0259 d\u0259 Ko\u00e7aryan-Sarkisyan hakimiyy\u0259tinin v\u0259zif\u0259siz qalm\u0131\u015f kadrlar\u0131 \u00fc\u00e7\u00fcn is\u0259 \u0259sas m\u0259qs\u0259d hakimiyy\u0259t \u0259ld\u0259 etm\u0259kdir. Onlar \u00fc\u00e7\u00fcn bu yolda sad\u0259 erm\u0259nil\u0259rin yeni yeti\u015fmi\u015f 18-20 ya\u015fl\u0131 g\u0259ncl\u0259rini m\u00fcharib\u0259y\u0259 bas\u0131b q\u0131rd\u0131rmaq he\u00e7 n\u0259dir.<\/p>\n<p>Erm\u0259ni xalq\u0131 n\u0259 q\u0259d\u0259r xroniki \u015fovinizm tutmalar\u0131 il\u0259 ya\u015fasa da, he\u00e7 k\u0259s cavan balas\u0131n\u0131n yeni m\u00fcharib\u0259d\u0259 \u00f6lm\u0259sini ist\u0259mir.<\/p>\n<p>Revan\u015fistl\u0259r ona da \u0259mindirl\u0259r ki, Pa\u015finyan\u0131 devir\u0259 bils\u0259l\u0259r, yenid\u0259n Rusiyay\u00f6n\u00fcml\u00fc siyas\u0259t yerid\u0259r\u0259k, ba\u015fqa s\u00f6zl\u0259, \u00f6zl\u0259rini Rusiyan\u0131n c\u0259nub \u0259yal\u0259tin\u0259 \u00e7evir\u0259r\u0259k, \u00f6lk\u0259ni dir\u00e7\u0259ld\u0259, h\u0259tta h\u0259rbi d\u0259st\u0259k ala v\u0259 Az\u0259rbaycanla yenid\u0259n c\u0259ng\u0259 gir\u0259 bil\u0259rl\u0259r.<\/p>\n<p>Amma bu d\u0259f\u0259 el\u0259 bir \u015fey olsa, bunun ad\u0131 \u201cxalq\u0131n \u00f6z m\u00fcq\u0259dd\u0259rat\u0131n\u0131 t\u0259yin etm\u0259k u\u011frunda apard\u0131\u011f\u0131 m\u00fcbariz\u0259\u201d olmayacaq, Erm\u0259nistan\u0131n Az\u0259rbaycan torpaqlar\u0131n\u0131 q\u0259sb etm\u0259si \u00fc\u00e7\u00fcn ba\u015flatd\u0131\u011f\u0131 m\u00fcharib\u0259 olacaq, onda da g\u0259r\u0259k d\u00fcnya birliyi aqressor t\u0259r\u0259fi t\u00fclk\u00fcl\u00fck etm\u0259d\u0259n, barmaq tu\u015flayaraq g\u00f6st\u0259rsin. D\u00fc\u015fm\u0259n\u0259 n\u0259s\u0259 tu\u015flamaq is\u0259 art\u0131q bizim i\u015fimizdir \u2013 birba\u015fa v\u0259 effektiv \u015f\u0259kild\u0259.<\/p>\n<div class=\"news-author text-left\"><a href=\"https:\/\/musavat.com\/author\/xalid-kazimli_38\"><img class=\"img-responsive img-author\" src=\"https:\/\/cdn.musavat.com\/authors\/thumbnails\/7b4a53a5a5343a43be46eaabb8cf36a0.jpg\" \/>Xalid KAZIMLI<\/a><\/div>\n","protected":false},"excerpt":{"rendered":"<p>El\u0259 bir g\u00fcn olmaz ki, \u0259m\u0259kda\u015flar\u0131m\u0131z Erm\u0259nistanda ba\u015f nazir Nikol Pa\u015finyan\u0131n qat\u0131 \u0259leyhdarlar\u0131 olan tan\u0131nm\u0131\u015f ictimai-siyasi f\u0259allar\u0131n a\u00e7\u0131qlamalar\u0131ndan x\u0259b\u0259r haz\u0131rlamas\u0131nlar. Bizd\u0259 onlar\u0131n bir \u00fcmumi ad\u0131 var: revan\u015fistl\u0259r. El\u0259 \u00f6zl\u0259rind\u0259 d\u0259 onlar\u0131 bel\u0259 adland\u0131r\u0131rlar. Bu \u015f\u0259xsl\u0259r a\u00e7\u0131qlamalar\u0131nda s\u0259sl\u0259ndirdikl\u0259ri fikirl\u0259rd\u0259 qisas \u00e7a\u011f\u0131r\u0131\u015flar\u0131 edir, \u0259trafa nifr\u0259t p\u00fcsk\u00fcr\u00fcrl\u0259r. Onlar\u0131n revan\u015fizminin iki h\u0259d\u0259fi var: Nikol Pa\u015finyan v\u0259 onun komandas\u0131, bir d\u0259 A\u0259rbaycan d\u00f6vl\u0259ti. Erm\u0259ni revan\u015fistl\u0259rin birinci h\u0259d\u0259fi Pa\u015finyand\u0131r. Onlar \u00f6z qar\u015f\u0131lar\u0131na ilk n\u00f6vb\u0259d\u0259 onu devirm\u0259yi m\u0259qs\u0259d qoyublar. Real hakimiyy\u0259t \u0259ld\u0259 ed\u0259nd\u0259n sonra onlar revan\u015flar\u0131n\u0131n ikinci m\u0259rh\u0259l\u0259sin\u0259 adlama\u011f\u0131 d\u00fc\u015f\u00fcn\u00fcrl\u0259r. Bu is\u0259 Az\u0259rbaycanla m\u00fcharib\u0259 dem\u0259kdir. Bu \u015f\u0259xsl\u0259rd\u0259n&hellip;<\/p>\n","protected":false},"author":2,"featured_media":744771,"comment_status":"closed","ping_status":"closed","sticky":false,"template":"","format":"standard","meta":{"om_disable_all_campaigns":false,"_monsterinsights_skip_tracking":false,"_monsterinsights_sitenote_active":false,"_monsterinsights_sitenote_note":"","_monsterinsights_sitenote_category":0},"categories":[19],"tags":[],"aioseo_notices":[],"gutentor_comment":0,"rttpg_featured_image_url":{"full":["https:\/\/arantv.az\/wp-content\/uploads\/2024\/08\/d61ecf6f1372e272676bad179e8553a8.jpg",750,422,false],"landscape":["https:\/\/arantv.az\/wp-content\/uploads\/2024\/08\/d61ecf6f1372e272676bad179e8553a8.jpg",750,422,false],"portraits":["https:\/\/arantv.az\/wp-content\/uploads\/2024\/08\/d61ecf6f1372e272676bad179e8553a8.jpg",750,422,false],"thumbnail":["https:\/\/arantv.az\/wp-content\/uploads\/2024\/08\/d61ecf6f1372e272676bad179e8553a8-500x280.jpg",500,280,true],"medium":["https:\/\/arantv.az\/wp-content\/uploads\/2024\/08\/d61ecf6f1372e272676bad179e8553a8-649x365.jpg",649,365,true],"large":["https:\/\/arantv.az\/wp-content\/uploads\/2024\/08\/d61ecf6f1372e272676bad179e8553a8.jpg",640,360,false],"1536x1536":["https:\/\/arantv.az\/wp-content\/uploads\/2024\/08\/d61ecf6f1372e272676bad179e8553a8.jpg",750,422,false],"2048x2048":["https:\/\/arantv.az\/wp-content\/uploads\/2024\/08\/d61ecf6f1372e272676bad179e8553a8.jpg",750,422,false],"post-thumbnail":["https:\/\/arantv.az\/wp-content\/uploads\/2024\/08\/d61ecf6f1372e272676bad179e8553a8-240x172.jpg",240,172,true],"advps-thumb-one":["https:\/\/arantv.az\/wp-content\/uploads\/2024\/08\/d61ecf6f1372e272676bad179e8553a8.jpg",750,422,false]},"rttpg_author":{"display_name":"V\u00fcsal Rafiqo\u011flu","author_link":"https:\/\/arantv.az\/?author=2"},"rttpg_comment":0,"rttpg_category":"<a href=\"https:\/\/arantv.az\/?cat=19\" rel=\"category\">G\u00fcnd\u0259m<\/a>","rttpg_excerpt":"El\u0259 bir g\u00fcn olmaz ki, \u0259m\u0259kda\u015flar\u0131m\u0131z Erm\u0259nistanda ba\u015f nazir Nikol Pa\u015finyan\u0131n qat\u0131 \u0259leyhdarlar\u0131 olan tan\u0131nm\u0131\u015f ictimai-siyasi f\u0259allar\u0131n a\u00e7\u0131qlamalar\u0131ndan x\u0259b\u0259r haz\u0131rlamas\u0131nlar. Bizd\u0259 onlar\u0131n bir \u00fcmumi ad\u0131 var: revan\u015fistl\u0259r. El\u0259 \u00f6zl\u0259rind\u0259 d\u0259 onlar\u0131 bel\u0259 adland\u0131r\u0131rlar. Bu \u015f\u0259xsl\u0259r a\u00e7\u0131qlamalar\u0131nda s\u0259sl\u0259ndirdikl\u0259ri fikirl\u0259rd\u0259 qisas \u00e7a\u011f\u0131r\u0131\u015flar\u0131 edir, \u0259trafa nifr\u0259t p\u00fcsk\u00fcr\u00fcrl\u0259r. Onlar\u0131n revan\u015fizminin iki h\u0259d\u0259fi var: Nikol Pa\u015finyan v\u0259 onun komandas\u0131, bir&hellip;","_links":{"self":[{"href":"https:\/\/arantv.az\/index.php?rest_route=\/wp\/v2\/posts\/744770"}],"collection":[{"href":"https:\/\/arantv.az\/index.php?rest_route=\/wp\/v2\/posts"}],"about":[{"href":"https:\/\/arantv.az\/index.php?rest_route=\/wp\/v2\/types\/post"}],"author":[{"embeddable":true,"href":"https:\/\/arantv.az\/index.php?rest_route=\/wp\/v2\/users\/2"}],"replies":[{"embeddable":true,"href":"https:\/\/arantv.az\/index.php?rest_route=%2Fwp%2Fv2%2Fcomments&post=744770"}],"version-history":[{"count":2,"href":"https:\/\/arantv.az\/index.php?rest_route=\/wp\/v2\/posts\/744770\/revisions"}],"predecessor-version":[{"id":744773,"href":"https:\/\/arantv.az\/index.php?rest_route=\/wp\/v2\/posts\/744770\/revisions\/744773"}],"wp:featuredmedia":[{"embeddable":true,"href":"https:\/\/arantv.az\/index.php?rest_route=\/wp\/v2\/media\/744771"}],"wp:attachment":[{"href":"https:\/\/arantv.az\/index.php?rest_route=%2Fwp%2Fv2%2Fmedia&parent=744770"}],"wp:term":[{"taxonomy":"category","embeddable":true,"href":"https:\/\/arantv.az\/index.php?rest_route=%2Fwp%2Fv2%2Fcategories&post=744770"},{"taxonomy":"post_tag","embeddable":true,"href":"https:\/\/arantv.az\/index.php?rest_route=%2Fwp%2Fv2%2Ftags&post=744770"}],"curies":[{"name":"wp","href":"https:\/\/api.w.org\/{rel}","templated":true}]}}