{"id":744861,"date":"2024-08-15T12:57:18","date_gmt":"2024-08-15T08:57:18","guid":{"rendered":"https:\/\/arantv.az\/?p=744861"},"modified":"2024-08-15T12:57:18","modified_gmt":"2024-08-15T08:57:18","slug":"dord-deputatliga-namiz%c9%99d%c9%99-x%c9%99b%c9%99rdarliq","status":"publish","type":"post","link":"https:\/\/arantv.az\/?p=744861","title":{"rendered":"D\u00f6rd deputatl\u0131\u011fa namiz\u0259d\u0259 X\u018fB\u018fRDARLIQ"},"content":{"rendered":"<p>Sentyabr\u0131n 1-d\u0259 ke\u00e7iril\u0259c\u0259k Nax\u00e7\u0131van Muxtar Respublikas\u0131 Ali M\u0259clisin\u0259 se\u00e7kil\u0259rd\u0259 namiz\u0259dliyi qeyd\u0259 al\u0131nan d\u00f6rd n\u0259f\u0259r\u0259 x\u0259b\u0259rdarl\u0131q edilib.<\/p>\n<p>Bu bar\u0259d\u0259 &#8220;Report&#8221;un yerli b\u00fcrosuna Nax\u00e7\u0131van Muxtar Respublikas\u0131 M\u0259rk\u0259zi Se\u00e7ki Komissiyas\u0131ndan m\u0259lumat verilib.<\/p>\n<p>Bel\u0259 ki, se\u00e7kil\u0259rd\u0259 28 sayl\u0131 Nax\u00e7\u0131van \u015f\u0259h\u0259r se\u00e7ki dair\u0259sind\u0259n namiz\u0259dliyi qeyd\u0259 al\u0131nan \u0130smay\u0131lxanl\u0131 R\u00f6v\u015f\u0259n \u018fli o\u011flu, 8 sayl\u0131 D\u00fcd\u0259ng\u0259 se\u00e7ki dair\u0259sind\u0259n namiz\u0259dliyi qeyd\u0259 al\u0131nan Mahmudov R\u00f6v\u015f\u0259n \u018fzim o\u011flu, Mehdiyev H\u0259kimeldostu Bayram o\u011flu v\u0259 Nadirov Cavan\u015fir Abbasqulu o\u011flu \u201cNax\u00e7\u0131van Muxtar Respublikas\u0131 Ali M\u0259clisin\u0259 se\u00e7kil\u0259r haqq\u0131nda\u201d qanunun 63-c\u00fc madd\u0259sinin t\u0259l\u0259bl\u0259rini pozaraq se\u00e7kiqaba\u011f\u0131 t\u0259\u015fviqat apar\u0131lmas\u0131 m\u00fcdd\u0259tinin t\u0259l\u0259bl\u0259rin\u0259 \u0259m\u0259l etm\u0259yibl\u0259r.<\/p>\n<p>Bildirilib ki, 28 sayl\u0131 Nax\u00e7\u0131van \u015e\u0259h\u0259r v\u0259 8 sayl\u0131 D\u00fcd\u0259ng\u0259 dair\u0259 se\u00e7ki komissiyalar\u0131 \u201cNax\u00e7\u0131van Muxtar Respublikas\u0131 Ali M\u0259clisin\u0259 se\u00e7kil\u0259r haqq\u0131nda\u201d qanunun m\u00fcvafiq madd\u0259l\u0259rini r\u0259hb\u0259r tutaraq onlara x\u0259b\u0259rdarl\u0131q edibl\u0259r.<\/p>\n","protected":false},"excerpt":{"rendered":"<p>Sentyabr\u0131n 1-d\u0259 ke\u00e7iril\u0259c\u0259k Nax\u00e7\u0131van Muxtar Respublikas\u0131 Ali M\u0259clisin\u0259 se\u00e7kil\u0259rd\u0259 namiz\u0259dliyi qeyd\u0259 al\u0131nan d\u00f6rd n\u0259f\u0259r\u0259 x\u0259b\u0259rdarl\u0131q edilib. Bu bar\u0259d\u0259 &#8220;Report&#8221;un yerli b\u00fcrosuna Nax\u00e7\u0131van Muxtar Respublikas\u0131 M\u0259rk\u0259zi Se\u00e7ki Komissiyas\u0131ndan m\u0259lumat verilib. Bel\u0259 ki, se\u00e7kil\u0259rd\u0259 28 sayl\u0131 Nax\u00e7\u0131van \u015f\u0259h\u0259r se\u00e7ki dair\u0259sind\u0259n namiz\u0259dliyi qeyd\u0259 al\u0131nan \u0130smay\u0131lxanl\u0131 R\u00f6v\u015f\u0259n \u018fli o\u011flu, 8 sayl\u0131 D\u00fcd\u0259ng\u0259 se\u00e7ki dair\u0259sind\u0259n namiz\u0259dliyi qeyd\u0259 al\u0131nan Mahmudov R\u00f6v\u015f\u0259n \u018fzim o\u011flu, Mehdiyev H\u0259kimeldostu Bayram o\u011flu v\u0259 Nadirov Cavan\u015fir Abbasqulu o\u011flu \u201cNax\u00e7\u0131van Muxtar Respublikas\u0131 Ali M\u0259clisin\u0259 se\u00e7kil\u0259r haqq\u0131nda\u201d qanunun 63-c\u00fc madd\u0259sinin t\u0259l\u0259bl\u0259rini pozaraq se\u00e7kiqaba\u011f\u0131 t\u0259\u015fviqat apar\u0131lmas\u0131 m\u00fcdd\u0259tinin t\u0259l\u0259bl\u0259rin\u0259 \u0259m\u0259l etm\u0259yibl\u0259r. Bildirilib ki, 28 sayl\u0131 Nax\u00e7\u0131van&hellip;<\/p>\n","protected":false},"author":2,"featured_media":744862,"comment_status":"closed","ping_status":"closed","sticky":false,"template":"","format":"standard","meta":{"om_disable_all_campaigns":false,"_monsterinsights_skip_tracking":false,"_monsterinsights_sitenote_active":false,"_monsterinsights_sitenote_note":"","_monsterinsights_sitenote_category":0},"categories":[7],"tags":[],"aioseo_notices":[],"gutentor_comment":0,"rttpg_featured_image_url":{"full":["https:\/\/arantv.az\/wp-content\/uploads\/2024\/08\/2c49529ecdc77cee6bcfa76578ef6b40.jpg",850,500,false],"landscape":["https:\/\/arantv.az\/wp-content\/uploads\/2024\/08\/2c49529ecdc77cee6bcfa76578ef6b40.jpg",850,500,false],"portraits":["https:\/\/arantv.az\/wp-content\/uploads\/2024\/08\/2c49529ecdc77cee6bcfa76578ef6b40.jpg",850,500,false],"thumbnail":["https:\/\/arantv.az\/wp-content\/uploads\/2024\/08\/2c49529ecdc77cee6bcfa76578ef6b40-500x280.jpg",500,280,true],"medium":["https:\/\/arantv.az\/wp-content\/uploads\/2024\/08\/2c49529ecdc77cee6bcfa76578ef6b40-621x365.jpg",621,365,true],"large":["https:\/\/arantv.az\/wp-content\/uploads\/2024\/08\/2c49529ecdc77cee6bcfa76578ef6b40-840x494.jpg",640,376,true],"1536x1536":["https:\/\/arantv.az\/wp-content\/uploads\/2024\/08\/2c49529ecdc77cee6bcfa76578ef6b40.jpg",850,500,false],"2048x2048":["https:\/\/arantv.az\/wp-content\/uploads\/2024\/08\/2c49529ecdc77cee6bcfa76578ef6b40.jpg",850,500,false],"post-thumbnail":["https:\/\/arantv.az\/wp-content\/uploads\/2024\/08\/2c49529ecdc77cee6bcfa76578ef6b40-240x172.jpg",240,172,true],"advps-thumb-one":["https:\/\/arantv.az\/wp-content\/uploads\/2024\/08\/2c49529ecdc77cee6bcfa76578ef6b40.jpg",850,500,false]},"rttpg_author":{"display_name":"V\u00fcsal Rafiqo\u011flu","author_link":"https:\/\/arantv.az\/?author=2"},"rttpg_comment":0,"rttpg_category":"<a href=\"https:\/\/arantv.az\/?cat=7\" rel=\"category\">D\u00fcnya<\/a>","rttpg_excerpt":"Sentyabr\u0131n 1-d\u0259 ke\u00e7iril\u0259c\u0259k Nax\u00e7\u0131van Muxtar Respublikas\u0131 Ali M\u0259clisin\u0259 se\u00e7kil\u0259rd\u0259 namiz\u0259dliyi qeyd\u0259 al\u0131nan d\u00f6rd n\u0259f\u0259r\u0259 x\u0259b\u0259rdarl\u0131q edilib. Bu bar\u0259d\u0259 &#8220;Report&#8221;un yerli b\u00fcrosuna Nax\u00e7\u0131van Muxtar Respublikas\u0131 M\u0259rk\u0259zi Se\u00e7ki Komissiyas\u0131ndan m\u0259lumat verilib. Bel\u0259 ki, se\u00e7kil\u0259rd\u0259 28 sayl\u0131 Nax\u00e7\u0131van \u015f\u0259h\u0259r se\u00e7ki dair\u0259sind\u0259n namiz\u0259dliyi qeyd\u0259 al\u0131nan \u0130smay\u0131lxanl\u0131 R\u00f6v\u015f\u0259n \u018fli o\u011flu, 8 sayl\u0131 D\u00fcd\u0259ng\u0259 se\u00e7ki dair\u0259sind\u0259n namiz\u0259dliyi qeyd\u0259 al\u0131nan Mahmudov R\u00f6v\u015f\u0259n&hellip;","_links":{"self":[{"href":"https:\/\/arantv.az\/index.php?rest_route=\/wp\/v2\/posts\/744861"}],"collection":[{"href":"https:\/\/arantv.az\/index.php?rest_route=\/wp\/v2\/posts"}],"about":[{"href":"https:\/\/arantv.az\/index.php?rest_route=\/wp\/v2\/types\/post"}],"author":[{"embeddable":true,"href":"https:\/\/arantv.az\/index.php?rest_route=\/wp\/v2\/users\/2"}],"replies":[{"embeddable":true,"href":"https:\/\/arantv.az\/index.php?rest_route=%2Fwp%2Fv2%2Fcomments&post=744861"}],"version-history":[{"count":1,"href":"https:\/\/arantv.az\/index.php?rest_route=\/wp\/v2\/posts\/744861\/revisions"}],"predecessor-version":[{"id":744863,"href":"https:\/\/arantv.az\/index.php?rest_route=\/wp\/v2\/posts\/744861\/revisions\/744863"}],"wp:featuredmedia":[{"embeddable":true,"href":"https:\/\/arantv.az\/index.php?rest_route=\/wp\/v2\/media\/744862"}],"wp:attachment":[{"href":"https:\/\/arantv.az\/index.php?rest_route=%2Fwp%2Fv2%2Fmedia&parent=744861"}],"wp:term":[{"taxonomy":"category","embeddable":true,"href":"https:\/\/arantv.az\/index.php?rest_route=%2Fwp%2Fv2%2Fcategories&post=744861"},{"taxonomy":"post_tag","embeddable":true,"href":"https:\/\/arantv.az\/index.php?rest_route=%2Fwp%2Fv2%2Ftags&post=744861"}],"curies":[{"name":"wp","href":"https:\/\/api.w.org\/{rel}","templated":true}]}}