{"id":744864,"date":"2024-08-15T12:58:30","date_gmt":"2024-08-15T08:58:30","guid":{"rendered":"https:\/\/arantv.az\/?p=744864"},"modified":"2024-08-15T12:58:30","modified_gmt":"2024-08-15T08:58:30","slug":"g%c9%99ncl%c9%99rin-seckid%c9%99-rolu-h%c9%99m-secici-h%c9%99m-musahid%c9%99ci-h%c9%99m-d%c9%99-namiz%c9%99d-kimi","status":"publish","type":"post","link":"https:\/\/arantv.az\/?p=744864","title":{"rendered":"G\u0259ncl\u0259rin se\u00e7kid\u0259 rolu &#8211; h\u0259m se\u00e7ici, h\u0259m m\u00fc\u015fahid\u0259\u00e7i, h\u0259m d\u0259 namiz\u0259d kimi&#8230;"},"content":{"rendered":"<p><strong>\u201cAz\u0259rbaycan g\u0259ncliyi yeni, m\u00fcasir \u00e7a\u011f\u0131r\u0131\u015flara cavab verm\u0259kl\u0259 b\u0259rab\u0259r, h\u0259m d\u0259 milli ad\u0259t-\u0259n\u0259n\u0259sin\u0259, k\u00f6k\u00fcn\u0259 sadiqdir\u201d<\/strong><\/p>\n<p>Bu h\u0259ft\u0259 b\u00fct\u00fcn d\u00fcnyada g\u0259ncl\u0259r g\u00fcn\u00fc qeyd olunur. V\u0259 ad\u0259t\u0259n beyn\u0259lxalq g\u00fcnl\u0259r bir n\u00f6v hesabat \u00fc\u00e7\u00fcn f\u00fcrs\u0259t yarad\u0131r. \u0130ld\u0259n-il\u0259 n\u0259z\u0259r\u0259\u00e7arpan d\u0259yi\u015fiklikl\u0259r, \u0259ld\u0259 olunan nailiyy\u0259tl\u0259r sor\u011fulan\u0131r. Az\u0259rbaycan g\u0259ncl\u0259ri is\u0259 bu sor\u011fulaman\u0131 ild\u0259 iki d\u0259f\u0259 apar\u0131rlar. Fevral\u0131n 2-d\u0259, y\u0259ni Az\u0259rbaycan G\u0259ncl\u0259r g\u00fcn\u00fcnd\u0259 v\u0259 12 avqust Beyn\u0259lxalq G\u0259ncl\u0259r g\u00fcn\u00fcnd\u0259. B\u0259s b\u00fct\u00fcn sah\u0259l\u0259rd\u0259 lokomotiv rolunu oynayan g\u0259ncl\u0259r \u00f6lk\u0259mizi beyn\u0259lxalq arenada nec\u0259 t\u0259msil edirl\u0259r? Bu v\u0259 dig\u0259r suallar\u0131\u00a0 \u201cS\u018fS\u201d Media Qrupunun r\u0259hb\u0259ri, politoloq B\u0259hruz Quliyevl\u0259 m\u00fczakir\u0259 etdik.<\/p>\n<p><strong>\u201cYeni M\u00fcsavat\u201da a\u00e7\u0131qlamas\u0131nda B\u0259hruz Quliyev qeyd etdi ki, Az\u0259rbaycan g\u0259ncliyi beyn\u0259lxalq arenada \u00f6lk\u0259mizi \u00e7ox u\u011furlu \u015f\u0259kild\u0259 t\u0259msil edir. Onun fikrinc\u0259, ba\u015fl\u0131ca h\u0259d\u0259f d\u0259 g\u0259ncl\u0259rimizin beyn\u0259lxalq arenada \u00f6z bilik v\u0259 bacar\u0131\u011f\u0131n\u0131 \u00e7ox u\u011furlu \u015f\u0259kild\u0259 ortaya qoymas\u0131d\u0131r:<\/strong>\u00a0\u201cAz\u0259rbaycan g\u0259ncliyi yeni, m\u00fcasir \u00e7a\u011f\u0131r\u0131\u015flara cavab verm\u0259kl\u0259 b\u0259rab\u0259r, h\u0259m d\u0259 milli ad\u0259t-\u0259n\u0259n\u0259sin\u0259, k\u00f6k\u00fcn\u0259 sadiqdir. Bu m\u00f6vqed\u0259n \u00e7\u0131x\u0131\u015f ed\u0259r\u0259k g\u0259ncl\u0259rimiz beyn\u0259lxalq arenada milli maraqlar\u0131m\u0131z\u0131n qorunmas\u0131n\u0131 ba\u015fl\u0131ca v\u0259zif\u0259 olaraq d\u0259y\u0259rl\u0259ndirirl\u0259r.\u00a0 Xat\u0131rlad\u0131m ki, Ulu \u00f6nd\u0259rimiz Heyd\u0259r \u018fliyev g\u0259ncliyimiz\u0259 x\u00fcsusi diqq\u0259t ay\u0131r\u0131r, onlar\u0131n inki\u015faf\u0131 \u00fc\u00e7\u00fcn ciddi add\u0131mlar at\u0131rd\u0131. \u0130lham \u018fliyev d\u0259 2003-c\u00fc ild\u0259 ilk d\u0259f\u0259 prezident se\u00e7il\u0259rk\u0259n demi\u015fdi ki, qara q\u0131z\u0131ldan g\u0259l\u0259n g\u0259lirl\u0259r insan kapital\u0131na y\u00f6n\u0259l\u0259c\u0259k. Biz bu siyas\u0259tin m\u00fcsb\u0259t n\u0259tic\u0259l\u0259rini art\u0131q ill\u0259rdir ki, g\u00f6r\u00fcr\u00fck. Bu g\u00fcn \u00f6lk\u0259mizd\u0259 kifay\u0259t q\u0259d\u0259r intellektual, d\u00fcnyag\u00f6r\u00fc\u015fl\u00fc, bacar\u0131ql\u0131, v\u0259t\u0259np\u0259rv\u0259rliyi il\u0259 f\u0259rql\u0259n\u0259n g\u0259ncliyimiz yeti\u015fib. M\u0259hz bunun n\u0259tic\u0259si olaraq Az\u0259rbaycan\u0131n 44 g\u00fcnl\u00fck V\u0259t\u0259n m\u00fcharib\u0259sind\u0259 yurdunu \u00fcr\u0259kd\u0259n sev\u0259n, u\u011frunda can\u0131ndan ke\u00e7m\u0259y\u0259 haz\u0131r olan g\u0259ncl\u0259rin yeti\u015fdiyini g\u00f6rd\u00fck. D\u00fcnyaya s\u00fcbut etdik ki, m\u00fcasir zaman\u0131n \u00e7a\u011f\u0131r\u0131\u015flar\u0131na y\u00fcks\u0259k s\u0259viyy\u0259d\u0259, h\u0259m d\u0259 milli d\u0259y\u0259rl\u0259ri qorumaq \u015f\u0259rtil\u0259 cavab ver\u0259n g\u0259ncl\u0259r yeti\u015fdir\u0259n xalq\u0131m\u0131z 30 il i\u015f\u011fal alt\u0131nda qalan torpaqlar\u0131n\u0131n azad edilm\u0259sind\u0259 israrl\u0131d\u0131r v\u0259 bunu bacard\u0131. B\u0259li, bu g\u00fcn Az\u0259rbaycan g\u0259nci b\u00f6y\u00fck Z\u0259f\u0259r\u0259 imza atm\u0131\u015f qalib \u00f6lk\u0259nin v\u0259t\u0259nda\u015f\u0131d\u0131r. &#8220;Qalib g\u0259nc&#8221; ifad\u0259si d\u00fcnyan\u0131n h\u0259r yerind\u0259 t\u0259msil olunan Az\u0259rbaycan g\u0259ncl\u0259ri \u00fc\u00e7\u00fcn f\u0259xr m\u0259nb\u0259yidir&#8221;.<\/p>\n<p><img src=\"https:\/\/tv.ikisahil.az\/photo\/800x500_2\/upload\/2020\/10\/09\/-7c21c08016022415959888602631068894.jpg\" alt=\"B\u0259hruz Quliyev: Ko\u00e7aryan geri d\u00f6n\u0259rs\u0259, bu Erm\u0259nistan d\u00f6vl\u0259t\u00e7iliyinin  bird\u0259f\u0259lik itirilm\u0259si hesab\u0131na ba\u015fa g\u0259l\u0259 bil\u0259r - &quot;\u0130ki sahil&quot;\" \/><\/p>\n<p><strong>B\u0259hruz Quliyev<\/strong><\/p>\n<p><strong>B.Quliyev siyas\u0259td\u0259, x\u00fcsusil\u0259 qar\u015f\u0131dan g\u0259l\u0259n parlament se\u00e7kil\u0259rind\u0259 g\u0259ncl\u0259rin i\u015ftirakl\u0131l\u0131\u011f\u0131n\u0131 bel\u0259 \u015f\u0259rh etdi:<\/strong>\u00a0\u201cBu g\u00fcn t\u0259\u015fviqat kampaniyas\u0131na start verilmi\u015f parlament se\u00e7kil\u0259ri m\u00fcasir, m\u00fcst\u0259qil Az\u0259rbaycan tarixind\u0259 ilk d\u0259f\u0259 olaraq \u0259razi b\u00fct\u00f6vl\u00fcy\u00fcm\u00fcz\u00fcn, suverenliyimizin tam \u015f\u0259kild\u0259 b\u0259rpa edildiyi bir zamanda ke\u00e7irilir. Az\u0259rbaycan\u0131n b\u00fct\u00fcn b\u00f6lg\u0259l\u0259rind\u0259 t\u0259\u015fkil edilmi\u015f se\u00e7ki m\u0259nt\u0259q\u0259l\u0259ri sentyabr\u0131n 1-d\u0259 ke\u00e7iril\u0259c\u0259k \u00fcmumxalq s\u0259sverm\u0259sin\u0259 tam olaraq haz\u0131rd\u0131r. \u0130ctimai h\u0259yat\u0131n h\u0259r bir sah\u0259l\u0259rind\u0259 aktiv f\u0259aliyy\u0259t g\u00f6st\u0259r\u0259n qalib \u00f6lk\u0259nin qalib g\u0259ncliyi d\u0259 bu g\u00fcn se\u00e7kil\u0259rd\u0259 x\u00fcsusi aktivliyi il\u0259 se\u00e7ilir. G\u0259ncl\u0259rimiz bu se\u00e7kid\u0259 h\u0259m namiz\u0259d, h\u0259m se\u00e7ici, h\u0259m m\u00fc\u015fahid\u0259\u00e7i, h\u0259m d\u0259 k\u00f6n\u00fcll\u00fc kimi i\u015ftirak edir. G\u0259ncl\u0259rimiz d\u00f6vl\u0259t\u00e7ilik \u0259n\u0259n\u0259l\u0259rini daim uca tutur, \u00e7ox\u015fax\u0259li d\u00f6vl\u0259t islahatlar\u0131n\u0131n h\u0259yata ke\u00e7irilm\u0259sind\u0259 yax\u0131ndan i\u015ftirak edirl\u0259r. Onlar\u0131n m\u0259n\u0259vi inki\u015faf\u0131, v\u0259t\u0259np\u0259rv\u0259rlik t\u0259rbiy\u0259si, xarici \u00f6lk\u0259l\u0259rd\u0259 t\u0259hsili, sosial m\u00fcdafi\u0259y\u0259 ehtiyac\u0131 olanlar\u0131n probleml\u0259rinin h\u0259lli istiqam\u0259tind\u0259 g\u00f6r\u00fcl\u0259n i\u015fl\u0259r, g\u0259ncl\u0259r t\u0259\u015fkilatlar\u0131n\u0131n formala\u015fmas\u0131 v\u0259 inki\u015faf\u0131 \u00fc\u00e7\u00fcn yarad\u0131lan \u015f\u0259rait v\u0259 imkan bu sah\u0259y\u0259 b\u00f6y\u00fck diqq\u0259tin n\u0259tic\u0259sidir. G\u0259nc m\u00fc\u015fahid\u0259\u00e7il\u0259rimiz, se\u00e7icil\u0259rimiz, se\u00e7kil\u0259rd\u0259 namiz\u0259d kimi i\u015ftirak ed\u0259n g\u0259ncl\u0259rimiz bu se\u00e7kil\u0259rin d\u0259 tam demokratik v\u0259 \u015f\u0259ffaf m\u00fchitd\u0259 ke\u00e7iril\u0259c\u0259yin\u0259 \u0259mindirl\u0259r. Bunu se\u00e7kil\u0259rd\u0259 namiz\u0259dliyini ir\u0259li s\u00fcr\u0259n \u015f\u0259xsl\u0259r aras\u0131nda g\u0259ncl\u0259rin \u00fcst\u00fcnl\u00fck t\u0259\u015fkil etm\u0259si d\u0259 s\u00fcbut edir. Az\u0259rbaycan g\u0259ncl\u0259ri bu g\u00fcn d\u00f6vl\u0259t quruculu\u011fu i\u015find\u0259 yax\u0131ndan i\u015ftirak edir. M\u00fcxt\u0259lif qurumlarda &#8211; parlamentd\u0259, b\u0259l\u0259diyy\u0259l\u0259rd\u0259, biznes strukturlar\u0131nda t\u0259msil olunur v\u0259 c\u0259miyy\u0259tin inki\u015faf\u0131na \u00f6z t\u00f6hf\u0259l\u0259rini verirl\u0259r. Bu g\u00fcn Az\u0259rbaycanda 200-\u0259 yax\u0131n g\u0259ncl\u0259r t\u0259\u015fkilat\u0131 v\u0259 20-d\u0259n art\u0131q ali m\u0259kt\u0259bd\u0259 f\u0259aliyy\u0259t g\u00f6st\u0259r\u0259n t\u0259l\u0259b\u0259 g\u0259ncl\u0259r t\u0259\u015fkilatlar\u0131 m\u00f6vcuddur. G\u0259ncl\u0259rin v\u0259t\u0259np\u0259rv\u0259r ruhda t\u0259rbiy\u0259si, t\u0259hsili, f\u0259al v\u0259t\u0259nda\u015f m\u00f6vqeyi, m\u0259d\u0259niyy\u0259tin geni\u015f k\u00fctl\u0259l\u0259r aras\u0131nda t\u0259bli\u011fi bu g\u00fcn d\u00f6vl\u0259timizin prioritet istiqam\u0259tl\u0259rind\u0259n biridir\u201d.<\/p>\n<p><strong>B.Quliyevin fikrinc\u0259, bu g\u00fcn g\u0259ncl\u0259rimiz beyn\u0259lxalq t\u0259\u015fkilatlar\u0131n m\u00fcxt\u0259lif proqram layih\u0259l\u0259rind\u0259 yax\u0131ndan i\u015ftirak edirl\u0259r:<\/strong>\u00a0\u201cEyni zamanda g\u0259nc n\u0259slin n\u00fcmay\u0259nd\u0259l\u0259ri \u00f6lk\u0259mizd\u0259 ke\u00e7irilmi\u015f beyn\u0259lxalq g\u0259ncl\u0259r v\u0259 idman t\u0259dbirl\u0259rind\u0259, qar\u015f\u0131l\u0131ql\u0131 m\u00fcbadil\u0259 s\u0259f\u0259rl\u0259rind\u0259 \u00f6z g\u00fccl\u0259rini, bilik v\u0259 bacar\u0131qlar\u0131n\u0131 n\u00fcmayi\u015f etdirirl\u0259r. Ulu \u00f6nd\u0259r Heyd\u0259r \u018fliyev g\u0259ncl\u0259rin imkan v\u0259 bacar\u0131qlar\u0131n\u0131 y\u00fcks\u0259k qiym\u0259tl\u0259ndirirdi, onlar\u0131n probleml\u0259rinin h\u0259lli istiqam\u0259tind\u0259 h\u0259yata ke\u00e7iril\u0259n t\u0259dbirl\u0259r\u0259 x\u00fcsusi \u00f6n\u0259m verirdi. Bu siyas\u0259t davam etm\u0259kd\u0259dir, h\u0259m d\u0259 daha modern formada, yeni \u00e7a\u011f\u0131r\u0131\u015flara cavab verm\u0259k \u015f\u0259rtil\u0259. 1994-c\u00fc ild\u0259 G\u0259ncl\u0259r v\u0259 \u0130dman Nazirliyinin yarad\u0131lmas\u0131, 1995-ci ild\u0259 G\u0259ncl\u0259r Forumu il\u0259 ba\u011fl\u0131 t\u0259\u015f\u0259bb\u00fcsd\u0259n sonra 1996-c\u0131 ild\u0259n ba\u015flayaraq Az\u0259rbaycan g\u0259ncl\u0259rinin forumlar\u0131n\u0131n ke\u00e7irilm\u0259si, 1997-ci ild\u0259n fevral\u0131n 2-nin Az\u0259rbaycan G\u0259ncl\u0259ri g\u00fcn\u00fc elan edilm\u0259si, be\u015f d\u00f6vl\u0259t proqram\u0131n\u0131n q\u0259bulu, 1999-cu ild\u0259 &#8220;D\u00f6vl\u0259t g\u0259ncl\u0259r siyas\u0259ti haqq\u0131nda&#8221; F\u0259rman\u0131n imzalanmas\u0131 v\u0259 geni\u015f f\u0259aliyy\u0259t proqram\u0131n\u0131n t\u0259sdiq edilm\u0259si Heyd\u0259r \u018fliyevin g\u0259ncl\u0259r\u0259 b\u00f6y\u00fck qay\u011f\u0131s\u0131n\u0131n s\u00fcbutu idi. \u00dcmummilli liderin uzaqg\u00f6r\u0259nlikl\u0259 formala\u015fd\u0131rd\u0131\u011f\u0131 g\u0259ncl\u0259r siyas\u0259ti bu g\u00fcn u\u011furlu n\u0259tic\u0259l\u0259rl\u0259 \u00f6z\u00fcn\u00fcn yeni m\u0259rh\u0259l\u0259sin\u0259 q\u0259d\u0259m qoyub. Prezident \u0130lham \u018fliyevin\u00a0 g\u0259ncl\u0259r siyas\u0259ti is\u0259 g\u0259ncliyin inki\u015faf\u0131na konseptual yana\u015fmadan ibar\u0259tdir. D\u00f6vl\u0259timizin ba\u015f\u00e7\u0131s\u0131 g\u0259ncl\u0259ri apar\u0131c\u0131 q\u00fcvv\u0259y\u0259 \u00e7evirm\u0259k v\u0259 onlar\u0131n sosial-iqtisadi probleml\u0259rinin h\u0259llini t\u0259min etm\u0259k m\u0259qs\u0259di il\u0259 2005-2009-cu ill\u0259ri \u0259hat\u0259 ed\u0259n D\u00f6vl\u0259t Proqram\u0131n\u0131 t\u0259sdiq etmi\u015fdi. El\u0259c\u0259 d\u0259 2007-ci ilin \u201cG\u0259ncl\u0259r \u0130li\u201d elan edilm\u0259si il\u0259 ba\u011fl\u0131 s\u0259r\u0259ncam\u0131 g\u0259ncl\u0259rin \u00f6lk\u0259 h\u0259yat\u0131ndak\u0131 f\u0259all\u0131\u011f\u0131n\u0131 xeyli art\u0131rd\u0131. Az\u0259rbaycan g\u0259ncl\u0259ri \u00fc\u00e7\u00fcn \u0259n h\u0259lledici s\u0131naqlardan biri d\u0259 \u00f6z\u00fcn\u00fc V\u0259t\u0259n m\u00fcharib\u0259sind\u0259 c\u0259sur, v\u0259t\u0259np\u0259rv\u0259r v\u0259t\u0259nda\u015f kimi t\u0259sdiq etm\u0259si oldu. V\u0259t\u0259n m\u00fcharib\u0259sind\u0259, d\u00f6y\u00fc\u015f meydan\u0131nda \u015f\u00fcca\u0259t g\u00f6st\u0259r\u0259n bu g\u0259ncliy\u0259 \u00fcmid etm\u0259m\u0259k, ona inam b\u0259sl\u0259m\u0259m\u0259k, g\u0259l\u0259c\u0259yimizi ona h\u0259val\u0259 etm\u0259m\u0259k haqs\u0131zl\u0131qd\u0131r. T\u0259sad\u00fcfi deyil ki, d\u00f6vl\u0259timizin ba\u015f\u00e7\u0131s\u0131 g\u0259ncl\u0259rl\u0259 g\u00f6r\u00fc\u015fl\u0259rinin birind\u0259 onlara inam\u0131n\u0131 bel\u0259 ifad\u0259 etmi\u015fdi: \u201cM\u0259nim g\u0259ncl\u0259r\u0259 x\u00fcsusi m\u00fcnasib\u0259tim var, m\u0259nim \u00fcr\u0259yim sizinl\u0259dir. Siz b\u00fct\u00fcn i\u015fl\u0259rd\u0259 m\u0259n\u0259 arxalana bil\u0259rsiniz. M\u0259n d\u0259 siz\u0259 arxalan\u0131ram\u201d. Az\u0259rbaycan d\u00f6vl\u0259tinin h\u0259m d\u0259 v\u0259t\u0259nda\u015flar\u0131m\u0131z\u0131n g\u0259ncl\u0259r\u0259 etimad\u0131 b\u00f6y\u00fckd\u00fcr. G\u0259ncl\u0259r d\u0259 d\u00f6vl\u0259t qay\u011f\u0131s\u0131n\u0131 daim \u00f6z \u00fcz\u0259rl\u0259rind\u0259 hiss ed\u0259r\u0259k, u\u011furlar\u0131 il\u0259 onlara g\u00f6st\u0259ril\u0259n qay\u011f\u0131n\u0131 do\u011frultma\u011fa \u00e7al\u0131\u015f\u0131rlar. Bu g\u00fcn \u00f6lk\u0259 g\u0259ncliyi kifay\u0259t q\u0259d\u0259r siyasi yetkin, b\u00f6y\u00fck elmi potensiala malik v\u0259 beyn\u0259lxalq idman arenalar\u0131nda ciddi n\u0259tic\u0259l\u0259r g\u00f6st\u0259r\u0259 bil\u0259c\u0259k g\u00fccd\u0259dir. \u00c7\u00fcnki bu u\u011furlar \u00fc\u00e7\u00fcn Az\u0259rbaycanda kifay\u0259t q\u0259d\u0259r maddi v\u0259 m\u0259n\u0259vi potensial var&#8221;.<\/p>\n<p><strong>Yaz\u0131n\u0131 haz\u0131rlad\u0131: Nigar H\u018fS\u018fNL\u0130<\/strong><\/p>\n","protected":false},"excerpt":{"rendered":"<p>\u201cAz\u0259rbaycan g\u0259ncliyi yeni, m\u00fcasir \u00e7a\u011f\u0131r\u0131\u015flara cavab verm\u0259kl\u0259 b\u0259rab\u0259r, h\u0259m d\u0259 milli ad\u0259t-\u0259n\u0259n\u0259sin\u0259, k\u00f6k\u00fcn\u0259 sadiqdir\u201d Bu h\u0259ft\u0259 b\u00fct\u00fcn d\u00fcnyada g\u0259ncl\u0259r g\u00fcn\u00fc qeyd olunur. V\u0259 ad\u0259t\u0259n beyn\u0259lxalq g\u00fcnl\u0259r bir n\u00f6v hesabat \u00fc\u00e7\u00fcn f\u00fcrs\u0259t yarad\u0131r. \u0130ld\u0259n-il\u0259 n\u0259z\u0259r\u0259\u00e7arpan d\u0259yi\u015fiklikl\u0259r, \u0259ld\u0259 olunan nailiyy\u0259tl\u0259r sor\u011fulan\u0131r. Az\u0259rbaycan g\u0259ncl\u0259ri is\u0259 bu sor\u011fulaman\u0131 ild\u0259 iki d\u0259f\u0259 apar\u0131rlar. Fevral\u0131n 2-d\u0259, y\u0259ni Az\u0259rbaycan G\u0259ncl\u0259r g\u00fcn\u00fcnd\u0259 v\u0259 12 avqust Beyn\u0259lxalq G\u0259ncl\u0259r g\u00fcn\u00fcnd\u0259. B\u0259s b\u00fct\u00fcn sah\u0259l\u0259rd\u0259 lokomotiv rolunu oynayan g\u0259ncl\u0259r \u00f6lk\u0259mizi beyn\u0259lxalq arenada nec\u0259 t\u0259msil edirl\u0259r? Bu v\u0259 dig\u0259r suallar\u0131\u00a0 \u201cS\u018fS\u201d Media Qrupunun r\u0259hb\u0259ri, politoloq B\u0259hruz Quliyevl\u0259 m\u00fczakir\u0259 etdik. \u201cYeni M\u00fcsavat\u201da a\u00e7\u0131qlamas\u0131nda B\u0259hruz&hellip;<\/p>\n","protected":false},"author":2,"featured_media":744865,"comment_status":"closed","ping_status":"closed","sticky":false,"template":"","format":"standard","meta":{"om_disable_all_campaigns":false,"_monsterinsights_skip_tracking":false,"_monsterinsights_sitenote_active":false,"_monsterinsights_sitenote_note":"","_monsterinsights_sitenote_category":0},"categories":[1],"tags":[],"aioseo_notices":[],"gutentor_comment":0,"rttpg_featured_image_url":{"full":["https:\/\/arantv.az\/wp-content\/uploads\/2024\/08\/bf8f6b4bf3cb6fec1649eb2bc9d21bf5.jpg",870,500,false],"landscape":["https:\/\/arantv.az\/wp-content\/uploads\/2024\/08\/bf8f6b4bf3cb6fec1649eb2bc9d21bf5.jpg",870,500,false],"portraits":["https:\/\/arantv.az\/wp-content\/uploads\/2024\/08\/bf8f6b4bf3cb6fec1649eb2bc9d21bf5.jpg",870,500,false],"thumbnail":["https:\/\/arantv.az\/wp-content\/uploads\/2024\/08\/bf8f6b4bf3cb6fec1649eb2bc9d21bf5-500x280.jpg",500,280,true],"medium":["https:\/\/arantv.az\/wp-content\/uploads\/2024\/08\/bf8f6b4bf3cb6fec1649eb2bc9d21bf5-635x365.jpg",635,365,true],"large":["https:\/\/arantv.az\/wp-content\/uploads\/2024\/08\/bf8f6b4bf3cb6fec1649eb2bc9d21bf5-840x483.jpg",640,368,true],"1536x1536":["https:\/\/arantv.az\/wp-content\/uploads\/2024\/08\/bf8f6b4bf3cb6fec1649eb2bc9d21bf5.jpg",870,500,false],"2048x2048":["https:\/\/arantv.az\/wp-content\/uploads\/2024\/08\/bf8f6b4bf3cb6fec1649eb2bc9d21bf5.jpg",870,500,false],"post-thumbnail":["https:\/\/arantv.az\/wp-content\/uploads\/2024\/08\/bf8f6b4bf3cb6fec1649eb2bc9d21bf5-240x172.jpg",240,172,true],"advps-thumb-one":["https:\/\/arantv.az\/wp-content\/uploads\/2024\/08\/bf8f6b4bf3cb6fec1649eb2bc9d21bf5.jpg",870,500,false]},"rttpg_author":{"display_name":"V\u00fcsal Rafiqo\u011flu","author_link":"https:\/\/arantv.az\/?author=2"},"rttpg_comment":0,"rttpg_category":"<a href=\"https:\/\/arantv.az\/?cat=1\" rel=\"category\">C\u0259miyy\u0259t<\/a>","rttpg_excerpt":"\u201cAz\u0259rbaycan g\u0259ncliyi yeni, m\u00fcasir \u00e7a\u011f\u0131r\u0131\u015flara cavab verm\u0259kl\u0259 b\u0259rab\u0259r, h\u0259m d\u0259 milli ad\u0259t-\u0259n\u0259n\u0259sin\u0259, k\u00f6k\u00fcn\u0259 sadiqdir\u201d Bu h\u0259ft\u0259 b\u00fct\u00fcn d\u00fcnyada g\u0259ncl\u0259r g\u00fcn\u00fc qeyd olunur. V\u0259 ad\u0259t\u0259n beyn\u0259lxalq g\u00fcnl\u0259r bir n\u00f6v hesabat \u00fc\u00e7\u00fcn f\u00fcrs\u0259t yarad\u0131r. \u0130ld\u0259n-il\u0259 n\u0259z\u0259r\u0259\u00e7arpan d\u0259yi\u015fiklikl\u0259r, \u0259ld\u0259 olunan nailiyy\u0259tl\u0259r sor\u011fulan\u0131r. Az\u0259rbaycan g\u0259ncl\u0259ri is\u0259 bu sor\u011fulaman\u0131 ild\u0259 iki d\u0259f\u0259 apar\u0131rlar. Fevral\u0131n 2-d\u0259, y\u0259ni Az\u0259rbaycan G\u0259ncl\u0259r g\u00fcn\u00fcnd\u0259 v\u0259&hellip;","_links":{"self":[{"href":"https:\/\/arantv.az\/index.php?rest_route=\/wp\/v2\/posts\/744864"}],"collection":[{"href":"https:\/\/arantv.az\/index.php?rest_route=\/wp\/v2\/posts"}],"about":[{"href":"https:\/\/arantv.az\/index.php?rest_route=\/wp\/v2\/types\/post"}],"author":[{"embeddable":true,"href":"https:\/\/arantv.az\/index.php?rest_route=\/wp\/v2\/users\/2"}],"replies":[{"embeddable":true,"href":"https:\/\/arantv.az\/index.php?rest_route=%2Fwp%2Fv2%2Fcomments&post=744864"}],"version-history":[{"count":1,"href":"https:\/\/arantv.az\/index.php?rest_route=\/wp\/v2\/posts\/744864\/revisions"}],"predecessor-version":[{"id":744866,"href":"https:\/\/arantv.az\/index.php?rest_route=\/wp\/v2\/posts\/744864\/revisions\/744866"}],"wp:featuredmedia":[{"embeddable":true,"href":"https:\/\/arantv.az\/index.php?rest_route=\/wp\/v2\/media\/744865"}],"wp:attachment":[{"href":"https:\/\/arantv.az\/index.php?rest_route=%2Fwp%2Fv2%2Fmedia&parent=744864"}],"wp:term":[{"taxonomy":"category","embeddable":true,"href":"https:\/\/arantv.az\/index.php?rest_route=%2Fwp%2Fv2%2Fcategories&post=744864"},{"taxonomy":"post_tag","embeddable":true,"href":"https:\/\/arantv.az\/index.php?rest_route=%2Fwp%2Fv2%2Ftags&post=744864"}],"curies":[{"name":"wp","href":"https:\/\/api.w.org\/{rel}","templated":true}]}}