{"id":744874,"date":"2024-08-15T13:03:27","date_gmt":"2024-08-15T09:03:27","guid":{"rendered":"https:\/\/arantv.az\/?p=744874"},"modified":"2024-08-15T13:03:27","modified_gmt":"2024-08-15T09:03:27","slug":"dunyada-nufuzu-artan-guclu-idman-dovl%c9%99ti","status":"publish","type":"post","link":"https:\/\/arantv.az\/?p=744874","title":{"rendered":"D\u00fcnyada n\u00fcfuzu artan g\u00fccl\u00fc idman d\u00f6vl\u0259ti"},"content":{"rendered":"<p><em><strong>D\u00f6vl\u0259t ba\u015f\u00e7\u0131s\u0131, Milli Olimpiya Komit\u0259sinin Prezidenti \u0130lham \u018fliyev \u00a0XXXIII Paris Yay Olimpiya Oyunlar\u0131nda medal qazanm\u0131\u015f Az\u0259rbaycan idman\u00e7\u0131lar\u0131n\u0131 v\u0259 onlar\u0131n m\u0259\u015fq\u00e7il\u0259rini q\u0259bul ed\u0259rk\u0259n bu reall\u0131\u011f\u0131 x\u00fcsusi qeyd etdi ki, \u00f6lk\u0259mizd\u0259\u00a0 idman\u0131n inki\u015faf\u0131 ard\u0131c\u0131l sur\u0259td\u0259 gedir<\/strong><\/em><\/p>\n<p><em><strong>Olimpiya Oyunlar\u0131 t\u0259sdiql\u0259di ki\u2026<\/strong><\/em><\/p>\n<p>Az\u0259rbaycan\u0131n h\u0259rt\u0259r\u0259fli inki\u015faf\u0131 d\u00f6vl\u0259t siyas\u0259tinin \u0259sas\u0131n\u0131 t\u0259\u015fkil edir. \u00d6lk\u0259mizd\u0259 el\u0259 bir sah\u0259 yoxdur ki, inki\u015faf m\u0259rh\u0259l\u0259sind\u0259 olmas\u0131n. \u00a0Avqustin 14-d\u0259 d\u00f6vl\u0259t ba\u015f\u00e7\u0131s\u0131, Milli Olimpiya Komit\u0259sinin Prezidenti \u0130lham \u018fliyev\u00a0 XXXIII Paris Yay Olimpiya Oyunlar\u0131nda medal qazanm\u0131\u015f Az\u0259rbaycan idman\u00e7\u0131lar\u0131n\u0131 v\u0259 onlar\u0131n m\u0259\u015fq\u00e7il\u0259rini q\u0259bul ed\u0259rk\u0259n \u00f6lk\u0259mizd\u0259 \u00a0idman\u0131n inki\u015faf\u0131 istiqam\u0259tind\u0259 at\u0131lan add\u0131mlardan v\u0259 u\u011furlu n\u0259tic\u0259l\u0259rd\u0259n b\u0259hs etdi. \u201cBizim Olimpiya Oyunlar\u0131ndak\u0131 u\u011furlar\u0131m\u0131z \u0259vv\u0259lki ill\u0259rd\u0259 d\u0259, son Oyunlarda da g\u00f6st\u0259rir ki, Az\u0259rbaycan g\u00fccl\u00fc idman d\u00f6vl\u0259tidir. T\u0259sad\u00fcfi deyil ki, biz bu Oyunlarda d\u00fcnyan\u0131n \u0259n g\u00fccl\u00fc 30 \u00f6lk\u0259sinin aras\u0131nda yer alm\u0131\u015f\u0131q &#8211; 2 q\u0131z\u0131l, 2 g\u00fcm\u00fc\u015f v\u0259 3 b\u00fcr\u00fcnc medal, hesab edir\u0259m ki, \u00e7ox yax\u015f\u0131 n\u0259tic\u0259dir. \u0130dman\u00e7\u0131lar\u0131, onlar\u0131n m\u0259\u015fq\u00e7il\u0259rini bu g\u00f6z\u0259l hadis\u0259 m\u00fcnasib\u0259til\u0259 bir daha t\u0259brik etm\u0259k ist\u0259yir\u0259m\u201d s\u00f6yl\u0259y\u0259n c\u0259nab \u0130lham \u018fliyev vur\u011fulad\u0131 ki, Olimpiya Oyunlar\u0131 b\u00fct\u00fcn dig\u0259r idman yar\u0131\u015flar\u0131 aras\u0131nda x\u00fcsusi yer tutan bir yar\u0131\u015fd\u0131r, d\u00f6rd ild\u0259n bir ke\u00e7iril\u0259n idman bayram\u0131d\u0131r.<\/p>\n<p>Az\u0259rbaycan Olimpiya Oyunlar\u0131nda \u00a0m\u00fcs\u0259lman \u00f6lk\u0259l\u0259ri aras\u0131nda\u00a0 \u00fc\u00e7\u00fcnc\u00fc yerd\u0259 q\u0259rarla\u015fd\u0131. \u00a0\u0130slam \u018fm\u0259kda\u015fl\u0131q T\u0259\u015fkilat\u0131n\u0131n \u00a057 \u00fczv\u00fcn\u00fcn oldu\u011funu n\u0259z\u0259r\u0259 alsaq, \u00a0bu, \u00e7ox yax\u015f\u0131 \u00a0v\u0259 tarixi n\u0259tic\u0259dir. D\u00f6vl\u0259timizin ba\u015f\u00e7\u0131s\u0131 bu q\u0259l\u0259b\u0259ni bel\u0259 d\u0259y\u0259rl\u0259ndirdi: \u201cB\u00fct\u00f6vl\u00fckd\u0259 komandam\u0131z\u0131n \u00e7\u0131x\u0131\u015f\u0131na qiym\u0259t ver\u0259r\u0259k m\u0259n hesab edir\u0259m ki, bizim idman\u00e7\u0131lar\u0131m\u0131z \u0259n y\u00fcks\u0259k qiym\u0259t\u0259 layiq olmal\u0131d\u0131r.\u201d<\/p>\n<p>\u00d6lk\u0259miz dig\u0259r sah\u0259l\u0259rd\u0259 oldu\u011fu kimi, idman sah\u0259sind\u0259 d\u0259 beyn\u0259lxalq t\u0259dbirl\u0259r\u0259 ev sahibliyi edir. 2015-ci ild\u0259 ilk Avropa Oyunlar\u0131n\u0131n, 2017-ci ukd\u0259 IV \u0130slam H\u0259mr\u0259yliyi Oyunlar\u0131n\u0131n \u00f6lk\u0259mizd\u0259 \u00a0ke\u00e7irilm\u0259si Az\u0259rbaycan\u0131n qeyd olunan istiqam\u0259td\u0259 b\u00f6y\u00fck potensiala malik oldu\u011funu t\u0259sdiql\u0259yir. Az\u0259rbaycana 56 medal qazand\u0131ran Birinci Avropa Oyunlar\u0131 g\u00f6st\u0259rdi \u00a0ki, \u00f6lk\u0259mizd\u0259 perspektivli, g\u00fccl\u00fc idman\u00e7\u0131lar n\u0259sli yeti\u015fm\u0259kd\u0259dir. \u0130lk Avropa Oyunlar\u0131n\u0131n, \u00a0Formula 1\u201d\u00a0 beyn\u0259lxalq yar\u0131\u015f\u0131n \u00a0\u00f6lk\u0259mizd\u0259 ke\u00e7irilm\u0259si Az\u0259rbaycanda idman\u0131n inki\u015faf\u0131na g\u00f6st\u0259ril\u0259n diqq\u0259ti d\u00fcnyaya b\u0259yan etdi. Az\u0259rbaycan \u201cBak\u0131-2017\u201d \u0130slam H\u0259mr\u0259yliyi Oyunlar\u0131nda da qalibiyy\u0259t\u0259 imza atd\u0131. B\u00fct\u00fcn bunlar \u00f6lk\u0259mizd\u0259 idman\u0131n inki\u015faf\u0131na g\u00f6st\u0259ril\u0259n diqq\u0259t v\u0259 qay\u011f\u0131n\u0131n n\u0259tic\u0259sidir. Bu u\u011furlar\u0131n \u0259sas\u0131nda \u00dcmummilli Lider Heyd\u0259r \u018fliyevin d\u00fczg\u00fcn m\u00fc\u0259yy\u0259nl\u0259\u015fdirdiyi idman siyas\u0259ti dayan\u0131r. Ulu \u00d6nd\u0259r daim g\u0259ncl\u0259rimizin fiziki sa\u011flaml\u0131\u011f\u0131n\u0131 prioritet m\u0259s\u0259l\u0259 kimi \u00f6nd\u0259 saxlad\u0131. Heyd\u0259r \u018fliyev siyas\u0259tini b\u00fct\u00fcn sah\u0259l\u0259rd\u0259 u\u011furla davam etdir\u0259n Prezident \u0130lham \u018fliyevin idman\u0131n b\u00fct\u00fcn n\u00f6vl\u0259rinin inki\u015faf\u0131na g\u00f6st\u0259rdiyi diqq\u0259t atd\u0131\u011f\u0131 add\u0131mlarda \u00f6z\u00fcn\u00fcn ayd\u0131n ifad\u0259sini tap\u0131r. Son 20 ild\u0259n art\u0131q d\u00f6vrd\u0259 Bak\u0131 v\u0259 Bak\u0131\u0259traf\u0131 q\u0259s\u0259b\u0259l\u0259rin, h\u0259m\u00e7inin regionlar\u0131n sosial-iqtisadi inki\u015faf\u0131na dair D\u00f6vl\u0259t Proqramlar\u0131 icra edilib. Bu s\u0259n\u0259dl\u0259r\u0259 uy\u011fun olaraq paytaxt Bak\u0131da v\u0259 regionlarda m\u00fcasir t\u0259l\u0259bl\u0259r\u0259 cavab ver\u0259n idman kompleksl\u0259ri tikilib istifad\u0259y\u0259 verilib.\u00a0 \u00a0\u201cBu g\u00fcn m\u0259n dey\u0259nd\u0259 ki, Az\u0259rbaycan idman d\u00f6vl\u0259tidir, bax, bunu bu s\u0259b\u0259bl\u0259r\u0259 g\u00f6r\u0259 deyir\u0259m. Birincisi, bizd\u0259 \u0259n m\u00fcasir idman infrastrukturu yarad\u0131l\u0131b v\u0259 bu infrastruktur imkan verir ki, biz b\u00fct\u00fcn \u0259n y\u00fcks\u0259k s\u0259viyy\u0259li oyunlar\u0131 ke\u00e7ir\u0259k. Avropa Oyunlar\u0131n\u0131n Az\u0259rbaycanda ke\u00e7irilm\u0259si bunun \u0259yani s\u00fcbutudur. \u0130kincisi, Az\u0259rbaycan idman\u00e7\u0131lar\u0131 m\u00fcxt\u0259lif yar\u0131\u015flarda, Olimpiya Oyunlar\u0131nda, d\u00fcnya \u00e7empionatlar\u0131nda, Avropa \u00e7empionatlar\u0131nda, yeniyetm\u0259l\u0259rin Olimpiya Oyunlar\u0131nda h\u0259mi\u015f\u0259 y\u00fcks\u0259k pill\u0259l\u0259rd\u0259dir. \u0130dman\u0131n inki\u015faf\u0131 v\u0259 k\u00fctl\u0259viliyi il\u0259 ba\u011fl\u0131 da \u00e7ox d\u00fc\u015f\u00fcn\u00fclm\u00fc\u015f, ard\u0131c\u0131l siyas\u0259t apar\u0131l\u0131r v\u0259 bu siyas\u0259t \u00f6z\u00fcn\u00fc art\u0131q d\u0259f\u0259l\u0259rl\u0259 g\u00f6st\u0259rmi\u015fdir. Ona g\u00f6r\u0259, \u0259min\u0259m ki, g\u0259l\u0259c\u0259k ill\u0259rd\u0259 d\u0259 beyn\u0259lxalq idman qurumlar\u0131 Az\u0259rbaycana h\u0259mi\u015f\u0259 b\u00f6y\u00fck h\u00f6rm\u0259tl\u0259 yana\u015facaqlar. Biz d\u0259 \u00e7al\u0131\u015faca\u011f\u0131q ki, Az\u0259rbaycan idman d\u00f6vl\u0259ti kimi g\u0259l\u0259c\u0259kd\u0259 d\u0259 \u00f6z\u00fcn\u00fc g\u00f6st\u0259rsin v\u0259 \u00f6z imkanlar\u0131n\u0131 ortaya qoysun\u201d s\u00f6zl\u0259ri il\u0259 \u00f6lk\u0259mizd\u0259 idman\u0131n inki\u015faf\u0131na g\u00f6st\u0259ril\u0259n diqq\u0259tin davaml\u0131 olaca\u011f\u0131n\u0131 bildir\u0259n Prezident \u0130lham \u018fliyevin vur\u011fulad\u0131\u011f\u0131 kimi, \u00a0medallar\u0131n say\u0131na g\u00f6r\u0259 Birinci Avropa Oyunlar\u0131nda qazand\u0131\u011f\u0131m\u0131z ikinci, \u0130slam H\u0259mr\u0259yliyi Oyunlar\u0131nda birinci yer idman tariximiz\u0259 q\u0259l\u0259b\u0259 salnam\u0259si kimi yaz\u0131ld\u0131. D\u00fcnyada q\u00fcdr\u0259tli \u00f6lk\u0259 kimi tan\u0131nan Az\u0259rbaycan idman\u00e7\u0131lar\u0131n\u0131n Birinci Avropa Oyunlar\u0131nda 56 \u00a0medal qazanaraq medallar\u0131n say\u0131na g\u00f6r\u0259 m\u00fcs\u0259lman \u00f6lk\u0259l\u0259ri s\u0131ras\u0131nda birinci yeri qazanmas\u0131 Az\u0259rbaycan d\u00f6vl\u0259tinin iqtisadi potensial\u0131n\u0131n, g\u0259ncl\u0259rimizin istedad v\u0259 bacar\u0131\u011f\u0131n\u0131n m\u0259ntiqi n\u0259tic\u0259si idi.<\/p>\n<p><em><strong>Olimpiya oyunlar\u0131nda u\u011furlu i\u015ftirak<\/strong><\/em><\/p>\n<p>Az\u0259rbaycan\u0131n olimpiya oyunlar\u0131nda i\u015ftirak\u0131 h\u0259mi\u015f\u0259 u\u011furlu olub. \u018fld\u0259 edil\u0259n u\u011furlu n\u0259tic\u0259l\u0259r bu q\u0259na\u0259t\u0259 \u0259sas verir. D\u00f6vl\u0259t ba\u015f\u00e7\u0131s\u0131 \u0130lham \u018fliyev s\u00f6z\u00fcged\u0259n g\u00f6r\u00fc\u015fd\u0259 bildirdi ki, \u00a0Olimpiya Oyunlar\u0131 bir daha g\u00f6st\u0259rdi ki, Az\u0259rbaycanda idman\u0131n inki\u015faf\u0131 ard\u0131c\u0131l sur\u0259td\u0259 gedir. \u0130dman\u00e7\u0131lar\u0131m\u0131z be\u015f idman n\u00f6v\u00fcnd\u0259 medallar qazanm\u0131\u015flar: c\u00fcdo, boks, taekvondo, yunan-Roma g\u00fcl\u0259\u015fi, s\u0259rb\u0259st g\u00fcl\u0259\u015f \u00fczr\u0259. Bu da onu g\u00f6st\u0259rir ki, Az\u0259rbaycanda idman\u0131n bir \u00e7ox n\u00f6vl\u0259ri inki\u015faf edir: \u201c\u018flb\u0259tt\u0259 ki, indi m\u00fc\u0259yy\u0259n istirah\u0259td\u0259n sonra yeni haz\u0131rl\u0131q prosesin\u0259 start veril\u0259c\u0259k, h\u0259m Avropa, h\u0259m d\u00fcnya \u00e7empionatlar\u0131na haz\u0131rl\u0131q i\u015fl\u0259ri ged\u0259c\u0259k. \u018flb\u0259tt\u0259 ki, biz n\u00f6vb\u0259ti Olimpiya Oyunlar\u0131na da indid\u0259n haz\u0131rla\u015fmal\u0131y\u0131q. Bir ne\u00e7\u0259 idman n\u00f6v\u00fcnd\u0259 n\u0259sill\u0259rin d\u0259yi\u015fm\u0259si prosesi gedir. Ona g\u00f6r\u0259 t\u0259bii ki, biz n\u00f6vb\u0259ti Olimpiya Oyunlar\u0131na bu prizmadan yana\u015fmal\u0131y\u0131q v\u0259 x\u00fcsusil\u0259 u\u015faq-yeniyetm\u0259 idman\u0131na bundan sonra da diqq\u0259t g\u00f6st\u0259rilm\u0259lidir. N\u0259z\u0259r\u0259 alsaq ki, idmanla m\u0259\u015f\u011ful olmaq \u00fc\u00e7\u00fcn indi \u00f6lk\u0259mizin h\u0259r bir yerind\u0259 g\u00f6z\u0259l \u015f\u0259rait var. \u0130dmana r\u0259hb\u0259rlik ed\u0259n qurumlar aras\u0131nda koordinasiya i\u015fl\u0259ri d\u00fczg\u00fcn qurulub, federasiyalar, klublar u\u011furla f\u0259aliyy\u0259t g\u00f6st\u0259rir.\u201d C\u0259nab \u0130lham \u018fliyev bu m\u00fch\u00fcm m\u0259qam\u0131 da x\u00fcsusi qeyd etdi ki, uzun ill\u0259r \u0259rzind\u0259 idman\u0131n k\u00fctl\u0259viliyi il\u0259 ba\u011fl\u0131 dediyim s\u00f6zl\u0259r v\u0259 verdiyim tap\u015f\u0131r\u0131qlar bir m\u0259qs\u0259di g\u00fcd\u00fcr- fiziki, m\u0259n\u0259vi c\u0259h\u0259td\u0259n sa\u011flam, V\u0259t\u0259n\u0259 ba\u011fl\u0131, v\u0259t\u0259np\u0259rv\u0259r v\u0259 pe\u015f\u0259kar g\u0259nc n\u0259sil yeti\u015fsin. \u0130dman\u00e7\u0131lar\u0131m\u0131z\u0131n u\u011furlu \u00e7\u0131x\u0131\u015flar\u0131 bunu bir daha g\u00f6st\u0259rdi ki, biz g\u0259nc n\u0259slimizl\u0259 haql\u0131 olaraq f\u0259xr ed\u0259 bil\u0259rik. Bu nailiyy\u0259tl\u0259r, eyni zamanda, medallar qazanm\u0131\u015f idman\u00e7\u0131lar\u0131n m\u0259suliyy\u0259tini d\u0259 art\u0131r\u0131r. \u0130dman\u00e7\u0131lar\u0131m\u0131z h\u0259m yar\u0131\u015flarda, eyni zamanda, h\u0259yatda n\u00fcmun\u0259vi davran\u0131\u015f qaydalar\u0131 g\u00f6st\u0259rirl\u0259r.<\/p>\n<p><em><strong>M\u00fcasir idman infrastrukturu<\/strong><\/em><\/p>\n<p>Qeyd etdiyimiz kimi, bu g\u00fcn Az\u0259rbaycan d\u00fcnyada idman \u00f6lk\u0259si kimi tan\u0131n\u0131r, beyn\u0259lxalq idman ail\u0259sind\u0259 layiqli yer tutur. Bunun t\u0259sdiqi olaraq onu dey\u0259 bil\u0259rik ki, \u00a0Avropa \u0130dman Paytaxtlar\u0131 v\u0259 \u015e\u0259h\u0259rl\u0259ri Federasiyas\u0131 Bak\u0131 \u015f\u0259h\u0259rini 2026-c\u0131 il \u00fc\u00e7\u00fcn d\u00fcnyan\u0131n \u201c\u0130dman Paytaxt\u0131\u201d se\u00e7ib. Az\u0259rbaycanda \u0259halinin sa\u011flaml\u0131\u011f\u0131n\u0131n m\u00f6hk\u0259ml\u0259ndirilm\u0259si, y\u00fcks\u0259k standartlara uy\u011fun m\u00f6vcud idman infrastrukturu v\u0259 idman\u0131n t\u0259bli\u011fi \u00fc\u00e7\u00fcn g\u00f6r\u00fcl\u0259n n\u00fcmun\u0259vi f\u0259aliyy\u0259t y\u00fcks\u0259k qiym\u0259tl\u0259ndirilir. G\u0259l\u0259n ilin sonunda Bel\u00e7ikan\u0131n Br\u00fcssel \u015f\u0259h\u0259rind\u0259, Avropa Parlamentind\u0259 Bak\u0131 \u015f\u0259h\u0259rinin d\u00fcnyan\u0131n \u201c\u0130dman Paytaxt\u0131\u201d olaraq r\u0259smi t\u0259qdimat m\u0259rasiminin ke\u00e7irilm\u0259si planla\u015fd\u0131r\u0131l\u0131r.<\/p>\n<p>\u0130dman da bir siyas\u0259tdir. Ke\u00e7iril\u0259n idman t\u0259dbirl\u0259rind\u0259, bayramlar\u0131nda Az\u0259rbaycan idman\u015f\u0131lar\u0131n\u0131n q\u0259l\u0259b\u0259si qalibiyy\u0259t r\u0259mzimiz olan \u00fc\u00e7r\u0259ngli Bayra\u011f\u0131m\u0131z\u0131n y\u00fcks\u0259kl\u0259rd\u0259 dal\u011falanmas\u0131n\u0131, d\u00f6vl\u0259t himnimizin s\u0259sl\u0259ndirilm\u0259sini \u015f\u0259rtl\u0259ndirir ki, bu da \u00f6z n\u00f6vb\u0259sind\u0259 \u00f6lk\u0259mizin tan\u0131nmas\u0131nda, beyn\u0259lxalq n\u00fcfuzunun artmas\u0131nda \u0259sasd\u0131r. \u00a0\u0130dman sah\u0259sind\u0259 \u0259sl y\u00fcks\u0259li\u015f d\u00f6vr\u00fcn\u00fc ya\u015fayan Az\u0259rbaycanda m\u00fck\u0259mm\u0259l idman infrastrukturu n\u00f6vcuddur. \u00a0Bak\u0131 Olimpiya Stadionu, Milli Gimnastika Arenas\u0131, Bak\u0131 Su \u0130dman\u0131 Saray\u0131 v\u0259 dig\u0259r m\u00f6ht\u0259\u015f\u0259m idman obyektl\u0259ri bunun g\u00f6st\u0259ricisidir. B\u00fct\u00fcn bunlar \u00f6lk\u0259mizi beyn\u0259lxalq yar\u0131\u015flar\u0131n, d\u00fcnya \u00e7empionatlar\u0131n\u0131n ke\u00e7irilm\u0259si \u00fc\u00e7\u00fcn \u0259lveri\u015fli m\u0259kana \u00e7evirib. D\u00f6vl\u0259timizin ba\u015f\u00e7\u0131s\u0131 Parisd\u0259 ke\u00e7iril\u0259n Yay Olimpiya Oyunlar\u0131nda idman\u00e7\u0131lar\u0131m\u0131z\u0131n z\u0259hm\u0259ti, istedad\u0131, pe\u015f\u0259karl\u0131\u011f\u0131 say\u0259sind\u0259 qazand\u0131qlar\u0131 q\u0259l\u0259b\u0259nin b\u00fct\u00fcn xalq\u0131m\u0131za sevinc b\u0259x\u015f etdiyini bildirdi. O da x\u00fcsusi vur\u011fuland\u0131 ki, Olimpiya Oyunlar\u0131nda qazan\u0131lan q\u0259l\u0259b\u0259 idmanda da, m\u0259i\u015f\u0259td\u0259 d\u0259, h\u0259yatda da idman\u00e7\u0131n\u0131n \u00fcz\u0259rin\u0259 b\u00f6y\u00fck m\u0259suliyy\u0259t qoyur. \u0130dman\u00e7\u0131lar\u0131m\u0131z\u0131n yaln\u0131z m\u0259har\u0259tl\u0259ri il\u0259 deyil, h\u0259m d\u0259 yar\u0131\u015f zaman\u0131 layiqli davran\u0131\u015flar\u0131 il\u0259 se\u00e7ildikl\u0259rini vur\u011fulayan \u00f6lk\u0259 Prezidenti qeyd etdi ki, bu, onlar\u0131n y\u00fcks\u0259k m\u0259n\u0259vi keyfiyy\u0259tl\u0259rini b\u00fct\u00fcn d\u00fcnyaya n\u00fcmayi\u015f etdirdi. Prezident \u0130lham \u018fliyev uzun ill\u0259r Olimpiya Oyunlar\u0131nda, d\u00fcnya v\u0259 Avropa \u00e7empionatlar\u0131nda \u00f6lk\u0259mizin ad\u0131n\u0131 ucaldan veteran idman\u00e7\u0131lara minn\u0259tdarl\u0131\u011f\u0131n\u0131 ifad\u0259 etdi.<\/p>\n<p>G\u00f6r\u00fcnd\u00fcy\u00fc kimi, Az\u0259rbaycan\u0131n h\u0259r sah\u0259d\u0259 b\u00f6y\u00fck potensiala malik olmas\u0131 u\u011furlar\u0131n\u0131n davaml\u0131\u011f\u0131n\u0131, q\u0259l\u0259b\u0259l\u0259ri il\u0259 d\u00fcnya birliyind\u0259 rolunu art\u0131r\u0131r. C\u0259nab \u0130lham \u018fliyevin qeyd etdiyi kimi, \u00a0daha \u00e7ox medal qazana bil\u0259rdik, b\u0259li, qazana bil\u0259rdik. Amma bu idmand\u0131r, idmanda q\u0259l\u0259b\u0259 d\u0259 olur, m\u0259\u011flubiyy\u0259t d\u0259 olur. \u018fsas odur bu Oyunlar bir daha g\u00f6st\u0259rdi ki, Az\u0259rbaycanda idman\u0131n inki\u015faf\u0131 ard\u0131c\u0131l sur\u0259td\u0259 gedir.<\/p>\n<p><strong>Yegan\u0259 \u018fliyeva, \u201c\u0130ki sahil\u201d<\/strong><\/p>\n","protected":false},"excerpt":{"rendered":"<p>D\u00f6vl\u0259t ba\u015f\u00e7\u0131s\u0131, Milli Olimpiya Komit\u0259sinin Prezidenti \u0130lham \u018fliyev \u00a0XXXIII Paris Yay Olimpiya Oyunlar\u0131nda medal qazanm\u0131\u015f Az\u0259rbaycan idman\u00e7\u0131lar\u0131n\u0131 v\u0259 onlar\u0131n m\u0259\u015fq\u00e7il\u0259rini q\u0259bul ed\u0259rk\u0259n bu reall\u0131\u011f\u0131 x\u00fcsusi qeyd etdi ki, \u00f6lk\u0259mizd\u0259\u00a0 idman\u0131n inki\u015faf\u0131 ard\u0131c\u0131l sur\u0259td\u0259 gedir Olimpiya Oyunlar\u0131 t\u0259sdiql\u0259di ki\u2026 Az\u0259rbaycan\u0131n h\u0259rt\u0259r\u0259fli inki\u015faf\u0131 d\u00f6vl\u0259t siyas\u0259tinin \u0259sas\u0131n\u0131 t\u0259\u015fkil edir. \u00d6lk\u0259mizd\u0259 el\u0259 bir sah\u0259 yoxdur ki, inki\u015faf m\u0259rh\u0259l\u0259sind\u0259 olmas\u0131n. \u00a0Avqustin 14-d\u0259 d\u00f6vl\u0259t ba\u015f\u00e7\u0131s\u0131, Milli Olimpiya Komit\u0259sinin Prezidenti \u0130lham \u018fliyev\u00a0 XXXIII Paris Yay Olimpiya Oyunlar\u0131nda medal qazanm\u0131\u015f Az\u0259rbaycan idman\u00e7\u0131lar\u0131n\u0131 v\u0259 onlar\u0131n m\u0259\u015fq\u00e7il\u0259rini q\u0259bul ed\u0259rk\u0259n \u00f6lk\u0259mizd\u0259 \u00a0idman\u0131n inki\u015faf\u0131 istiqam\u0259tind\u0259 at\u0131lan add\u0131mlardan v\u0259 u\u011furlu n\u0259tic\u0259l\u0259rd\u0259n b\u0259hs etdi.&hellip;<\/p>\n","protected":false},"author":2,"featured_media":744875,"comment_status":"closed","ping_status":"closed","sticky":false,"template":"","format":"standard","meta":{"om_disable_all_campaigns":false,"_monsterinsights_skip_tracking":false,"_monsterinsights_sitenote_active":false,"_monsterinsights_sitenote_note":"","_monsterinsights_sitenote_category":0},"categories":[19],"tags":[],"aioseo_notices":[],"gutentor_comment":0,"rttpg_featured_image_url":{"full":["https:\/\/arantv.az\/wp-content\/uploads\/2024\/08\/0342c9a7172366049959872543810409647.jpg",975,540,false],"landscape":["https:\/\/arantv.az\/wp-content\/uploads\/2024\/08\/0342c9a7172366049959872543810409647.jpg",975,540,false],"portraits":["https:\/\/arantv.az\/wp-content\/uploads\/2024\/08\/0342c9a7172366049959872543810409647.jpg",975,540,false],"thumbnail":["https:\/\/arantv.az\/wp-content\/uploads\/2024\/08\/0342c9a7172366049959872543810409647-500x280.jpg",500,280,true],"medium":["https:\/\/arantv.az\/wp-content\/uploads\/2024\/08\/0342c9a7172366049959872543810409647-660x365.jpg",660,365,true],"large":["https:\/\/arantv.az\/wp-content\/uploads\/2024\/08\/0342c9a7172366049959872543810409647-840x465.jpg",640,354,true],"1536x1536":["https:\/\/arantv.az\/wp-content\/uploads\/2024\/08\/0342c9a7172366049959872543810409647.jpg",975,540,false],"2048x2048":["https:\/\/arantv.az\/wp-content\/uploads\/2024\/08\/0342c9a7172366049959872543810409647.jpg",975,540,false],"post-thumbnail":["https:\/\/arantv.az\/wp-content\/uploads\/2024\/08\/0342c9a7172366049959872543810409647-240x172.jpg",240,172,true],"advps-thumb-one":["https:\/\/arantv.az\/wp-content\/uploads\/2024\/08\/0342c9a7172366049959872543810409647.jpg",975,540,false]},"rttpg_author":{"display_name":"V\u00fcsal Rafiqo\u011flu","author_link":"https:\/\/arantv.az\/?author=2"},"rttpg_comment":0,"rttpg_category":"<a href=\"https:\/\/arantv.az\/?cat=19\" rel=\"category\">G\u00fcnd\u0259m<\/a>","rttpg_excerpt":"D\u00f6vl\u0259t ba\u015f\u00e7\u0131s\u0131, Milli Olimpiya Komit\u0259sinin Prezidenti \u0130lham \u018fliyev \u00a0XXXIII Paris Yay Olimpiya Oyunlar\u0131nda medal qazanm\u0131\u015f Az\u0259rbaycan idman\u00e7\u0131lar\u0131n\u0131 v\u0259 onlar\u0131n m\u0259\u015fq\u00e7il\u0259rini q\u0259bul ed\u0259rk\u0259n bu reall\u0131\u011f\u0131 x\u00fcsusi qeyd etdi ki, \u00f6lk\u0259mizd\u0259\u00a0 idman\u0131n inki\u015faf\u0131 ard\u0131c\u0131l sur\u0259td\u0259 gedir Olimpiya Oyunlar\u0131 t\u0259sdiql\u0259di ki\u2026 Az\u0259rbaycan\u0131n h\u0259rt\u0259r\u0259fli inki\u015faf\u0131 d\u00f6vl\u0259t siyas\u0259tinin \u0259sas\u0131n\u0131 t\u0259\u015fkil edir. \u00d6lk\u0259mizd\u0259 el\u0259 bir sah\u0259 yoxdur ki, inki\u015faf m\u0259rh\u0259l\u0259sind\u0259 olmas\u0131n.&hellip;","_links":{"self":[{"href":"https:\/\/arantv.az\/index.php?rest_route=\/wp\/v2\/posts\/744874"}],"collection":[{"href":"https:\/\/arantv.az\/index.php?rest_route=\/wp\/v2\/posts"}],"about":[{"href":"https:\/\/arantv.az\/index.php?rest_route=\/wp\/v2\/types\/post"}],"author":[{"embeddable":true,"href":"https:\/\/arantv.az\/index.php?rest_route=\/wp\/v2\/users\/2"}],"replies":[{"embeddable":true,"href":"https:\/\/arantv.az\/index.php?rest_route=%2Fwp%2Fv2%2Fcomments&post=744874"}],"version-history":[{"count":1,"href":"https:\/\/arantv.az\/index.php?rest_route=\/wp\/v2\/posts\/744874\/revisions"}],"predecessor-version":[{"id":744876,"href":"https:\/\/arantv.az\/index.php?rest_route=\/wp\/v2\/posts\/744874\/revisions\/744876"}],"wp:featuredmedia":[{"embeddable":true,"href":"https:\/\/arantv.az\/index.php?rest_route=\/wp\/v2\/media\/744875"}],"wp:attachment":[{"href":"https:\/\/arantv.az\/index.php?rest_route=%2Fwp%2Fv2%2Fmedia&parent=744874"}],"wp:term":[{"taxonomy":"category","embeddable":true,"href":"https:\/\/arantv.az\/index.php?rest_route=%2Fwp%2Fv2%2Fcategories&post=744874"},{"taxonomy":"post_tag","embeddable":true,"href":"https:\/\/arantv.az\/index.php?rest_route=%2Fwp%2Fv2%2Ftags&post=744874"}],"curies":[{"name":"wp","href":"https:\/\/api.w.org\/{rel}","templated":true}]}}